{"id":38103,"date":"2023-12-18T17:57:19","date_gmt":"2023-12-18T20:57:19","guid":{"rendered":"https:\/\/radiorevelacionfm.cl\/?p=38103"},"modified":"2023-12-18T17:57:19","modified_gmt":"2023-12-18T20:57:19","slug":"instituto-de-seguridad-laboral-isl-realizo-primera-jornada-de-seguridad-y-salud-en-el-trabajo-dirigida-a-servicios-publicos","status":"publish","type":"post","link":"https:\/\/radiorevelacionfm.cl\/?p=38103","title":{"rendered":"Instituto de Seguridad Laboral, ISL, realiz\u00f3 Primera Jornada de Seguridad y Salud en el Trabajo dirigida a Servicios P\u00fablicos"},"content":{"rendered":"<div class=\"flex_column av_one_full  flex_column_div av-zero-column-padding first  avia-builder-el-0  el_before_av_one_full  avia-builder-el-first  \" style='border-radius:0px; '><div  class='avia-image-container  av-styling-    avia-builder-el-1  avia-builder-el-no-sibling  avia-align-center '  itemprop=\"image\" itemscope=\"itemscope\" itemtype=\"https:\/\/schema.org\/ImageObject\"  ><div class='avia-image-container-inner'><div class='avia-image-overlay-wrap'><img decoding=\"async\" class='wp-image-38104 avia-img-lazy-loading-not-38104 avia_image' src=\"https:\/\/radiorevelacionfm.cl\/wp-content\/uploads\/2023\/12\/sin-titulo_optimized.jpg\" alt='' title='sin-t\u00edtulo_optimized' height=\"600\" width=\"1066\"  itemprop=\"thumbnailUrl\" srcset=\"https:\/\/radiorevelacionfm.cl\/wp-content\/uploads\/2023\/12\/sin-titulo_optimized.jpg 1066w, https:\/\/radiorevelacionfm.cl\/wp-content\/uploads\/2023\/12\/sin-titulo_optimized-300x169.jpg 300w, https:\/\/radiorevelacionfm.cl\/wp-content\/uploads\/2023\/12\/sin-titulo_optimized-1030x580.jpg 1030w, https:\/\/radiorevelacionfm.cl\/wp-content\/uploads\/2023\/12\/sin-titulo_optimized-768x432.jpg 768w, https:\/\/radiorevelacionfm.cl\/wp-content\/uploads\/2023\/12\/sin-titulo_optimized-705x397.jpg 705w, https:\/\/radiorevelacionfm.cl\/wp-content\/uploads\/2023\/12\/sin-titulo_optimized-450x253.jpg 450w, https:\/\/radiorevelacionfm.cl\/wp-content\/uploads\/2023\/12\/sin-titulo_optimized-600x338.jpg 600w\" sizes=\"(max-width: 1066px) 100vw, 1066px\" \/><\/div><\/div><\/div><\/div><div class=\"flex_column av_one_full  flex_column_div av-zero-column-padding first  avia-builder-el-2  el_after_av_one_full  el_before_av_one_full  column-top-margin\" style='border-radius:0px; '><section class=\"av_textblock_section \"  itemscope=\"itemscope\" itemtype=\"https:\/\/schema.org\/BlogPosting\" itemprop=\"blogPost\" ><div class='avia_textblock  '   itemprop=\"text\" ><p style=\"text-align: center;\"><span style=\"font-size: 18pt;\"><strong>Instituto de Seguridad Laboral, ISL, realiz\u00f3 Primera Jornada de Seguridad y Salud en el Trabajo dirigida a Servicios P\u00fablicos<\/strong><\/span><\/p>\n<div id=\"gtx-trans\" style=\"position: absolute; left: -50px; top: 4.31534px;\">\n<div class=\"gtx-trans-icon\"><\/div>\n<\/div>\n<\/div><\/section><\/div><div class=\"flex_column av_one_full  flex_column_div av-zero-column-padding first  avia-builder-el-4  el_after_av_one_full  el_before_av_hr  column-top-margin\" style='border-radius:0px; '><section class=\"av_textblock_section \"  itemscope=\"itemscope\" itemtype=\"https:\/\/schema.org\/BlogPosting\" itemprop=\"blogPost\" ><div class='avia_textblock  '   itemprop=\"text\" ><p style=\"text-align: justify;\"><em>Durante este primer encuentro anual de Servicios P\u00fablicos destacados en Salud y Seguridad Laboral en la Regi\u00f3n, se present\u00f3 un Estudio Evaluaci\u00f3n Ergon\u00f3mica de puestos de Trabajo para Personas con Discapacidad en el Servicio P\u00fablico, conversando tambi\u00e9n sobre los riesgos psicosociales y autocuidado de la salud mental en los lugares de trabajo y la importancia de las pausas saludables, entre otros<\/em><\/p>\n<p style=\"text-align: justify;\">Con la presencia de m\u00e1s de 30 asistentes que representaron a distintos Servicios P\u00fablicos de la Regi\u00f3n de Ays\u00e9n, el pasado jueves en las dependencias del Gobierno Regional de Ays\u00e9n, el Instituto de Seguridad Laboral, ISL, realiz\u00f3 la \u201c1\u00aa Jornada de Salud y Seguridad en el Trabajo 2023, encuentro anual de Servicios P\u00fablicos destacados en Salud y Seguridad Laboral\u201d.<\/p>\n<p style=\"text-align: justify;\">La instancia tuvo por objetivo primordial el relevar la participaci\u00f3n de los organismos estatales en las distintas acciones de asesor\u00eda que el ISL desarrolla como organismo administrador de la Ley de Accidentes del Trabajo y Enfermedades Profesionales, lo que permite al Instituto de Seguridad Laboral realizar un trabajo preventivo en cada una de sus instituciones en directo beneficio de sus trabajadores y trabajadoras.<\/p>\n<p style=\"text-align: justify;\">El Seremi del Trabajo y Previsi\u00f3n Social, Rodrigo D\u00edaz Cordaro, recalc\u00f3 el gran despliegue que est\u00e1 desarrollando el ISL \u201cQuiero destacar que el ISL obtuvo este a\u00f1o el reconocimiento del Premio a la Excelencia Institucional (PAEI), que entrega el Servicio Civil y est\u00e1n realizando una gran labor, ya que cuenta actualmente con un equipo profesional multidisciplinario ya que luego de la pandemia los riesgos psicosociales han aumentado y es un tema que nos preocupa y ocupa como Ministerio de Trabajo y Previsi\u00f3n Social\u201d.<\/p>\n<p style=\"text-align: justify;\">Al respecto, Claudia Vald\u00e9s V\u00e1squez, Directora Regional del Instituto de Seguridad Laboral, destac\u00f3 el encuentro y la activa participaci\u00f3n de los asistentes. \u201cEl d\u00eda de hoy realizamos el primer encuentro anual de Seguridad y Salud en el Trabajo dirigido a los servicios p\u00fablicos que est\u00e1n adheridos como organismo administrador de la Ley contra Accidentes del Trabajo y Enfermedades Profesionales. Estamos muy contentos con la convocatoria, porque contamos con la participaci\u00f3n de distintos directores de servicios p\u00fablicos, comit\u00e9s paritarios, funcionarios y funcionarias, y trabajadores a honorarios. Este espacio busca reforzar lo que venimos trabajando en materia de seguridad y prevenci\u00f3n, sobre todo el tema del autocuidado en los espacios laborales, ya que estamos finalizando un Programa Anual de Pausas Laborales Saludables lo que es una de nuestras prioridades como ISL, el prevenir las enfermedades profesionales, que incluye aquellas vinculadas a salud mental, reforzando algunos contenidos en materia de Seguridad y Salud en el Trabajo\u201d, se\u00f1al\u00f3 la autoridad.<\/p>\n<p style=\"text-align: justify;\">En la ocasi\u00f3n, Alfredo Mansilla, representante de Higiene y Seguridad del Museo Regional de Ays\u00e9n, valor\u00f3 la actividad enfocada en trabajadores y trabajadoras del sector p\u00fablico, y la labor que se ha desarrollado con el ISL. \u201cMe parece muy bueno, porque nos conocemos como servicios p\u00fablicos y adem\u00e1s estamos trabajando bien con el ISL y se agradece, porque nos dan informaci\u00f3n y nos retroalimentamos de cada situaci\u00f3n de los servicios. El trabajo con el ISL ha estado bien, estoy bastante agradecido, y la verdad desde que estamos con el ISL, no hemos tenido inconvenientes, nos han orientado, nos han visitado y hemos sacado todo siempre adelante\u201d, enfatiz\u00f3.<\/p>\n<p style=\"text-align: justify;\">Durante la actividad, Lilian Mart\u00ednez Ulloa, erg\u00f3noma del ISL, realiz\u00f3 una presentaci\u00f3n del Estudio de Evaluaci\u00f3n Ergon\u00f3mica de puestos de Trabajo para Personas con Discapacidad en el Servicio P\u00fablico realizado en conjunto con la Universidad de Concepci\u00f3n. Al respecto, la experta detall\u00f3 que, \u201cse hicieron evaluaciones de puestos de trabajo a personas con discapacidad, porque pensamos que dentro de la poblaci\u00f3n podr\u00edamos tener alg\u00fan hallazgo que sea importante considerar dentro de las pr\u00f3ximas evaluaciones. Lo importante es darle la prioridad a ciertos segmentos de personas que nunca vamos a identificar sin preguntarles, es decir, sin aplicar la ergonom\u00eda participativa, nunca vamos a poder identificar riesgos que son imperceptibles a la ley\u201d, explic\u00f3.<\/p>\n<p style=\"text-align: justify;\">A su vez, Lilian Mart\u00ednez Ulloa, como experta erg\u00f3noma, realiz\u00f3 estudios de puestos de trabajo en algunos servicios de Coyhaique. Al respecto, Ver\u00f3nica Gallardo, Trabajadora Social del Instituto de Previsi\u00f3n Social (IPS), valor\u00f3 la instancia desarrollada por la erg\u00f3noma.<\/p>\n<p style=\"text-align: justify;\">\u201cEl estudio de puesto de trabajo fue muy bien recepcionado por mi parte y por la de mis colegas, encontramos que vamos a mejorar nuestra calidad en el trabajo, vemos con muy buenos ojos, sobre todo al proyecto del Trabajo Decente\u201d, expres\u00f3 la presidenta de la asociaci\u00f3n de funcionarios.<\/p>\n<p style=\"text-align: justify;\">Por su parte, Joctan Lira, funcionario de la COMPIN, tambi\u00e9n destac\u00f3 la oportunidad enfocada en el reconocimiento hacia los servicios p\u00fablicos y valor\u00f3 las pausas saludables que realiza permanentemente el ISL en su lugar de trabajo. \u201cFue una actividad muy entretenida, muy bonita y novedosa. Nosotros estamos haciendo pausas saludables hace rato, pero esto me suma como una actividad nueva, me llam\u00f3 la atenci\u00f3n la integraci\u00f3n y tambi\u00e9n el monitoreo, para mi gusto fue una muy buena actividad, muy bonita y muy atingente. Tengo una buena referencia de las pausas, yo participo, me adapto obviamente a quienes dirigen a las instrucciones para participar de lleno y para tratar de liberar un poquito el estr\u00e9s que uno pueda tener acumulado hasta ese momento. Encuentro que son necesarias y ayudan a hacer m\u00e1s llevaderas las tareas laborales\u201d, se\u00f1al\u00f3.<\/p>\n<p style=\"text-align: justify;\">Finalmente, cabe se\u00f1alar que el ISL desarrolla el Programa de Servicios P\u00fablicos que est\u00e1 compuesto por acciones permanentes en prevenci\u00f3n de Riesgos Laborales en materias de seguridad y salud en el Trabajo, incluyendo a las y los trabajadores a Honorarios, adem\u00e1s de trabajadores y trabajadoras independientes. Uno de los Programas Preventivos que el ISL ha desarrollado son las Pausas Laborales Saludables con actividades Innovadoras que proporcionan un quiebre en la jornada laboral, con ejercicios f\u00edsicos b\u00e1sicos, actividades did\u00e1cticas, etc. todas ellas con \u00e9nfasis en la mitigaci\u00f3n de los riesgos psicosociales y trastornos m\u00fasculo esquel\u00e9ticos.<\/p>\n<\/div><\/section><\/div><div  style='height:50px' class='hr hr-invisible   avia-builder-el-6  el_after_av_one_full  el_before_av_social_share '><span class='hr-inner ' ><span class='hr-inner-style'><\/span><\/span><\/div><\/p>\n<div  class='av-social-sharing-box  avia-builder-el-7  el_after_av_hr  el_before_av_hr  '><div class='av-share-box'><h5 class='av-share-link-description av-no-toc '>Compartir esta noticia<\/h5><ul class='av-share-box-list noLightbox'><li class='av-share-link av-social-link-facebook' ><a target=\"_blank\" aria-label=\"Compartir en Facebook\" href='https:\/\/www.facebook.com\/sharer.php?u=https:\/\/radiorevelacionfm.cl\/?p=38103&#038;t=Instituto%20de%20Seguridad%20Laboral%2C%20ISL%2C%20realiz%C3%B3%20Primera%20Jornada%20de%20Seguridad%20y%20Salud%20en%20el%20Trabajo%20dirigida%20a%20Servicios%20P%C3%BAblicos' aria-hidden='false' data-av_icon='\ue8f3' data-av_iconfont='entypo-fontello' title='' data-avia-related-tooltip='Compartir en Facebook' rel=\"noopener\"><span class='avia_hidden_link_text'>Compartir en Facebook<\/span><\/a><\/li><li class='av-share-link av-social-link-twitter' ><a target=\"_blank\" aria-label=\"Compartir en Twitter\" href='https:\/\/twitter.com\/share?text=Instituto%20de%20Seguridad%20Laboral%2C%20ISL%2C%20realiz%C3%B3%20Primera%20Jornada%20de%20Seguridad%20y%20Salud%20en%20el%20Trabajo%20dirigida%20a%20Servicios%20P%C3%BAblicos&#038;url=https:\/\/radiorevelacionfm.cl\/?p=38103' aria-hidden='false' data-av_icon='\ue8f1' data-av_iconfont='entypo-fontello' title='' data-avia-related-tooltip='Compartir en Twitter' rel=\"noopener\"><span class='avia_hidden_link_text'>Compartir en Twitter<\/span><\/a><\/li><li class='av-share-link av-social-link-whatsapp' ><a target=\"_blank\" aria-label=\"Compartir en Whatsapp\" href='https:\/\/api.whatsapp.com\/send?text=https:\/\/radiorevelacionfm.cl\/?p=38103' aria-hidden='false' data-av_icon='\uf232' data-av_iconfont='entypo-fontello' title='' data-avia-related-tooltip='Compartir en Whatsapp' rel=\"noopener\"><span class='avia_hidden_link_text'>Compartir en Whatsapp<\/span><\/a><\/li><li class='av-share-link av-social-link-linkedin' ><a target=\"_blank\" aria-label=\"Compartir en LinkedIn\" href='https:\/\/linkedin.com\/shareArticle?mini=true&#038;title=Instituto%20de%20Seguridad%20Laboral%2C%20ISL%2C%20realiz%C3%B3%20Primera%20Jornada%20de%20Seguridad%20y%20Salud%20en%20el%20Trabajo%20dirigida%20a%20Servicios%20P%C3%BAblicos&#038;url=https:\/\/radiorevelacionfm.cl\/?p=38103' aria-hidden='false' data-av_icon='\ue8fc' data-av_iconfont='entypo-fontello' title='' data-avia-related-tooltip='Compartir en LinkedIn' rel=\"noopener\"><span class='avia_hidden_link_text'>Compartir en LinkedIn<\/span><\/a><\/li><li class='av-share-link av-social-link-mail' ><a  aria-label=\"Compartir por correo\" href='mailto:?subject=Instituto%20de%20Seguridad%20Laboral%2C%20ISL%2C%20realiz%C3%B3%20Primera%20Jornada%20de%20Seguridad%20y%20Salud%20en%20el%20Trabajo%20dirigida%20a%20Servicios%20P%C3%BAblicos&#038;body=https:\/\/radiorevelacionfm.cl\/?p=38103' aria-hidden='false' data-av_icon='\ue805' data-av_iconfont='entypo-fontello' title='' data-avia-related-tooltip='Compartir por correo'><span class='avia_hidden_link_text'>Compartir por correo<\/span><\/a><\/li><\/ul><\/div><\/div>\n<div  style='height:50px' class='hr hr-invisible   avia-builder-el-8  el_after_av_social_share  el_before_av_comments_list '><span class='hr-inner ' ><span class='hr-inner-style'><\/span><\/span><\/div>\n<div  class='av-buildercomment  av-blog-meta-html-info-disabled av-blog-meta-tag-disabled  '><\/div>\n","protected":false},"excerpt":{"rendered":"","protected":false},"author":1,"featured_media":38104,"comment_status":"open","ping_status":"open","sticky":false,"template":"","format":"standard","meta":{"footnotes":""},"categories":[38],"tags":[],"class_list":["post-38103","post","type-post","status-publish","format-standard","has-post-thumbnail","hentry","category-regional"],"jetpack_featured_media_url":"https:\/\/radiorevelacionfm.cl\/wp-content\/uploads\/2023\/12\/sin-titulo_optimized.jpg","_links":{"self":[{"href":"https:\/\/radiorevelacionfm.cl\/index.php?rest_route=\/wp\/v2\/posts\/38103","targetHints":{"allow":["GET"]}}],"collection":[{"href":"https:\/\/radiorevelacionfm.cl\/index.php?rest_route=\/wp\/v2\/posts"}],"about":[{"href":"https:\/\/radiorevelacionfm.cl\/index.php?rest_route=\/wp\/v2\/types\/post"}],"author":[{"embeddable":true,"href":"https:\/\/radiorevelacionfm.cl\/index.php?rest_route=\/wp\/v2\/users\/1"}],"replies":[{"embeddable":true,"href":"https:\/\/radiorevelacionfm.cl\/index.php?rest_route=%2Fwp%2Fv2%2Fcomments&post=38103"}],"version-history":[{"count":2,"href":"https:\/\/radiorevelacionfm.cl\/index.php?rest_route=\/wp\/v2\/posts\/38103\/revisions"}],"predecessor-version":[{"id":38112,"href":"https:\/\/radiorevelacionfm.cl\/index.php?rest_route=\/wp\/v2\/posts\/38103\/revisions\/38112"}],"wp:featuredmedia":[{"embeddable":true,"href":"https:\/\/radiorevelacionfm.cl\/index.php?rest_route=\/wp\/v2\/media\/38104"}],"wp:attachment":[{"href":"https:\/\/radiorevelacionfm.cl\/index.php?rest_route=%2Fwp%2Fv2%2Fmedia&parent=38103"}],"wp:term":[{"taxonomy":"category","embeddable":true,"href":"https:\/\/radiorevelacionfm.cl\/index.php?rest_route=%2Fwp%2Fv2%2Fcategories&post=38103"},{"taxonomy":"post_tag","embeddable":true,"href":"https:\/\/radiorevelacionfm.cl\/index.php?rest_route=%2Fwp%2Fv2%2Ftags&post=38103"}],"curies":[{"name":"wp","href":"https:\/\/api.w.org\/{rel}","templated":true}]}}