{"id":38100,"date":"2023-12-18T18:01:41","date_gmt":"2023-12-18T21:01:41","guid":{"rendered":"https:\/\/radiorevelacionfm.cl\/?p=38100"},"modified":"2023-12-18T18:01:41","modified_gmt":"2023-12-18T21:01:41","slug":"emprendedores-de-aysen-fueron-parte-de-la-primera-generacion-egresada-del-programa-latitudes","status":"publish","type":"post","link":"https:\/\/radiorevelacionfm.cl\/?p=38100","title":{"rendered":"Emprendedores de Ays\u00e9n fueron parte de la primera generaci\u00f3n egresada del Programa Latitudes"},"content":{"rendered":"<div class=\"flex_column av_one_full  flex_column_div av-zero-column-padding first  avia-builder-el-0  el_before_av_one_full  avia-builder-el-first  \" style='border-radius:0px; '><div  class='avia-image-container  av-styling-    avia-builder-el-1  avia-builder-el-no-sibling  avia-align-center '  itemprop=\"image\" itemscope=\"itemscope\" itemtype=\"https:\/\/schema.org\/ImageObject\"  ><div class='avia-image-container-inner'><div class='avia-image-overlay-wrap'><img decoding=\"async\" class='wp-image-38101 avia-img-lazy-loading-not-38101 avia_image' src=\"https:\/\/radiorevelacionfm.cl\/wp-content\/uploads\/2023\/12\/01-latitudes-1_optimized.jpg\" alt='' title='01-latitudes-(1)_optimized' height=\"600\" width=\"1066\"  itemprop=\"thumbnailUrl\" srcset=\"https:\/\/radiorevelacionfm.cl\/wp-content\/uploads\/2023\/12\/01-latitudes-1_optimized.jpg 1066w, https:\/\/radiorevelacionfm.cl\/wp-content\/uploads\/2023\/12\/01-latitudes-1_optimized-300x169.jpg 300w, https:\/\/radiorevelacionfm.cl\/wp-content\/uploads\/2023\/12\/01-latitudes-1_optimized-1030x580.jpg 1030w, https:\/\/radiorevelacionfm.cl\/wp-content\/uploads\/2023\/12\/01-latitudes-1_optimized-768x432.jpg 768w, https:\/\/radiorevelacionfm.cl\/wp-content\/uploads\/2023\/12\/01-latitudes-1_optimized-705x397.jpg 705w, https:\/\/radiorevelacionfm.cl\/wp-content\/uploads\/2023\/12\/01-latitudes-1_optimized-450x253.jpg 450w, https:\/\/radiorevelacionfm.cl\/wp-content\/uploads\/2023\/12\/01-latitudes-1_optimized-600x338.jpg 600w\" sizes=\"(max-width: 1066px) 100vw, 1066px\" \/><\/div><\/div><\/div><\/div>\n<div class=\"flex_column av_one_full  flex_column_div av-zero-column-padding first  avia-builder-el-2  el_after_av_one_full  el_before_av_one_full  column-top-margin\" style='border-radius:0px; '><section class=\"av_textblock_section \"  itemscope=\"itemscope\" itemtype=\"https:\/\/schema.org\/BlogPosting\" itemprop=\"blogPost\" ><div class='avia_textblock  '   itemprop=\"text\" ><h2 class=\"title\" style=\"text-align: center;\"><span style=\"font-size: 18pt;\"><b>Emprendedores de Ays\u00e9n fueron parte de la primera generaci\u00f3n egresada del Programa Latitudes<\/b><\/span><\/h2>\n<div id=\"gtx-trans\" style=\"position: absolute; left: -50px; top: 4.31534px;\">\n<div class=\"gtx-trans-icon\"><\/div>\n<\/div>\n<\/div><\/section><\/div><div class=\"flex_column av_one_full  flex_column_div av-zero-column-padding first  avia-builder-el-4  el_after_av_one_full  el_before_av_hr  column-top-margin\" style='border-radius:0px; '><section class=\"av_textblock_section \"  itemscope=\"itemscope\" itemtype=\"https:\/\/schema.org\/BlogPosting\" itemprop=\"blogPost\" ><div class='avia_textblock  '   itemprop=\"text\" ><p style=\"text-align: justify;\"><em>Este programa, apoyado por Corfo y ejecutado por IncubatecUFRO, realiz\u00f3 su jornada de egreso y cierre del programa de incubaci\u00f3n Latitudes, la cual se desarroll\u00f3 entre julio y diciembre de 2023.<\/em><\/p>\n<p style=\"text-align: justify;\">Como una manera de reconocer el esfuerzo, trabajo e incorporaci\u00f3n de nuevos emprendedores al ecosistema de emprendimiento e innovaci\u00f3n de la Regi\u00f3n de Ays\u00e9n, ocho beneficiarios de todo el territorio fueron reconocidos en una solemne ceremonia encabezada por Corfo, en la cual se entregaron constancias de participaci\u00f3n.<\/p>\n<p style=\"text-align: justify;\">La ceremonia \u2013realizada en el sal\u00f3n \u201cHilda Olivares Barraza\u201d de Corfo Ays\u00e9n-, congreg\u00f3 a emprendedores de diversos sectores productivos, principalmente de los rubros salud, turismo, alimentos y bebidas, vestuario, cosmetolog\u00eda y econom\u00eda circular, entre otros.<\/p>\n<p style=\"text-align: justify;\">De esta forma, este programa apoyado por Corfo y ejecutado por IncubatecUFRO, contribuy\u00f3 a que emprendedores que presentan un grado de diferenciaci\u00f3n en etapas iniciales al ofrecer soluciones para Ays\u00e9n y el pa\u00eds, participaran del Programa de incubaci\u00f3n \u201cLatitudes: Acompa\u00f1amos tu Camino\u201d.<\/p>\n<p style=\"text-align: justify;\">Al respecto, el director de Corfo Ays\u00e9n, Humberto Mar\u00edn Leiva, detall\u00f3 el respaldo de la corporaci\u00f3n al Programa Latitudes, enfoc\u00e1ndose en impulsar la gestaci\u00f3n de propuestas innovadoras e incubar emprendimientos iniciales en Magallanes y Ays\u00e9n. \u201cAl proporcionar servicios especializados y establecer conexiones empresariales, Corfo no solo busca propiciar el inicio y desarrollo de estos proyectos, sino tambi\u00e9n validarlos y favorecer su crecimiento comercial. Con beneficios como acompa\u00f1amiento t\u00e9cnico individualizado, participaci\u00f3n en la Academia IncubatecUFRO, acceso a consejo emprendedor, ventajas preferenciales con proveedores y participaci\u00f3n en eventos de networking, el programa Latitudes promueve un desarrollo integral, consolid\u00e1ndose como un socio estrat\u00e9gico tanto para Corfo como para aquellos que buscan emprender en Ays\u00e9n\u201d.<\/p>\n<p style=\"text-align: justify;\">El Programa Latitudes tuvo por objetivo fomentar la gestaci\u00f3n y estructuraci\u00f3n de propuestas de valor innovadoras e incubaci\u00f3n de emprendimientos en etapas iniciales, poniendo a disposici\u00f3n servicios especializados y redes empresariales que propicien su puesta en marcha, desarrollo y crecimiento hasta una fase de validaci\u00f3n y crecimiento comercial; facilitando acceso a financiamiento y vinculaci\u00f3n con actores relevantes en industrias estrat\u00e9gicas para el desarrollo regional.<\/p>\n<p style=\"text-align: justify;\">\u201cEl mes de junio realizamos un proceso de convocatoria para emprendedores con iniciativas en etapas iniciales o en prototipo para cualquier rubro, pero enfocados en la innovaci\u00f3n y en la tecnolog\u00eda y hoy (ayer) culminamos esta academia formativa con ocho emprendedores seleccionados, con este proceso de incubaci\u00f3n ac\u00e1 en la Regi\u00f3n de Ays\u00e9n\u201d, dijo el representante zonal Ays\u00e9n de IncubatecUFRO, Pedro Araneda.<\/p>\n<p style=\"text-align: justify;\">\u201cAc\u00e1 \u2013agreg\u00f3 el profesional- estamos trabajando con emprendedores que tienen diversas soluciones, varias de ellas relacionadas a la sostenibilidad, pilares fundamentales para llevar al desarrollo del emprendimiento a nivel regional\u201d.<\/p>\n<p style=\"text-align: justify;\"><strong>INCUBACI\u00d3N, VINCULACI\u00d3N Y SEGUIMIENTO<\/strong><\/p>\n<p style=\"text-align: justify;\">El proceso de incubaci\u00f3n en el programa \u201cLatitudes: Acompa\u00f1amos tu camino\u201d permiti\u00f3 a emprendedores asesorarse con profesionales de manera personalizada para identificar problem\u00e1ticas y as\u00ed potenciar las ideas de negocios. Asimismo, obtuvieron instancias formativas a trav\u00e9s de Academia IncubatecUFRO, la cual consider\u00f3 ciclos formativos en diversos temas para los emprendedores en etapas iniciales, adem\u00e1s de un completo acompa\u00f1amiento t\u00e9cnico para generar procesos de vinculaci\u00f3n entre pares e industrias y tras ello, continuar en un seguimiento que permanecer\u00e1 en el tiempo para la b\u00fasqueda de nuevos programas y l\u00edneas de financiamiento del sector p\u00fablico y privado.<\/p>\n<p style=\"text-align: justify;\"><strong>INCUBATECUFRO EN AYS\u00c9N<\/strong><\/p>\n<p style=\"text-align: justify;\">En la actividad tambi\u00e9n se dio a conocer el rol que ofrece la Potenciadora de Negocios de la Universidad de La Frontera en Ays\u00e9n; instancia donde se dio a conocer c\u00f3mo se realiz\u00f3 este Programa de incubaci\u00f3n en apoyo al emprendimiento local durante los 6 meses de trabajo, ejecutado entre julio y diciembre de 2023.<\/p>\n<p style=\"text-align: justify;\">IncubatecUFRO mantiene operaciones en diferentes regiones del pa\u00eds y ejecuta programas en distintos pa\u00edses de Latinoam\u00e9rica. En Chile, la Potenciadora de Negocios de la UFRO, cuenta con su casa central en La Araucan\u00eda y oficinas con representantes zonales en Los Lagos, Ays\u00e9n y Magallanes. En O\u2019Higgins y la isla de Chilo\u00e9 cuenta con profesionales para estos territorios y mantiene una fuerte presencia en las regiones Metropolitana y los R\u00edos.<\/p>\n<p style=\"text-align: justify;\">Las oficinas de IncubatecUFRO en Ays\u00e9n est\u00e1n ubicadas en calle Ignacio Serrano N\u00b0 420, en Casa Sinergia. Para obtener detalles, as\u00ed como para conocer m\u00e1s sobre IncubatecUFRO, sus operaciones y servicios, ingrese al sitio web:\u00a0<a href=\"https:\/\/incubatecufro.cl\/\" data-saferedirecturl=\"https:\/\/www.google.com\/url?q=https:\/\/incubatecufro.cl\/&amp;source=gmail&amp;ust=1703016042276000&amp;usg=AOvVaw34fanh9W7QQPWyI4W8VVEF\">https:\/\/incubatecufro.cl\/<\/a><\/p>\n<\/div><\/section><\/div><div  style='height:50px' class='hr hr-invisible   avia-builder-el-6  el_after_av_one_full  el_before_av_social_share '><span class='hr-inner ' ><span class='hr-inner-style'><\/span><\/span><\/div><\/p>\n<div  class='av-social-sharing-box  avia-builder-el-7  el_after_av_hr  el_before_av_hr  '><div class='av-share-box'><h5 class='av-share-link-description av-no-toc '>Compartir esta noticia<\/h5><ul class='av-share-box-list noLightbox'><li class='av-share-link av-social-link-facebook' ><a target=\"_blank\" aria-label=\"Compartir en Facebook\" href='https:\/\/www.facebook.com\/sharer.php?u=https:\/\/radiorevelacionfm.cl\/?p=38100&#038;t=Emprendedores%20de%20Ays%C3%A9n%20fueron%20parte%20de%20la%20primera%20generaci%C3%B3n%20egresada%20del%20Programa%20Latitudes' aria-hidden='false' data-av_icon='\ue8f3' data-av_iconfont='entypo-fontello' title='' data-avia-related-tooltip='Compartir en Facebook' rel=\"noopener\"><span class='avia_hidden_link_text'>Compartir en Facebook<\/span><\/a><\/li><li class='av-share-link av-social-link-twitter' ><a target=\"_blank\" aria-label=\"Compartir en Twitter\" href='https:\/\/twitter.com\/share?text=Emprendedores%20de%20Ays%C3%A9n%20fueron%20parte%20de%20la%20primera%20generaci%C3%B3n%20egresada%20del%20Programa%20Latitudes&#038;url=https:\/\/radiorevelacionfm.cl\/?p=38100' aria-hidden='false' data-av_icon='\ue8f1' data-av_iconfont='entypo-fontello' title='' data-avia-related-tooltip='Compartir en Twitter' rel=\"noopener\"><span class='avia_hidden_link_text'>Compartir en Twitter<\/span><\/a><\/li><li class='av-share-link av-social-link-whatsapp' ><a target=\"_blank\" aria-label=\"Compartir en Whatsapp\" href='https:\/\/api.whatsapp.com\/send?text=https:\/\/radiorevelacionfm.cl\/?p=38100' aria-hidden='false' data-av_icon='\uf232' data-av_iconfont='entypo-fontello' title='' data-avia-related-tooltip='Compartir en Whatsapp' rel=\"noopener\"><span class='avia_hidden_link_text'>Compartir en Whatsapp<\/span><\/a><\/li><li class='av-share-link av-social-link-linkedin' ><a target=\"_blank\" aria-label=\"Compartir en LinkedIn\" href='https:\/\/linkedin.com\/shareArticle?mini=true&#038;title=Emprendedores%20de%20Ays%C3%A9n%20fueron%20parte%20de%20la%20primera%20generaci%C3%B3n%20egresada%20del%20Programa%20Latitudes&#038;url=https:\/\/radiorevelacionfm.cl\/?p=38100' aria-hidden='false' data-av_icon='\ue8fc' data-av_iconfont='entypo-fontello' title='' data-avia-related-tooltip='Compartir en LinkedIn' rel=\"noopener\"><span class='avia_hidden_link_text'>Compartir en LinkedIn<\/span><\/a><\/li><li class='av-share-link av-social-link-mail' ><a  aria-label=\"Compartir por correo\" href='mailto:?subject=Emprendedores%20de%20Ays%C3%A9n%20fueron%20parte%20de%20la%20primera%20generaci%C3%B3n%20egresada%20del%20Programa%20Latitudes&#038;body=https:\/\/radiorevelacionfm.cl\/?p=38100' aria-hidden='false' data-av_icon='\ue805' data-av_iconfont='entypo-fontello' title='' data-avia-related-tooltip='Compartir por correo'><span class='avia_hidden_link_text'>Compartir por correo<\/span><\/a><\/li><\/ul><\/div><\/div>\n<div  style='height:50px' class='hr hr-invisible   avia-builder-el-8  el_after_av_social_share  el_before_av_comments_list '><span class='hr-inner ' ><span class='hr-inner-style'><\/span><\/span><\/div>\n<div  class='av-buildercomment  av-blog-meta-html-info-disabled av-blog-meta-tag-disabled  '><\/div>\n","protected":false},"excerpt":{"rendered":"","protected":false},"author":1,"featured_media":38101,"comment_status":"open","ping_status":"open","sticky":false,"template":"","format":"standard","meta":{"footnotes":""},"categories":[37],"tags":[],"class_list":["post-38100","post","type-post","status-publish","format-standard","has-post-thumbnail","hentry","category-economia"],"jetpack_featured_media_url":"https:\/\/radiorevelacionfm.cl\/wp-content\/uploads\/2023\/12\/01-latitudes-1_optimized.jpg","_links":{"self":[{"href":"https:\/\/radiorevelacionfm.cl\/index.php?rest_route=\/wp\/v2\/posts\/38100","targetHints":{"allow":["GET"]}}],"collection":[{"href":"https:\/\/radiorevelacionfm.cl\/index.php?rest_route=\/wp\/v2\/posts"}],"about":[{"href":"https:\/\/radiorevelacionfm.cl\/index.php?rest_route=\/wp\/v2\/types\/post"}],"author":[{"embeddable":true,"href":"https:\/\/radiorevelacionfm.cl\/index.php?rest_route=\/wp\/v2\/users\/1"}],"replies":[{"embeddable":true,"href":"https:\/\/radiorevelacionfm.cl\/index.php?rest_route=%2Fwp%2Fv2%2Fcomments&post=38100"}],"version-history":[{"count":2,"href":"https:\/\/radiorevelacionfm.cl\/index.php?rest_route=\/wp\/v2\/posts\/38100\/revisions"}],"predecessor-version":[{"id":38109,"href":"https:\/\/radiorevelacionfm.cl\/index.php?rest_route=\/wp\/v2\/posts\/38100\/revisions\/38109"}],"wp:featuredmedia":[{"embeddable":true,"href":"https:\/\/radiorevelacionfm.cl\/index.php?rest_route=\/wp\/v2\/media\/38101"}],"wp:attachment":[{"href":"https:\/\/radiorevelacionfm.cl\/index.php?rest_route=%2Fwp%2Fv2%2Fmedia&parent=38100"}],"wp:term":[{"taxonomy":"category","embeddable":true,"href":"https:\/\/radiorevelacionfm.cl\/index.php?rest_route=%2Fwp%2Fv2%2Fcategories&post=38100"},{"taxonomy":"post_tag","embeddable":true,"href":"https:\/\/radiorevelacionfm.cl\/index.php?rest_route=%2Fwp%2Fv2%2Ftags&post=38100"}],"curies":[{"name":"wp","href":"https:\/\/api.w.org\/{rel}","templated":true}]}}