{"id":38094,"date":"2023-12-18T14:43:56","date_gmt":"2023-12-18T17:43:56","guid":{"rendered":"https:\/\/radiorevelacionfm.cl\/?p=38094"},"modified":"2023-12-18T14:43:56","modified_gmt":"2023-12-18T17:43:56","slug":"mujeres-con-energia-de-edelaysen-culmina-el-ano-premiando-a-las-ganadoras-de-la-quinta-academia","status":"publish","type":"post","link":"https:\/\/radiorevelacionfm.cl\/?p=38094","title":{"rendered":"\u201cMujeres con Energ\u00eda\u201d de Edelaysen culmina el a\u00f1o premiando a las ganadoras de la quinta academia"},"content":{"rendered":"<div class=\"flex_column av_one_full  flex_column_div av-zero-column-padding first  avia-builder-el-0  el_before_av_one_full  avia-builder-el-first  \" style='border-radius:0px; '><div  class='avia-image-container  av-styling-    avia-builder-el-1  avia-builder-el-no-sibling  avia-align-center '  itemprop=\"image\" itemscope=\"itemscope\" itemtype=\"https:\/\/schema.org\/ImageObject\"  ><div class='avia-image-container-inner'><div class='avia-image-overlay-wrap'><img decoding=\"async\" class='wp-image-38095 avia-img-lazy-loading-not-38095 avia_image' src=\"https:\/\/radiorevelacionfm.cl\/wp-content\/uploads\/2023\/12\/QUINTA-ACADEMIA-MCE0-1-1.jpeg\" alt='' title='QUINTA ACADEMIA MCE0 (1) (1)' height=\"600\" width=\"800\"  itemprop=\"thumbnailUrl\" srcset=\"https:\/\/radiorevelacionfm.cl\/wp-content\/uploads\/2023\/12\/QUINTA-ACADEMIA-MCE0-1-1.jpeg 800w, https:\/\/radiorevelacionfm.cl\/wp-content\/uploads\/2023\/12\/QUINTA-ACADEMIA-MCE0-1-1-300x225.jpeg 300w, https:\/\/radiorevelacionfm.cl\/wp-content\/uploads\/2023\/12\/QUINTA-ACADEMIA-MCE0-1-1-768x576.jpeg 768w, https:\/\/radiorevelacionfm.cl\/wp-content\/uploads\/2023\/12\/QUINTA-ACADEMIA-MCE0-1-1-705x529.jpeg 705w, https:\/\/radiorevelacionfm.cl\/wp-content\/uploads\/2023\/12\/QUINTA-ACADEMIA-MCE0-1-1-450x338.jpeg 450w, https:\/\/radiorevelacionfm.cl\/wp-content\/uploads\/2023\/12\/QUINTA-ACADEMIA-MCE0-1-1-600x450.jpeg 600w\" sizes=\"(max-width: 800px) 100vw, 800px\" \/><\/div><\/div><\/div><\/div><div class=\"flex_column av_one_full  flex_column_div av-zero-column-padding first  avia-builder-el-2  el_after_av_one_full  el_before_av_one_full  column-top-margin\" style='border-radius:0px; '><section class=\"av_textblock_section \"  itemscope=\"itemscope\" itemtype=\"https:\/\/schema.org\/BlogPosting\" itemprop=\"blogPost\" ><div class='avia_textblock  '   itemprop=\"text\" ><p style=\"text-align: center;\"><span style=\"font-size: 18pt;\"><strong>\u201cMujeres con Energ\u00eda\u201d de Edelaysen culmina el a\u00f1o premiando a las ganadoras de la quinta academia<\/strong><\/span><\/p>\n<div id=\"gtx-trans\" style=\"position: absolute; left: -50px; top: 4.31534px;\">\n<div class=\"gtx-trans-icon\"><\/div>\n<\/div>\n<\/div><\/section><\/div><div class=\"flex_column av_one_full  flex_column_div av-zero-column-padding first  avia-builder-el-4  el_after_av_one_full  el_before_av_hr  column-top-margin\" style='border-radius:0px; '><section class=\"av_textblock_section \"  itemscope=\"itemscope\" itemtype=\"https:\/\/schema.org\/BlogPosting\" itemprop=\"blogPost\" ><div class='avia_textblock  '   itemprop=\"text\" ><p style=\"text-align: justify;\"><em>Las mejores alumnas de la Academia de Emprendimiento, impulsada por Grupo Saesa, fueron reconocidas con la entrega de $1 mill\u00f3n para incentivar el desarrollo de sus proyectos de negocios.<\/em><\/p>\n<p style=\"text-align: justify;\">Tras cinco semanas de capacitaci\u00f3n culmin\u00f3 la quinta versi\u00f3n del programa \u201cMujeres con Energ\u00eda\u201d de Edelaysen en la que participaron m\u00e1s de un centenar de emprendedoras del sur del pa\u00eds.<\/p>\n<p style=\"text-align: justify;\">De esas\u00a0140\u00a0alumnas, Edelaysen premi\u00f3 a aquellas con mejores calificaciones, entreg\u00e1ndoles un mill\u00f3n de pesos de libre disposici\u00f3n.<\/p>\n<p style=\"text-align: justify;\">En\u00a0la regi\u00f3n las ganadoras fueron 3 seleccionadas, Frosinia del Carmen Villegas con \u201cComidas al paso\u201d y Liliana Parada con \u201cLa casita de Ema\u201d ambas de la comuna de Chile Chico y Mayra Astudillo con \u201cLos Michis\u201d de la comuna de Coyhaique, y en total 24 mujeres obtuvieron las mejores notas.<\/p>\n<p style=\"text-align: justify;\">Por su parte Mayra Astudillo, quien fue una de las emprendedoras destacada por sus calificaciones, orgullosa manifest\u00f3 \u201cMuy feliz y s\u00faper emocionada ya que, no me esperaba ganar, ya que igual hice el curso m\u00e1s que todo por la metodolog\u00eda que est\u00e1n aplicando y todo lo que nos ense\u00f1aron. Muy agradecida de Edelaysen y del Instituto AIEP que nos hicieron una clase magistral y dejaron s\u00faper claro todo. Adem\u00e1s, destaco la oportunidad que nos den a nosotros los emprendedores de la regi\u00f3n, que igual estamos s\u00faper lejos. Haber ganado lo encuentro maravilloso\u201d.<\/p>\n<p style=\"text-align: justify;\">\u201cComo Grupo Saesa estamos muy orgullosos de la acogida que tuvo entre las mujeres esta nueva edici\u00f3n de nuestro programa en la regi\u00f3n. La academia es una oportunidad que busca impactar positivamente en sus emprendimientos, empoderarlas y brindarles herramientas que sean de utilidad para estas mujeres del sur del pa\u00eds. As\u00ed transformamos y mejoramos vidas para clientas, familias y comunidades\u201d, destac\u00f3 Patricio Raimilla, jefe de Servicio al Cliente.<\/p>\n<p style=\"text-align: justify;\">Con variados y novedosos emprendimientos, las mujeres participantes generaron un ambiente que se destac\u00f3 por la colaboraci\u00f3n, apoyo y compa\u00f1erismo que se dio entre ellas, lo que les permiti\u00f3 crear una red de apoyo para generar negocios y compartir buenas pr\u00e1cticas.<\/p>\n<p style=\"text-align: justify;\">A trav\u00e9s del reconocimiento y la capacitaci\u00f3n, \u201cMujeres con Energ\u00eda\u201d busca ser un aporte para aquellas mujeres empresarias y trabajadoras de todas las edades -desde \u00d1uble a Ays\u00e9n, con negocios de primera o segunda categor\u00eda. Al finalizar esta nueva versi\u00f3n de la academia,\u00a0el programa de Grupo Saesa ya ha apoyado a m\u00e1s de 300 emprendedoras pertenecientes a las comunidades de los territorios en los que opera con\u00a0clases virtuales, en coordinaci\u00f3n con el Centro de Negocios Puerto Varas de Sercotec y el Instituto Profesional AIEP.<\/p>\n<\/div><\/section><\/div><div  style='height:50px' class='hr hr-invisible   avia-builder-el-6  el_after_av_one_full  el_before_av_social_share '><span class='hr-inner ' ><span class='hr-inner-style'><\/span><\/span><\/div><\/p>\n<div  class='av-social-sharing-box  avia-builder-el-7  el_after_av_hr  el_before_av_hr  '><div class='av-share-box'><h5 class='av-share-link-description av-no-toc '>Compartir esta noticia<\/h5><ul class='av-share-box-list noLightbox'><li class='av-share-link av-social-link-facebook' ><a target=\"_blank\" aria-label=\"Compartir en Facebook\" href='https:\/\/www.facebook.com\/sharer.php?u=https:\/\/radiorevelacionfm.cl\/?p=38094&#038;t=%E2%80%9CMujeres%20con%20Energ%C3%ADa%E2%80%9D%20de%20Edelaysen%20culmina%20el%20a%C3%B1o%20premiando%20a%20las%20ganadoras%20de%20la%20quinta%20academia' aria-hidden='false' data-av_icon='\ue8f3' data-av_iconfont='entypo-fontello' title='' data-avia-related-tooltip='Compartir en Facebook' rel=\"noopener\"><span class='avia_hidden_link_text'>Compartir en Facebook<\/span><\/a><\/li><li class='av-share-link av-social-link-twitter' ><a target=\"_blank\" aria-label=\"Compartir en Twitter\" href='https:\/\/twitter.com\/share?text=%E2%80%9CMujeres%20con%20Energ%C3%ADa%E2%80%9D%20de%20Edelaysen%20culmina%20el%20a%C3%B1o%20premiando%20a%20las%20ganadoras%20de%20la%20quinta%20academia&#038;url=https:\/\/radiorevelacionfm.cl\/?p=38094' aria-hidden='false' data-av_icon='\ue8f1' data-av_iconfont='entypo-fontello' title='' data-avia-related-tooltip='Compartir en Twitter' rel=\"noopener\"><span class='avia_hidden_link_text'>Compartir en Twitter<\/span><\/a><\/li><li class='av-share-link av-social-link-whatsapp' ><a target=\"_blank\" aria-label=\"Compartir en Whatsapp\" href='https:\/\/api.whatsapp.com\/send?text=https:\/\/radiorevelacionfm.cl\/?p=38094' aria-hidden='false' data-av_icon='\uf232' data-av_iconfont='entypo-fontello' title='' data-avia-related-tooltip='Compartir en Whatsapp' rel=\"noopener\"><span class='avia_hidden_link_text'>Compartir en Whatsapp<\/span><\/a><\/li><li class='av-share-link av-social-link-linkedin' ><a target=\"_blank\" aria-label=\"Compartir en LinkedIn\" href='https:\/\/linkedin.com\/shareArticle?mini=true&#038;title=%E2%80%9CMujeres%20con%20Energ%C3%ADa%E2%80%9D%20de%20Edelaysen%20culmina%20el%20a%C3%B1o%20premiando%20a%20las%20ganadoras%20de%20la%20quinta%20academia&#038;url=https:\/\/radiorevelacionfm.cl\/?p=38094' aria-hidden='false' data-av_icon='\ue8fc' data-av_iconfont='entypo-fontello' title='' data-avia-related-tooltip='Compartir en LinkedIn' rel=\"noopener\"><span class='avia_hidden_link_text'>Compartir en LinkedIn<\/span><\/a><\/li><li class='av-share-link av-social-link-mail' ><a  aria-label=\"Compartir por correo\" href='mailto:?subject=%E2%80%9CMujeres%20con%20Energ%C3%ADa%E2%80%9D%20de%20Edelaysen%20culmina%20el%20a%C3%B1o%20premiando%20a%20las%20ganadoras%20de%20la%20quinta%20academia&#038;body=https:\/\/radiorevelacionfm.cl\/?p=38094' aria-hidden='false' data-av_icon='\ue805' data-av_iconfont='entypo-fontello' title='' data-avia-related-tooltip='Compartir por correo'><span class='avia_hidden_link_text'>Compartir por correo<\/span><\/a><\/li><\/ul><\/div><\/div>\n<div  style='height:50px' class='hr hr-invisible   avia-builder-el-8  el_after_av_social_share  el_before_av_comments_list '><span class='hr-inner ' ><span class='hr-inner-style'><\/span><\/span><\/div>\n<div  class='av-buildercomment  av-blog-meta-html-info-disabled av-blog-meta-tag-disabled  '><\/div>\n","protected":false},"excerpt":{"rendered":"","protected":false},"author":1,"featured_media":38095,"comment_status":"open","ping_status":"open","sticky":false,"template":"","format":"standard","meta":{"footnotes":""},"categories":[38],"tags":[],"class_list":["post-38094","post","type-post","status-publish","format-standard","has-post-thumbnail","hentry","category-regional"],"jetpack_featured_media_url":"https:\/\/radiorevelacionfm.cl\/wp-content\/uploads\/2023\/12\/QUINTA-ACADEMIA-MCE0-1-1.jpeg","_links":{"self":[{"href":"https:\/\/radiorevelacionfm.cl\/index.php?rest_route=\/wp\/v2\/posts\/38094","targetHints":{"allow":["GET"]}}],"collection":[{"href":"https:\/\/radiorevelacionfm.cl\/index.php?rest_route=\/wp\/v2\/posts"}],"about":[{"href":"https:\/\/radiorevelacionfm.cl\/index.php?rest_route=\/wp\/v2\/types\/post"}],"author":[{"embeddable":true,"href":"https:\/\/radiorevelacionfm.cl\/index.php?rest_route=\/wp\/v2\/users\/1"}],"replies":[{"embeddable":true,"href":"https:\/\/radiorevelacionfm.cl\/index.php?rest_route=%2Fwp%2Fv2%2Fcomments&post=38094"}],"version-history":[{"count":1,"href":"https:\/\/radiorevelacionfm.cl\/index.php?rest_route=\/wp\/v2\/posts\/38094\/revisions"}],"predecessor-version":[{"id":38096,"href":"https:\/\/radiorevelacionfm.cl\/index.php?rest_route=\/wp\/v2\/posts\/38094\/revisions\/38096"}],"wp:featuredmedia":[{"embeddable":true,"href":"https:\/\/radiorevelacionfm.cl\/index.php?rest_route=\/wp\/v2\/media\/38095"}],"wp:attachment":[{"href":"https:\/\/radiorevelacionfm.cl\/index.php?rest_route=%2Fwp%2Fv2%2Fmedia&parent=38094"}],"wp:term":[{"taxonomy":"category","embeddable":true,"href":"https:\/\/radiorevelacionfm.cl\/index.php?rest_route=%2Fwp%2Fv2%2Fcategories&post=38094"},{"taxonomy":"post_tag","embeddable":true,"href":"https:\/\/radiorevelacionfm.cl\/index.php?rest_route=%2Fwp%2Fv2%2Ftags&post=38094"}],"curies":[{"name":"wp","href":"https:\/\/api.w.org\/{rel}","templated":true}]}}