{"id":38091,"date":"2023-12-18T13:59:41","date_gmt":"2023-12-18T16:59:41","guid":{"rendered":"https:\/\/radiorevelacionfm.cl\/?p=38091"},"modified":"2023-12-18T13:59:41","modified_gmt":"2023-12-18T16:59:41","slug":"seremi-de-desarrollo-social-y-familia-detalla-a-dirigentes-de-rio-tranquilo-estado-de-proyectos-para-la-localidad","status":"publish","type":"post","link":"https:\/\/radiorevelacionfm.cl\/?p=38091","title":{"rendered":"Seremi de Desarrollo Social y Familia detalla a dirigentes de R\u00edo Tranquilo estado de proyectos para la localidad"},"content":{"rendered":"<div class=\"flex_column av_one_full  flex_column_div av-zero-column-padding first  avia-builder-el-0  el_before_av_one_full  avia-builder-el-first  \" style='border-radius:0px; '><div  class='avia-image-container  av-styling-    avia-builder-el-1  avia-builder-el-no-sibling  avia-align-center '  itemprop=\"image\" itemscope=\"itemscope\" itemtype=\"https:\/\/schema.org\/ImageObject\"  ><div class='avia-image-container-inner'><div class='avia-image-overlay-wrap'><img decoding=\"async\" class='wp-image-38092 avia-img-lazy-loading-not-38092 avia_image' src=\"https:\/\/radiorevelacionfm.cl\/wp-content\/uploads\/2023\/12\/jjvv-Rio-Tranquilo1-1.jpeg\" alt='' title='jjvv R\u00edo Tranquilo1 (1)' height=\"600\" width=\"800\"  itemprop=\"thumbnailUrl\" srcset=\"https:\/\/radiorevelacionfm.cl\/wp-content\/uploads\/2023\/12\/jjvv-Rio-Tranquilo1-1.jpeg 800w, https:\/\/radiorevelacionfm.cl\/wp-content\/uploads\/2023\/12\/jjvv-Rio-Tranquilo1-1-300x225.jpeg 300w, https:\/\/radiorevelacionfm.cl\/wp-content\/uploads\/2023\/12\/jjvv-Rio-Tranquilo1-1-768x576.jpeg 768w, https:\/\/radiorevelacionfm.cl\/wp-content\/uploads\/2023\/12\/jjvv-Rio-Tranquilo1-1-705x529.jpeg 705w, https:\/\/radiorevelacionfm.cl\/wp-content\/uploads\/2023\/12\/jjvv-Rio-Tranquilo1-1-450x338.jpeg 450w, https:\/\/radiorevelacionfm.cl\/wp-content\/uploads\/2023\/12\/jjvv-Rio-Tranquilo1-1-600x450.jpeg 600w\" sizes=\"(max-width: 800px) 100vw, 800px\" \/><\/div><\/div><\/div><\/div><div class=\"flex_column av_one_full  flex_column_div av-zero-column-padding first  avia-builder-el-2  el_after_av_one_full  el_before_av_one_full  column-top-margin\" style='border-radius:0px; '><section class=\"av_textblock_section \"  itemscope=\"itemscope\" itemtype=\"https:\/\/schema.org\/BlogPosting\" itemprop=\"blogPost\" ><div class='avia_textblock  '   itemprop=\"text\" ><p style=\"text-align: center;\"><strong><span style=\"font-size: 18pt;\">Seremi de Desarrollo Social y Familia detalla a dirigentes de R\u00edo Tranquilo estado de proyectos para la localidad<\/span><\/strong><\/p>\n<div id=\"gtx-trans\" style=\"position: absolute; left: -50px; top: 4.31534px;\">\n<div class=\"gtx-trans-icon\"><\/div>\n<\/div>\n<\/div><\/section><\/div><div class=\"flex_column av_one_full  flex_column_div av-zero-column-padding first  avia-builder-el-4  el_after_av_one_full  el_before_av_hr  column-top-margin\" style='border-radius:0px; '><section class=\"av_textblock_section \"  itemscope=\"itemscope\" itemtype=\"https:\/\/schema.org\/BlogPosting\" itemprop=\"blogPost\" ><div class='avia_textblock  '   itemprop=\"text\" ><p style=\"text-align: justify;\"><em>La directiva de la Junta de Vecinos adem\u00e1s conoci\u00f3 en detalle el funcionamiento del Sistema Nacional de Inversiones y c\u00f3mo eval\u00faan las distintas iniciativas que se presentan. <\/em><\/p>\n<p style=\"text-align: justify;\">Hasta Puerto R\u00edo Tranquilo se traslad\u00f3 la Seremi de Desarrollo Social y Familia junto al Coordinador de Inversiones para dar cumplimiento al requerimiento de la Junta de Vecinos, quienes solicitaron conocer en detalle el estado en el que se encuentran los distintos proyectos que se han presentado en beneficio de la localidad.<\/p>\n<p style=\"text-align: justify;\">Como una reuni\u00f3n muy aclaradora y educativa, calific\u00f3 Gloria Jaramillo, presidenta JJVV R\u00edo Tranquilo la cita que tuvo una extensi\u00f3n de casi 3 horas \u201cHay muchos proyectos que llevan bastante tiempo y que desconocemos en realidad cu\u00e1l era el estado, la idea era poder saber y ac\u00e1 nos enteramos de cuatro proyectos que est\u00e1n en este momento en el Sistema Nacional de Inversiones\u201d, agregando que al ser \u201cMuy aclaradora la visita de la seremi de Desarrollo Social\u201d les permiti\u00f3 \u201cConocer en realidad c\u00f3mo se llega a ejecutar un proyecto, conocimos todos los pasos de los proyectos que van a este Sistema Nacional de Inversiones, y es bueno, para as\u00ed poder conversar con m\u00e1s conocimiento con la comunidad y presentarle a ellos en qu\u00e9 estado se encuentran estos proyectos que generalmente llevan a\u00f1os en nuestra comunidad\u201d.<\/p>\n<p style=\"text-align: justify;\">En tanto la Seremi de Desarrollo Social y Familia, Karina Acevedo Auad felicit\u00f3 la iniciativa de la Junta de Vecinos, ya que pudieron junto al Coordinador de Inversiones, Boris L\u00f3pez resolver sus dudas y a la vez, explicarles en detalle el funcionamiento del Sistema Nacional de Inversiones \u201cFue una jornada muy exitosa, donde estuvimos casi 3 horas conversando con la Junta de Vecinos, contando los proyectos que est\u00e1n en el sistema de evaluaci\u00f3n y los desaf\u00edos que tenemos como Ministerio en el territorio\u201d, a la vez explic\u00f3 Acevedo Auad que \u201cPudimos tambi\u00e9n contarles c\u00f3mo es el proceso en el Sistema Nacional de Inversiones, c\u00f3mo act\u00faa, c\u00f3mo se postula, la posterior evaluaci\u00f3n, en qu\u00e9 consisten los roles de cada uno: entre ejecutor, el que financia y tambi\u00e9n el que eval\u00faa. Ha sido un espacio de di\u00e1logo, de poder entregar tambi\u00e9n conocimiento y la informaci\u00f3n clara y precisa para que como organizaci\u00f3n puedan tomar decisiones y conversaci\u00f3n en el futuro con los diferentes servicios que tienen inversi\u00f3n en esta comuna\u201d.<\/p>\n<p style=\"text-align: justify;\">Para Guido Jaramillo, Primer director de la Junta de Vecinos de R\u00edo Tranquilo el resultado fue positivo \u201cHemos aprendido a entender un poco c\u00f3mo funciona este Sistema de Inversi\u00f3n p\u00fablica que no ten\u00edamos conocimiento, por lo tanto, yo creo que se logr\u00f3 el objetivo, que era poder informar el estado del proyecto y tambi\u00e9n cu\u00e1l es el cronograma que hay de los distintos proyectos que se presentan a inversi\u00f3n. Es muy importante que las autoridades concurran a las localidades, y as\u00ed evitamos nosotros hacer ese largo viaje a Coyhaique, por lo tanto, yo creo que esto es muy importante y as\u00ed se lo hemos hecho ver a la seremi y le agradecemos que haya podido concurrir a nuestra localidad\u201d.<\/p>\n<p style=\"text-align: justify;\">Finalmente, la Seremi de Desarrollo Social y Familia, Karina Acevedo relev\u00f3 la importancia de descentralizar y dar cumplimiento al derecho a la informaci\u00f3n, sobre todo en comunidades apartadas a la capital regional, de tal modo que conozcan los proyectos priorizados para sus comunas y la etapa en la que se encuentran en el Sistema Nacional de Inversiones.<\/p>\n<\/div><\/section><\/div><div  style='height:50px' class='hr hr-invisible   avia-builder-el-6  el_after_av_one_full  el_before_av_social_share '><span class='hr-inner ' ><span class='hr-inner-style'><\/span><\/span><\/div><\/p>\n<div  class='av-social-sharing-box  avia-builder-el-7  el_after_av_hr  el_before_av_hr  '><div class='av-share-box'><h5 class='av-share-link-description av-no-toc '>Compartir esta noticia<\/h5><ul class='av-share-box-list noLightbox'><li class='av-share-link av-social-link-facebook' ><a target=\"_blank\" aria-label=\"Compartir en Facebook\" href='https:\/\/www.facebook.com\/sharer.php?u=https:\/\/radiorevelacionfm.cl\/?p=38091&#038;t=Seremi%20de%20Desarrollo%20Social%20y%20Familia%20detalla%20a%20dirigentes%20de%20R%C3%ADo%20Tranquilo%20estado%20de%20proyectos%20para%20la%20localidad' aria-hidden='false' data-av_icon='\ue8f3' data-av_iconfont='entypo-fontello' title='' data-avia-related-tooltip='Compartir en Facebook' rel=\"noopener\"><span class='avia_hidden_link_text'>Compartir en Facebook<\/span><\/a><\/li><li class='av-share-link av-social-link-twitter' ><a target=\"_blank\" aria-label=\"Compartir en Twitter\" href='https:\/\/twitter.com\/share?text=Seremi%20de%20Desarrollo%20Social%20y%20Familia%20detalla%20a%20dirigentes%20de%20R%C3%ADo%20Tranquilo%20estado%20de%20proyectos%20para%20la%20localidad&#038;url=https:\/\/radiorevelacionfm.cl\/?p=38091' aria-hidden='false' data-av_icon='\ue8f1' data-av_iconfont='entypo-fontello' title='' data-avia-related-tooltip='Compartir en Twitter' rel=\"noopener\"><span class='avia_hidden_link_text'>Compartir en Twitter<\/span><\/a><\/li><li class='av-share-link av-social-link-whatsapp' ><a target=\"_blank\" aria-label=\"Compartir en Whatsapp\" href='https:\/\/api.whatsapp.com\/send?text=https:\/\/radiorevelacionfm.cl\/?p=38091' aria-hidden='false' data-av_icon='\uf232' data-av_iconfont='entypo-fontello' title='' data-avia-related-tooltip='Compartir en Whatsapp' rel=\"noopener\"><span class='avia_hidden_link_text'>Compartir en Whatsapp<\/span><\/a><\/li><li class='av-share-link av-social-link-linkedin' ><a target=\"_blank\" aria-label=\"Compartir en LinkedIn\" href='https:\/\/linkedin.com\/shareArticle?mini=true&#038;title=Seremi%20de%20Desarrollo%20Social%20y%20Familia%20detalla%20a%20dirigentes%20de%20R%C3%ADo%20Tranquilo%20estado%20de%20proyectos%20para%20la%20localidad&#038;url=https:\/\/radiorevelacionfm.cl\/?p=38091' aria-hidden='false' data-av_icon='\ue8fc' data-av_iconfont='entypo-fontello' title='' data-avia-related-tooltip='Compartir en LinkedIn' rel=\"noopener\"><span class='avia_hidden_link_text'>Compartir en LinkedIn<\/span><\/a><\/li><li class='av-share-link av-social-link-mail' ><a  aria-label=\"Compartir por correo\" href='mailto:?subject=Seremi%20de%20Desarrollo%20Social%20y%20Familia%20detalla%20a%20dirigentes%20de%20R%C3%ADo%20Tranquilo%20estado%20de%20proyectos%20para%20la%20localidad&#038;body=https:\/\/radiorevelacionfm.cl\/?p=38091' aria-hidden='false' data-av_icon='\ue805' data-av_iconfont='entypo-fontello' title='' data-avia-related-tooltip='Compartir por correo'><span class='avia_hidden_link_text'>Compartir por correo<\/span><\/a><\/li><\/ul><\/div><\/div>\n<div  style='height:50px' class='hr hr-invisible   avia-builder-el-8  el_after_av_social_share  el_before_av_comments_list '><span class='hr-inner ' ><span class='hr-inner-style'><\/span><\/span><\/div>\n<div  class='av-buildercomment  av-blog-meta-html-info-disabled av-blog-meta-tag-disabled  '><\/div>\n","protected":false},"excerpt":{"rendered":"","protected":false},"author":1,"featured_media":38092,"comment_status":"open","ping_status":"open","sticky":false,"template":"","format":"standard","meta":{"footnotes":""},"categories":[38],"tags":[],"class_list":["post-38091","post","type-post","status-publish","format-standard","has-post-thumbnail","hentry","category-regional"],"jetpack_featured_media_url":"https:\/\/radiorevelacionfm.cl\/wp-content\/uploads\/2023\/12\/jjvv-Rio-Tranquilo1-1.jpeg","_links":{"self":[{"href":"https:\/\/radiorevelacionfm.cl\/index.php?rest_route=\/wp\/v2\/posts\/38091","targetHints":{"allow":["GET"]}}],"collection":[{"href":"https:\/\/radiorevelacionfm.cl\/index.php?rest_route=\/wp\/v2\/posts"}],"about":[{"href":"https:\/\/radiorevelacionfm.cl\/index.php?rest_route=\/wp\/v2\/types\/post"}],"author":[{"embeddable":true,"href":"https:\/\/radiorevelacionfm.cl\/index.php?rest_route=\/wp\/v2\/users\/1"}],"replies":[{"embeddable":true,"href":"https:\/\/radiorevelacionfm.cl\/index.php?rest_route=%2Fwp%2Fv2%2Fcomments&post=38091"}],"version-history":[{"count":1,"href":"https:\/\/radiorevelacionfm.cl\/index.php?rest_route=\/wp\/v2\/posts\/38091\/revisions"}],"predecessor-version":[{"id":38093,"href":"https:\/\/radiorevelacionfm.cl\/index.php?rest_route=\/wp\/v2\/posts\/38091\/revisions\/38093"}],"wp:featuredmedia":[{"embeddable":true,"href":"https:\/\/radiorevelacionfm.cl\/index.php?rest_route=\/wp\/v2\/media\/38092"}],"wp:attachment":[{"href":"https:\/\/radiorevelacionfm.cl\/index.php?rest_route=%2Fwp%2Fv2%2Fmedia&parent=38091"}],"wp:term":[{"taxonomy":"category","embeddable":true,"href":"https:\/\/radiorevelacionfm.cl\/index.php?rest_route=%2Fwp%2Fv2%2Fcategories&post=38091"},{"taxonomy":"post_tag","embeddable":true,"href":"https:\/\/radiorevelacionfm.cl\/index.php?rest_route=%2Fwp%2Fv2%2Ftags&post=38091"}],"curies":[{"name":"wp","href":"https:\/\/api.w.org\/{rel}","templated":true}]}}