{"id":38087,"date":"2023-12-18T13:30:27","date_gmt":"2023-12-18T16:30:27","guid":{"rendered":"https:\/\/radiorevelacionfm.cl\/?p=38087"},"modified":"2023-12-18T13:30:27","modified_gmt":"2023-12-18T16:30:27","slug":"acercando-la-salud-ssa-firma-convenio-con-municipalidad-de-chile-chico","status":"publish","type":"post","link":"https:\/\/radiorevelacionfm.cl\/?p=38087","title":{"rendered":"Acercando la Salud: SSA firma convenio con Municipalidad de Chile Chico"},"content":{"rendered":"<div class=\"flex_column av_one_full  flex_column_div av-zero-column-padding first  avia-builder-el-0  el_before_av_one_full  avia-builder-el-first  \" style='border-radius:0px; '><div  class='avia-image-container  av-styling-    avia-builder-el-1  avia-builder-el-no-sibling  avia-align-center '  itemprop=\"image\" itemscope=\"itemscope\" itemtype=\"https:\/\/schema.org\/ImageObject\"  ><div class='avia-image-container-inner'><div class='avia-image-overlay-wrap'><img decoding=\"async\" class='wp-image-38088 avia-img-lazy-loading-not-38088 avia_image' src=\"https:\/\/radiorevelacionfm.cl\/wp-content\/uploads\/2023\/12\/foto-2-ok-1-1-1.jpeg\" alt='' title='foto 2 ok (1) (1) (1)' height=\"600\" width=\"800\"  itemprop=\"thumbnailUrl\" srcset=\"https:\/\/radiorevelacionfm.cl\/wp-content\/uploads\/2023\/12\/foto-2-ok-1-1-1.jpeg 800w, https:\/\/radiorevelacionfm.cl\/wp-content\/uploads\/2023\/12\/foto-2-ok-1-1-1-300x225.jpeg 300w, https:\/\/radiorevelacionfm.cl\/wp-content\/uploads\/2023\/12\/foto-2-ok-1-1-1-768x576.jpeg 768w, https:\/\/radiorevelacionfm.cl\/wp-content\/uploads\/2023\/12\/foto-2-ok-1-1-1-705x529.jpeg 705w, https:\/\/radiorevelacionfm.cl\/wp-content\/uploads\/2023\/12\/foto-2-ok-1-1-1-450x338.jpeg 450w, https:\/\/radiorevelacionfm.cl\/wp-content\/uploads\/2023\/12\/foto-2-ok-1-1-1-600x450.jpeg 600w\" sizes=\"(max-width: 800px) 100vw, 800px\" \/><\/div><\/div><\/div><\/div><div class=\"flex_column av_one_full  flex_column_div av-zero-column-padding first  avia-builder-el-2  el_after_av_one_full  el_before_av_one_full  column-top-margin\" style='border-radius:0px; '><section class=\"av_textblock_section \"  itemscope=\"itemscope\" itemtype=\"https:\/\/schema.org\/BlogPosting\" itemprop=\"blogPost\" ><div class='avia_textblock  '   itemprop=\"text\" ><h2 class=\"title\" style=\"text-align: center;\"><span style=\"font-size: 18pt;\"><b>Acercando la Salud: SSA firma convenio con Municipalidad de Chile Chico<\/b><\/span><\/h2>\n<div id=\"gtx-trans\" style=\"position: absolute; left: -50px; top: 4.31534px;\">\n<div class=\"gtx-trans-icon\"><\/div>\n<\/div>\n<\/div><\/section><\/div><div class=\"flex_column av_one_full  flex_column_div av-zero-column-padding first  avia-builder-el-4  el_after_av_one_full  el_before_av_hr  column-top-margin\" style='border-radius:0px; '><section class=\"av_textblock_section \"  itemscope=\"itemscope\" itemtype=\"https:\/\/schema.org\/BlogPosting\" itemprop=\"blogPost\" ><div class='avia_textblock  '   itemprop=\"text\" ><p style=\"font-weight: 400; text-align: justify;\">Con el objetivo de aumentar las prestaciones m\u00e9dicas de salud para la comunidad chilechiquense, como tambi\u00e9n para las comunas de la zona sur de la regi\u00f3n, Puerto Ib\u00e1\u00f1ez, Cochrane, Tortel y Villa O\u2019higgins, el Servicio de Salud Ays\u00e9n firm\u00f3 un convenio de colaboraci\u00f3n con el Centro M\u00e9dico Municipal de Chile Chico.<\/p>\n<p style=\"font-weight: 400; text-align: justify;\">As\u00ed lo dio a conocer,\u00a0Daniela Maldonado, directora del Hospital Leopoldo Ortega Rodr\u00edguez, quien coment\u00f3 parte de lo escrito en el documento.<\/p>\n<p style=\"font-weight: 400; text-align: justify;\">\u201cEl convenio viene a complementar cartera de prestaciones con nuestro hospital, entregando mayor\u00a0resolutividad en imagenolog\u00eda, vamos a poder contar con el acceso a scanner, mamograf\u00eda y otras prestaciones que est\u00e1n escritas en este convenio\u201d.<\/p>\n<p style=\"font-weight: 400; text-align: justify;\">El Servicio se comprometi\u00f3 a brindar apoyo t\u00e9cnico a la Municipalidad, en la formulaci\u00f3n de proyectos de adquisici\u00f3n y habilitaci\u00f3n de nuevos equipos para la realizaci\u00f3n de ex\u00e1menes y procedimientos que sean derivados desde el Hospital de Chile Chico o de otros centros de atenci\u00f3n.<\/p>\n<p style=\"font-weight: 400; text-align: justify;\">\u201cContento y buena vida al Servicio de Salud Ays\u00e9n, a la Municipalidad y seguir avanzando en este lindo y hermoso ejemplo que puede tener la sensibilidad de cubrir la necesidad tan imperiosa como son las prestaciones m\u00e9dicas. Nosotros no damos salud primaria, damos atenci\u00f3n secundaria como imagenolog\u00eda, ex\u00e1menes y especialidades, esa es nuestra funci\u00f3n y somos un complemento para el Servicio y no una competencia\u201d, dijo Luperciano Mu\u00f1oz Gonz\u00e1lez, alcalde de Chile Chico.<\/p>\n<p style=\"font-weight: 400; text-align: justify;\">El Centro M\u00e9dico ofrecer\u00e1 a la Red de Salud, prestaciones primarias, secundarias y sus subprocesos como: mamograf\u00eda, Endoscopia, Colonoscopia, Tomograf\u00eda computarizada con y sin contraste, Fonoaudiolog\u00eda y Ecograf\u00edas.<\/p>\n<p style=\"font-weight: 400; text-align: justify;\">Juan Pablo Bravo Quintana, director del Servicio de Salud Ays\u00e9n, destac\u00f3 el inter\u00e9s del trabajo colaborativo y mencion\u00f3 la ruta de seguir acercando la salud a todas las personas de la regi\u00f3n.<\/p>\n<p style=\"font-weight: 400; text-align: justify;\">\u201cAgradecer a la Alcald\u00eda por generar esta instancia que viene no solo a complementar cartera del Servicio de Salud Ays\u00e9n, sino que tambi\u00e9n tiene un directo beneficio con los usuarios, que les va a permitir ser m\u00e1s resolutivos en cuanto a sus ex\u00e1menes de laboratorios y las distintas instancias que brinda el Centro M\u00e9dico, se va a evitar las distancias e ir a Coyhaique a resolver sus patolog\u00edas, y finalmente es acercar la salud a las personas que es la impronta que le queremos dar desde el Servicio, lo cual se complementa con esta firma de convenio\u201d, concluy\u00f3.<\/p>\n<\/div><\/section><\/div><div  style='height:50px' class='hr hr-invisible   avia-builder-el-6  el_after_av_one_full  el_before_av_social_share '><span class='hr-inner ' ><span class='hr-inner-style'><\/span><\/span><\/div><\/p>\n<div  class='av-social-sharing-box  avia-builder-el-7  el_after_av_hr  el_before_av_hr  '><div class='av-share-box'><h5 class='av-share-link-description av-no-toc '>Compartir esta noticia<\/h5><ul class='av-share-box-list noLightbox'><li class='av-share-link av-social-link-facebook' ><a target=\"_blank\" aria-label=\"Compartir en Facebook\" href='https:\/\/www.facebook.com\/sharer.php?u=https:\/\/radiorevelacionfm.cl\/?p=38087&#038;t=Acercando%20la%20Salud%3A%20SSA%20firma%20convenio%20con%20Municipalidad%20de%20Chile%20Chico' aria-hidden='false' data-av_icon='\ue8f3' data-av_iconfont='entypo-fontello' title='' data-avia-related-tooltip='Compartir en Facebook' rel=\"noopener\"><span class='avia_hidden_link_text'>Compartir en Facebook<\/span><\/a><\/li><li class='av-share-link av-social-link-twitter' ><a target=\"_blank\" aria-label=\"Compartir en Twitter\" href='https:\/\/twitter.com\/share?text=Acercando%20la%20Salud%3A%20SSA%20firma%20convenio%20con%20Municipalidad%20de%20Chile%20Chico&#038;url=https:\/\/radiorevelacionfm.cl\/?p=38087' aria-hidden='false' data-av_icon='\ue8f1' data-av_iconfont='entypo-fontello' title='' data-avia-related-tooltip='Compartir en Twitter' rel=\"noopener\"><span class='avia_hidden_link_text'>Compartir en Twitter<\/span><\/a><\/li><li class='av-share-link av-social-link-whatsapp' ><a target=\"_blank\" aria-label=\"Compartir en Whatsapp\" href='https:\/\/api.whatsapp.com\/send?text=https:\/\/radiorevelacionfm.cl\/?p=38087' aria-hidden='false' data-av_icon='\uf232' data-av_iconfont='entypo-fontello' title='' data-avia-related-tooltip='Compartir en Whatsapp' rel=\"noopener\"><span class='avia_hidden_link_text'>Compartir en Whatsapp<\/span><\/a><\/li><li class='av-share-link av-social-link-linkedin' ><a target=\"_blank\" aria-label=\"Compartir en LinkedIn\" href='https:\/\/linkedin.com\/shareArticle?mini=true&#038;title=Acercando%20la%20Salud%3A%20SSA%20firma%20convenio%20con%20Municipalidad%20de%20Chile%20Chico&#038;url=https:\/\/radiorevelacionfm.cl\/?p=38087' aria-hidden='false' data-av_icon='\ue8fc' data-av_iconfont='entypo-fontello' title='' data-avia-related-tooltip='Compartir en LinkedIn' rel=\"noopener\"><span class='avia_hidden_link_text'>Compartir en LinkedIn<\/span><\/a><\/li><li class='av-share-link av-social-link-mail' ><a  aria-label=\"Compartir por correo\" href='mailto:?subject=Acercando%20la%20Salud%3A%20SSA%20firma%20convenio%20con%20Municipalidad%20de%20Chile%20Chico&#038;body=https:\/\/radiorevelacionfm.cl\/?p=38087' aria-hidden='false' data-av_icon='\ue805' data-av_iconfont='entypo-fontello' title='' data-avia-related-tooltip='Compartir por correo'><span class='avia_hidden_link_text'>Compartir por correo<\/span><\/a><\/li><\/ul><\/div><\/div>\n<div  style='height:50px' class='hr hr-invisible   avia-builder-el-8  el_after_av_social_share  el_before_av_comments_list '><span class='hr-inner ' ><span class='hr-inner-style'><\/span><\/span><\/div>\n<div  class='av-buildercomment  av-blog-meta-html-info-disabled av-blog-meta-tag-disabled  '><\/div>\n","protected":false},"excerpt":{"rendered":"","protected":false},"author":1,"featured_media":38088,"comment_status":"open","ping_status":"open","sticky":false,"template":"","format":"standard","meta":{"footnotes":""},"categories":[38,46],"tags":[],"class_list":["post-38087","post","type-post","status-publish","format-standard","has-post-thumbnail","hentry","category-regional","category-salud"],"jetpack_featured_media_url":"https:\/\/radiorevelacionfm.cl\/wp-content\/uploads\/2023\/12\/foto-2-ok-1-1-1.jpeg","_links":{"self":[{"href":"https:\/\/radiorevelacionfm.cl\/index.php?rest_route=\/wp\/v2\/posts\/38087","targetHints":{"allow":["GET"]}}],"collection":[{"href":"https:\/\/radiorevelacionfm.cl\/index.php?rest_route=\/wp\/v2\/posts"}],"about":[{"href":"https:\/\/radiorevelacionfm.cl\/index.php?rest_route=\/wp\/v2\/types\/post"}],"author":[{"embeddable":true,"href":"https:\/\/radiorevelacionfm.cl\/index.php?rest_route=\/wp\/v2\/users\/1"}],"replies":[{"embeddable":true,"href":"https:\/\/radiorevelacionfm.cl\/index.php?rest_route=%2Fwp%2Fv2%2Fcomments&post=38087"}],"version-history":[{"count":1,"href":"https:\/\/radiorevelacionfm.cl\/index.php?rest_route=\/wp\/v2\/posts\/38087\/revisions"}],"predecessor-version":[{"id":38089,"href":"https:\/\/radiorevelacionfm.cl\/index.php?rest_route=\/wp\/v2\/posts\/38087\/revisions\/38089"}],"wp:featuredmedia":[{"embeddable":true,"href":"https:\/\/radiorevelacionfm.cl\/index.php?rest_route=\/wp\/v2\/media\/38088"}],"wp:attachment":[{"href":"https:\/\/radiorevelacionfm.cl\/index.php?rest_route=%2Fwp%2Fv2%2Fmedia&parent=38087"}],"wp:term":[{"taxonomy":"category","embeddable":true,"href":"https:\/\/radiorevelacionfm.cl\/index.php?rest_route=%2Fwp%2Fv2%2Fcategories&post=38087"},{"taxonomy":"post_tag","embeddable":true,"href":"https:\/\/radiorevelacionfm.cl\/index.php?rest_route=%2Fwp%2Fv2%2Ftags&post=38087"}],"curies":[{"name":"wp","href":"https:\/\/api.w.org\/{rel}","templated":true}]}}