{"id":38084,"date":"2023-12-18T12:59:56","date_gmt":"2023-12-18T15:59:56","guid":{"rendered":"https:\/\/radiorevelacionfm.cl\/?p=38084"},"modified":"2023-12-18T12:59:56","modified_gmt":"2023-12-18T15:59:56","slug":"16-toneladas-de-plasticos-provenientes-de-boyas-acuicolas-tendran-un-nuevo-uso-gracias-a-empresa-de-reciclaje-de-aysen","status":"publish","type":"post","link":"https:\/\/radiorevelacionfm.cl\/?p=38084","title":{"rendered":"16 toneladas de pl\u00e1sticos provenientes de boyas acu\u00edcolas tendr\u00e1n un nuevo uso gracias a empresa de Reciclaje de Ays\u00e9n"},"content":{"rendered":"<div class=\"flex_column av_one_full  flex_column_div av-zero-column-padding first  avia-builder-el-0  el_before_av_one_full  avia-builder-el-first  \" style='border-radius:0px; '><div  class='avia-image-container  av-styling-    avia-builder-el-1  avia-builder-el-no-sibling  avia-align-center '  itemprop=\"image\" itemscope=\"itemscope\" itemtype=\"https:\/\/schema.org\/ImageObject\"  ><div class='avia-image-container-inner'><div class='avia-image-overlay-wrap'><img decoding=\"async\" class='wp-image-38085 avia-img-lazy-loading-not-38085 avia_image' src=\"https:\/\/radiorevelacionfm.cl\/wp-content\/uploads\/2023\/12\/img-despacho-plastico2-1-1.jpeg\" alt='' title='img-despacho-plastico2 (1) (1)' height=\"600\" width=\"1067\"  itemprop=\"thumbnailUrl\" srcset=\"https:\/\/radiorevelacionfm.cl\/wp-content\/uploads\/2023\/12\/img-despacho-plastico2-1-1.jpeg 1067w, https:\/\/radiorevelacionfm.cl\/wp-content\/uploads\/2023\/12\/img-despacho-plastico2-1-1-300x169.jpeg 300w, https:\/\/radiorevelacionfm.cl\/wp-content\/uploads\/2023\/12\/img-despacho-plastico2-1-1-1030x579.jpeg 1030w, https:\/\/radiorevelacionfm.cl\/wp-content\/uploads\/2023\/12\/img-despacho-plastico2-1-1-768x432.jpeg 768w, https:\/\/radiorevelacionfm.cl\/wp-content\/uploads\/2023\/12\/img-despacho-plastico2-1-1-705x396.jpeg 705w, https:\/\/radiorevelacionfm.cl\/wp-content\/uploads\/2023\/12\/img-despacho-plastico2-1-1-450x253.jpeg 450w, https:\/\/radiorevelacionfm.cl\/wp-content\/uploads\/2023\/12\/img-despacho-plastico2-1-1-600x337.jpeg 600w\" sizes=\"(max-width: 1067px) 100vw, 1067px\" \/><\/div><\/div><\/div><\/div>\n<div class=\"flex_column av_one_full  flex_column_div av-zero-column-padding first  avia-builder-el-2  el_after_av_one_full  el_before_av_one_full  column-top-margin\" style='border-radius:0px; '><section class=\"av_textblock_section \"  itemscope=\"itemscope\" itemtype=\"https:\/\/schema.org\/BlogPosting\" itemprop=\"blogPost\" ><div class='avia_textblock  '   itemprop=\"text\" ><p style=\"text-align: center;\"><span style=\"font-size: 18pt;\"><strong>16 toneladas de pl\u00e1sticos provenientes de boyas acu\u00edcolas tendr\u00e1n un nuevo uso gracias a empresa de Reciclaje de Ays\u00e9n<\/strong><\/span><\/p>\n<div id=\"gtx-trans\" style=\"position: absolute; left: -50px; top: 4.31534px;\">\n<div class=\"gtx-trans-icon\"><\/div>\n<\/div>\n<\/div><\/section><\/div><div class=\"flex_column av_one_full  flex_column_div av-zero-column-padding first  avia-builder-el-4  el_after_av_one_full  el_before_av_hr  column-top-margin\" style='border-radius:0px; '><section class=\"av_textblock_section \"  itemscope=\"itemscope\" itemtype=\"https:\/\/schema.org\/BlogPosting\" itemprop=\"blogPost\" ><div class='avia_textblock  '   itemprop=\"text\" ><p style=\"text-align: justify;\"><em>Este hito, se suma a lo ya obrado durante el mes nombre con el poliestireno expandido, conocido popularmente como plumavit.<\/em><\/p>\n<p style=\"text-align: justify;\">Tras un intenso trabajo, Empresas Bahamonde ha despachado las primeras 16 toneladas de pl\u00e1stico para reciclaje a su socio estrat\u00e9gico Recollet en Puerto Montt. Estos materiales provienen de diversas industrias del mundo acu\u00edcola ubicadas en la Regi\u00f3n de Ays\u00e9n. La acci\u00f3n super\u00f3 las expectativas iniciales de la empresa aysenina, que comenz\u00f3 sus operaciones en el reciclaje desde agosto de este a\u00f1o. Adem\u00e1s, refuerza su compromiso por llevar a cabo acciones que contribuyan a mantener las Costas m\u00e1s lindas de Chile desde la Patagonia &#8211; Ays\u00e9n. Ahora, pl\u00e1stico recolectado y procesado ser\u00e1 sometido a diversos procesos qu\u00edmicos y f\u00edsicos permiti\u00e9ndole obtener una nueva forma y volver mercado con un valor agregado.<\/p>\n<p style=\"text-align: justify;\">Al respecto, Diego D\u00edaz C\u00e1rcamo, Jefe de proyectos de Empresas Bahamonde destac\u00f3 que \u201choy nuevamente tenemos un env\u00edo desde nuestra planta reciclaje. Est\u00e1n saliendo cerca de 16 toneladas de pl\u00e1stico de alta densidad que corresponde a la cubierta exterior de las boyas, los flotadores y otros pl\u00e1sticos similares. Esta cantidad corresponde m\u00e1s o menos a la recolecci\u00f3n diaria de m\u00e1s de 600 casas de la comuna de Ays\u00e9n. Con esto, logramos evitar que estos residuos lleguen a rellenos sanitarios y se les pueda dar una nueva vida \u00fatil y seguimos colaborando con el objetivo de cuidar las costas m\u00e1s lindas de Chile\u201d.<\/p>\n<p style=\"text-align: justify;\">Gabriel Vidal, transportista local de Vidal Hermanos coment\u00f3 que \u201ceste es el segundo cargamento que realizamos con mi hermano, muy contento con la Empresa Bahamonde. Que siga surgiendo esto y es muy bueno porque existe mucho mayor limpieza en la zona y por lo que se ve, buen trabajo est\u00e1 haciendo\u201d.<\/p>\n<p style=\"text-align: justify;\">Finalmente, B\u00e1rbara Weisser Rivera, encargadas de Vinculaci\u00f3n con el Medio de la empresa aysenina agradeci\u00f3 la colaboraci\u00f3n de los trabajadores de Empresas Bahamonde en esta acci\u00f3n que permiti\u00f3 dar un nuevo destino al residuo proveniente de la industria acu\u00edcola. \u201cEn el 2024 pretendemos continuar desarrollando estas acciones con m\u00e1s \u00edmpetu para el beneficio de la comunidad de Ays\u00e9n\u201d, sentenci\u00f3 la Ingeniera en Recursos Naturales Renovables.<\/p>\n<\/div><\/section><\/div><\/p>\n<div  style='height:50px' class='hr hr-invisible   avia-builder-el-6  el_after_av_one_full  el_before_av_social_share '><span class='hr-inner ' ><span class='hr-inner-style'><\/span><\/span><\/div>\n<div  class='av-social-sharing-box  avia-builder-el-7  el_after_av_hr  el_before_av_hr  '><div class='av-share-box'><h5 class='av-share-link-description av-no-toc '>Compartir esta noticia<\/h5><ul class='av-share-box-list noLightbox'><li class='av-share-link av-social-link-facebook' ><a target=\"_blank\" aria-label=\"Compartir en Facebook\" href='https:\/\/www.facebook.com\/sharer.php?u=https:\/\/radiorevelacionfm.cl\/?p=38084&#038;t=16%20toneladas%20de%20pl%C3%A1sticos%20provenientes%20de%20boyas%20acu%C3%ADcolas%20tendr%C3%A1n%20un%20nuevo%20uso%20gracias%20a%20empresa%20de%20Reciclaje%20de%20Ays%C3%A9n' aria-hidden='false' data-av_icon='\ue8f3' data-av_iconfont='entypo-fontello' title='' data-avia-related-tooltip='Compartir en Facebook' rel=\"noopener\"><span class='avia_hidden_link_text'>Compartir en Facebook<\/span><\/a><\/li><li class='av-share-link av-social-link-twitter' ><a target=\"_blank\" aria-label=\"Compartir en Twitter\" href='https:\/\/twitter.com\/share?text=16%20toneladas%20de%20pl%C3%A1sticos%20provenientes%20de%20boyas%20acu%C3%ADcolas%20tendr%C3%A1n%20un%20nuevo%20uso%20gracias%20a%20empresa%20de%20Reciclaje%20de%20Ays%C3%A9n&#038;url=https:\/\/radiorevelacionfm.cl\/?p=38084' aria-hidden='false' data-av_icon='\ue8f1' data-av_iconfont='entypo-fontello' title='' data-avia-related-tooltip='Compartir en Twitter' rel=\"noopener\"><span class='avia_hidden_link_text'>Compartir en Twitter<\/span><\/a><\/li><li class='av-share-link av-social-link-whatsapp' ><a target=\"_blank\" aria-label=\"Compartir en Whatsapp\" href='https:\/\/api.whatsapp.com\/send?text=https:\/\/radiorevelacionfm.cl\/?p=38084' aria-hidden='false' data-av_icon='\uf232' data-av_iconfont='entypo-fontello' title='' data-avia-related-tooltip='Compartir en Whatsapp' rel=\"noopener\"><span class='avia_hidden_link_text'>Compartir en Whatsapp<\/span><\/a><\/li><li class='av-share-link av-social-link-linkedin' ><a target=\"_blank\" aria-label=\"Compartir en LinkedIn\" href='https:\/\/linkedin.com\/shareArticle?mini=true&#038;title=16%20toneladas%20de%20pl%C3%A1sticos%20provenientes%20de%20boyas%20acu%C3%ADcolas%20tendr%C3%A1n%20un%20nuevo%20uso%20gracias%20a%20empresa%20de%20Reciclaje%20de%20Ays%C3%A9n&#038;url=https:\/\/radiorevelacionfm.cl\/?p=38084' aria-hidden='false' data-av_icon='\ue8fc' data-av_iconfont='entypo-fontello' title='' data-avia-related-tooltip='Compartir en LinkedIn' rel=\"noopener\"><span class='avia_hidden_link_text'>Compartir en LinkedIn<\/span><\/a><\/li><li class='av-share-link av-social-link-mail' ><a  aria-label=\"Compartir por correo\" href='mailto:?subject=16%20toneladas%20de%20pl%C3%A1sticos%20provenientes%20de%20boyas%20acu%C3%ADcolas%20tendr%C3%A1n%20un%20nuevo%20uso%20gracias%20a%20empresa%20de%20Reciclaje%20de%20Ays%C3%A9n&#038;body=https:\/\/radiorevelacionfm.cl\/?p=38084' aria-hidden='false' data-av_icon='\ue805' data-av_iconfont='entypo-fontello' title='' data-avia-related-tooltip='Compartir por correo'><span class='avia_hidden_link_text'>Compartir por correo<\/span><\/a><\/li><\/ul><\/div><\/div>\n<div  style='height:50px' class='hr hr-invisible   avia-builder-el-8  el_after_av_social_share  el_before_av_comments_list '><span class='hr-inner ' ><span class='hr-inner-style'><\/span><\/span><\/div>\n<div  class='av-buildercomment  av-blog-meta-html-info-disabled av-blog-meta-tag-disabled  '><\/div>\n","protected":false},"excerpt":{"rendered":"","protected":false},"author":1,"featured_media":38085,"comment_status":"open","ping_status":"open","sticky":false,"template":"","format":"standard","meta":{"footnotes":""},"categories":[39],"tags":[],"class_list":["post-38084","post","type-post","status-publish","format-standard","has-post-thumbnail","hentry","category-medio-ambiente"],"jetpack_featured_media_url":"https:\/\/radiorevelacionfm.cl\/wp-content\/uploads\/2023\/12\/img-despacho-plastico2-1-1.jpeg","_links":{"self":[{"href":"https:\/\/radiorevelacionfm.cl\/index.php?rest_route=\/wp\/v2\/posts\/38084","targetHints":{"allow":["GET"]}}],"collection":[{"href":"https:\/\/radiorevelacionfm.cl\/index.php?rest_route=\/wp\/v2\/posts"}],"about":[{"href":"https:\/\/radiorevelacionfm.cl\/index.php?rest_route=\/wp\/v2\/types\/post"}],"author":[{"embeddable":true,"href":"https:\/\/radiorevelacionfm.cl\/index.php?rest_route=\/wp\/v2\/users\/1"}],"replies":[{"embeddable":true,"href":"https:\/\/radiorevelacionfm.cl\/index.php?rest_route=%2Fwp%2Fv2%2Fcomments&post=38084"}],"version-history":[{"count":2,"href":"https:\/\/radiorevelacionfm.cl\/index.php?rest_route=\/wp\/v2\/posts\/38084\/revisions"}],"predecessor-version":[{"id":38090,"href":"https:\/\/radiorevelacionfm.cl\/index.php?rest_route=\/wp\/v2\/posts\/38084\/revisions\/38090"}],"wp:featuredmedia":[{"embeddable":true,"href":"https:\/\/radiorevelacionfm.cl\/index.php?rest_route=\/wp\/v2\/media\/38085"}],"wp:attachment":[{"href":"https:\/\/radiorevelacionfm.cl\/index.php?rest_route=%2Fwp%2Fv2%2Fmedia&parent=38084"}],"wp:term":[{"taxonomy":"category","embeddable":true,"href":"https:\/\/radiorevelacionfm.cl\/index.php?rest_route=%2Fwp%2Fv2%2Fcategories&post=38084"},{"taxonomy":"post_tag","embeddable":true,"href":"https:\/\/radiorevelacionfm.cl\/index.php?rest_route=%2Fwp%2Fv2%2Ftags&post=38084"}],"curies":[{"name":"wp","href":"https:\/\/api.w.org\/{rel}","templated":true}]}}