{"id":38080,"date":"2023-12-18T11:11:10","date_gmt":"2023-12-18T14:11:10","guid":{"rendered":"https:\/\/radiorevelacionfm.cl\/?p=38080"},"modified":"2023-12-18T11:11:10","modified_gmt":"2023-12-18T14:11:10","slug":"gobierno-crea-instituto-nacional-de-asociatividad-y-cooperativismo","status":"publish","type":"post","link":"https:\/\/radiorevelacionfm.cl\/?p=38080","title":{"rendered":"Gobierno crea Instituto Nacional de Asociatividad y Cooperativismo"},"content":{"rendered":"<div class=\"flex_column av_one_full  flex_column_div av-zero-column-padding first  avia-builder-el-0  el_before_av_one_full  avia-builder-el-first  \" style='border-radius:0px; '><div  class='avia-image-container  av-styling-    avia-builder-el-1  avia-builder-el-no-sibling  avia-align-center '  itemprop=\"image\" itemscope=\"itemscope\" itemtype=\"https:\/\/schema.org\/ImageObject\"  ><div class='avia-image-container-inner'><div class='avia-image-overlay-wrap'><img decoding=\"async\" class='wp-image-38082 avia-img-lazy-loading-not-38082 avia_image' src=\"https:\/\/radiorevelacionfm.cl\/wp-content\/uploads\/2023\/12\/foto1-17-1-1.jpg\" alt='' title='foto1 (17) (1) (1)' height=\"600\" width=\"899\"  itemprop=\"thumbnailUrl\" srcset=\"https:\/\/radiorevelacionfm.cl\/wp-content\/uploads\/2023\/12\/foto1-17-1-1.jpg 899w, https:\/\/radiorevelacionfm.cl\/wp-content\/uploads\/2023\/12\/foto1-17-1-1-300x200.jpg 300w, https:\/\/radiorevelacionfm.cl\/wp-content\/uploads\/2023\/12\/foto1-17-1-1-768x513.jpg 768w, https:\/\/radiorevelacionfm.cl\/wp-content\/uploads\/2023\/12\/foto1-17-1-1-705x471.jpg 705w, https:\/\/radiorevelacionfm.cl\/wp-content\/uploads\/2023\/12\/foto1-17-1-1-450x300.jpg 450w, https:\/\/radiorevelacionfm.cl\/wp-content\/uploads\/2023\/12\/foto1-17-1-1-600x400.jpg 600w\" sizes=\"(max-width: 899px) 100vw, 899px\" \/><\/div><\/div><\/div><\/div><div class=\"flex_column av_one_full  flex_column_div av-zero-column-padding first  avia-builder-el-2  el_after_av_one_full  el_before_av_one_full  column-top-margin\" style='border-radius:0px; '><section class=\"av_textblock_section \"  itemscope=\"itemscope\" itemtype=\"https:\/\/schema.org\/BlogPosting\" itemprop=\"blogPost\" ><div class='avia_textblock  '   itemprop=\"text\" ><h2 class=\"title\" style=\"text-align: center;\"><span style=\"font-size: 18pt;\"><b><span lang=\"ES\">Gobierno crea Instituto Nacional de Asociatividad y Cooperativismo<\/span><\/b><\/span><\/h2>\n<div id=\"gtx-trans\" style=\"position: absolute; left: -50px; top: 4.31534px;\">\n<div class=\"gtx-trans-icon\"><\/div>\n<\/div>\n<\/div><\/section><\/div><div class=\"flex_column av_one_full  flex_column_div av-zero-column-padding first  avia-builder-el-4  el_after_av_one_full  el_before_av_hr  column-top-margin\" style='border-radius:0px; '><section class=\"av_textblock_section \"  itemscope=\"itemscope\" itemtype=\"https:\/\/schema.org\/BlogPosting\" itemprop=\"blogPost\" ><div class='avia_textblock  '   itemprop=\"text\" ><p style=\"font-weight: 400; text-align: justify;\"><em>Instancia se implementar\u00e1 a trav\u00e9s de la creaci\u00f3n de un Comit\u00e9 Corfo, lo que permitir\u00e1 atender las necesidades de estas asociaciones productivas.<\/em><\/p>\n<p style=\"font-weight: 400; text-align: justify;\"><em>El 78% de las cooperativas se encuentra en regiones.<\/em><\/p>\n<p style=\"font-weight: 400; text-align: justify;\"><strong>\u00a0<\/strong>El Gobierno anunci\u00f3 la creaci\u00f3n del Instituto Nacional de Asociatividad y Cooperativismo (INAC), compromiso program\u00e1tico del Presidente Gabriel Boric y que representa uno de los hitos m\u00e1s relevantes para el fomento y apoyo al cooperativismo en las \u00faltimas d\u00e9cadas.<\/p>\n<p style=\"font-weight: 400; text-align: justify;\">El organismo tendr\u00e1 por objeto llevar adelante acciones e iniciativas que faciliten el posicionamiento del cooperativismo en los distintos organismos p\u00fablicos y privados pertinentes, de cara a que el pa\u00eds cuente con una pol\u00edtica p\u00fablico-privada adecuada y que contribuya al fortalecimiento de dicho sector. Estas acciones e iniciativas deber\u00e1n ser complementarias y reforzar las de promoci\u00f3n y fomento al sector cooperativo que ya implementan distintos organismos p\u00fablicos y privados. Para ello, combinar\u00e1 acciones e iniciativas de coordinaci\u00f3n inter-institucional, asesoramiento t\u00e9cnico para organismos pertinentes y la creaci\u00f3n de herramientas de apoyo orientadas a actores, sectores o iniciativas que no est\u00e9n adecuadamente atendidos por instrumentos existentes.<\/p>\n<p style=\"font-weight: 400; text-align: justify;\">El INAC fue resultado del trabajo colaborativo en las mesas del Consejo Consultivo P\u00fablico-Privado de Desarrollo Cooperativo y Econom\u00eda Social en Chile, donde participan representantes del sector, organismos internacionales, ministerios y servicios p\u00fablicos, junto con la academia. De acuerdo con cifras del Bolet\u00edn Estad\u00edstico de la Divisi\u00f3n de Asociatividad y Cooperativas (DAES) del Ministerio de Econom\u00eda, las cooperativas vigentes y activas han aumentado en m\u00e1s de un 12% en el presente a\u00f1o (respecto del mismo mes de 2022).<\/p>\n<p style=\"font-weight: 400; text-align: justify;\"><strong>Promoci\u00f3n y fomento<\/strong><\/p>\n<p style=\"font-weight: 400; text-align: justify;\">La subsecretar\u00eda de Econom\u00eda, Javiera Petersen, destac\u00f3 el cumplimiento del compromiso presidencial de contar con un organismo t\u00e9cnico espec\u00edficamente abocado a la tarea de apoyar al sector cooperativo.\u00a0\u201cHemos logrado varios avances gracias al trabajo en conjunto con los representantes de las cooperativas, como la nueva ley que moderniza el sistema de compras p\u00fablicas, que ampliar\u00e1 en cerca de US$ 300 millones anuales las compras del Estado a mipymes y cooperativas, y la ley de resiliencia financiera, que fortalece a las cooperativas de ahorro y cr\u00e9dito permiti\u00e9ndoles acceder a servicios del Banco Central. Hoy estamos dando un nuevo paso, con una nueva institucionalidad, que ayudar\u00e1 a la promoci\u00f3n y fomento al cooperativismo, poni\u00e9ndolas al centro del crecimiento y desarrollo de Chile\u201d.<\/p>\n<p style=\"font-weight: 400; text-align: justify;\">El INAC operar\u00e1 a trav\u00e9s del Comit\u00e9 para el Fomento de la Econom\u00eda Asociativa y el Cooperativismo de Corfo y estar\u00e1 codirigido por el sector p\u00fablico y el mundo privado, con una representaci\u00f3n de un 50% de \u00f3rganos estatales como Indap, Sercotec, Corfo y la DAES, y un 50% del sector privado, cuyos representantes ser\u00e1n designados a partir de una n\u00f3mina presentada por cada una de las confederaciones de cooperativas que cuenten con al menos cinco a\u00f1os de existencia a la fecha de la designaci\u00f3n.<\/p>\n<p style=\"font-weight: 400; text-align: justify;\">Al tratarse de un comit\u00e9 Corfo, la nueva institucionalidad tendr\u00e1 la suficiente adaptabilidad y alcance territorial para cubrir las necesidades de las cooperativas que tienen una presencia mayoritariamente en regiones: un 78% de ellas se encuentran fuera de la Regi\u00f3n Metropolitana.<\/p>\n<p style=\"font-weight: 400; text-align: justify;\">La gerenta general de Corfo, Marcela Guerra, explic\u00f3 que \u201clos Comit\u00e9s Corfo son espacios flexibles y \u00fatiles en los cuales el sector privado participa activamente. \u00c9ste es el tercer comit\u00e9 que crea Corfo; los dos anteriores fueron los de Litio e Hidr\u00f3geno Verde, lo que demuestra el compromiso de esta administraci\u00f3n con el cooperativismo\u201d.<\/p>\n<p style=\"font-weight: 400; text-align: justify;\">Para el jefe Divisi\u00f3n de Asociatividad y Cooperativas, Crist\u00f3bal Navarro, la creaci\u00f3n del INAC \u201crepresenta el hito m\u00e1s importante para el cooperativismo en los \u00faltimos cincuenta a\u00f1os y el cumplimiento de un enorme anhelo el sector, que lo codise\u00f1\u00f3, empuj\u00f3 y sin duda, ahora velar\u00e1 por que se fortalezca y crezca. Chile hoy gana, ya que el cooperativismo es un modelo econ\u00f3mico que genera empleo, valor, pone a las personas al centro y ayuda a profundizar la democracia econ\u00f3mica\u201d.<\/p>\n<\/div><\/section><\/div><div  style='height:50px' class='hr hr-invisible   avia-builder-el-6  el_after_av_one_full  el_before_av_social_share '><span class='hr-inner ' ><span class='hr-inner-style'><\/span><\/span><\/div><\/p>\n<div  class='av-social-sharing-box  avia-builder-el-7  el_after_av_hr  el_before_av_hr  '><div class='av-share-box'><h5 class='av-share-link-description av-no-toc '>Compartir esta noticia<\/h5><ul class='av-share-box-list noLightbox'><li class='av-share-link av-social-link-facebook' ><a target=\"_blank\" aria-label=\"Compartir en Facebook\" href='https:\/\/www.facebook.com\/sharer.php?u=https:\/\/radiorevelacionfm.cl\/?p=38080&#038;t=Gobierno%20crea%20Instituto%20Nacional%20de%20Asociatividad%20y%20Cooperativismo' aria-hidden='false' data-av_icon='\ue8f3' data-av_iconfont='entypo-fontello' title='' data-avia-related-tooltip='Compartir en Facebook' rel=\"noopener\"><span class='avia_hidden_link_text'>Compartir en Facebook<\/span><\/a><\/li><li class='av-share-link av-social-link-twitter' ><a target=\"_blank\" aria-label=\"Compartir en Twitter\" href='https:\/\/twitter.com\/share?text=Gobierno%20crea%20Instituto%20Nacional%20de%20Asociatividad%20y%20Cooperativismo&#038;url=https:\/\/radiorevelacionfm.cl\/?p=38080' aria-hidden='false' data-av_icon='\ue8f1' data-av_iconfont='entypo-fontello' title='' data-avia-related-tooltip='Compartir en Twitter' rel=\"noopener\"><span class='avia_hidden_link_text'>Compartir en Twitter<\/span><\/a><\/li><li class='av-share-link av-social-link-whatsapp' ><a target=\"_blank\" aria-label=\"Compartir en Whatsapp\" href='https:\/\/api.whatsapp.com\/send?text=https:\/\/radiorevelacionfm.cl\/?p=38080' aria-hidden='false' data-av_icon='\uf232' data-av_iconfont='entypo-fontello' title='' data-avia-related-tooltip='Compartir en Whatsapp' rel=\"noopener\"><span class='avia_hidden_link_text'>Compartir en Whatsapp<\/span><\/a><\/li><li class='av-share-link av-social-link-linkedin' ><a target=\"_blank\" aria-label=\"Compartir en LinkedIn\" href='https:\/\/linkedin.com\/shareArticle?mini=true&#038;title=Gobierno%20crea%20Instituto%20Nacional%20de%20Asociatividad%20y%20Cooperativismo&#038;url=https:\/\/radiorevelacionfm.cl\/?p=38080' aria-hidden='false' data-av_icon='\ue8fc' data-av_iconfont='entypo-fontello' title='' data-avia-related-tooltip='Compartir en LinkedIn' rel=\"noopener\"><span class='avia_hidden_link_text'>Compartir en LinkedIn<\/span><\/a><\/li><li class='av-share-link av-social-link-mail' ><a  aria-label=\"Compartir por correo\" href='mailto:?subject=Gobierno%20crea%20Instituto%20Nacional%20de%20Asociatividad%20y%20Cooperativismo&#038;body=https:\/\/radiorevelacionfm.cl\/?p=38080' aria-hidden='false' data-av_icon='\ue805' data-av_iconfont='entypo-fontello' title='' data-avia-related-tooltip='Compartir por correo'><span class='avia_hidden_link_text'>Compartir por correo<\/span><\/a><\/li><\/ul><\/div><\/div>\n<div  style='height:50px' class='hr hr-invisible   avia-builder-el-8  el_after_av_social_share  el_before_av_comments_list '><span class='hr-inner ' ><span class='hr-inner-style'><\/span><\/span><\/div>\n<div  class='av-buildercomment  av-blog-meta-html-info-disabled av-blog-meta-tag-disabled  '><\/div>\n","protected":false},"excerpt":{"rendered":"","protected":false},"author":1,"featured_media":38082,"comment_status":"open","ping_status":"open","sticky":false,"template":"","format":"standard","meta":{"footnotes":""},"categories":[37,61],"tags":[],"class_list":["post-38080","post","type-post","status-publish","format-standard","has-post-thumbnail","hentry","category-economia","category-nacional"],"jetpack_featured_media_url":"https:\/\/radiorevelacionfm.cl\/wp-content\/uploads\/2023\/12\/foto1-17-1-1.jpg","_links":{"self":[{"href":"https:\/\/radiorevelacionfm.cl\/index.php?rest_route=\/wp\/v2\/posts\/38080","targetHints":{"allow":["GET"]}}],"collection":[{"href":"https:\/\/radiorevelacionfm.cl\/index.php?rest_route=\/wp\/v2\/posts"}],"about":[{"href":"https:\/\/radiorevelacionfm.cl\/index.php?rest_route=\/wp\/v2\/types\/post"}],"author":[{"embeddable":true,"href":"https:\/\/radiorevelacionfm.cl\/index.php?rest_route=\/wp\/v2\/users\/1"}],"replies":[{"embeddable":true,"href":"https:\/\/radiorevelacionfm.cl\/index.php?rest_route=%2Fwp%2Fv2%2Fcomments&post=38080"}],"version-history":[{"count":1,"href":"https:\/\/radiorevelacionfm.cl\/index.php?rest_route=\/wp\/v2\/posts\/38080\/revisions"}],"predecessor-version":[{"id":38083,"href":"https:\/\/radiorevelacionfm.cl\/index.php?rest_route=\/wp\/v2\/posts\/38080\/revisions\/38083"}],"wp:featuredmedia":[{"embeddable":true,"href":"https:\/\/radiorevelacionfm.cl\/index.php?rest_route=\/wp\/v2\/media\/38082"}],"wp:attachment":[{"href":"https:\/\/radiorevelacionfm.cl\/index.php?rest_route=%2Fwp%2Fv2%2Fmedia&parent=38080"}],"wp:term":[{"taxonomy":"category","embeddable":true,"href":"https:\/\/radiorevelacionfm.cl\/index.php?rest_route=%2Fwp%2Fv2%2Fcategories&post=38080"},{"taxonomy":"post_tag","embeddable":true,"href":"https:\/\/radiorevelacionfm.cl\/index.php?rest_route=%2Fwp%2Fv2%2Ftags&post=38080"}],"curies":[{"name":"wp","href":"https:\/\/api.w.org\/{rel}","templated":true}]}}