{"id":3808,"date":"2021-05-05T11:05:27","date_gmt":"2021-05-05T14:05:27","guid":{"rendered":"https:\/\/radiorevelacionfm.cl\/?p=3808"},"modified":"2021-05-05T11:05:27","modified_gmt":"2021-05-05T14:05:27","slug":"todos-invitados-a-participar-de-la-cumbre-de-energias-limpias-que-reune-a-las-principales-economias-del-mundo","status":"publish","type":"post","link":"https:\/\/radiorevelacionfm.cl\/?p=3808","title":{"rendered":"Todos invitados a participar de la cumbre de energ\u00edas limpias que re\u00fane a las principales econom\u00edas del mundo"},"content":{"rendered":"<div class=\"flex_column av_one_full  flex_column_div av-zero-column-padding first  avia-builder-el-0  el_before_av_one_full  avia-builder-el-first  \" style='border-radius:0px; '><div  class='avia-image-container  av-styling-    avia-builder-el-1  avia-builder-el-no-sibling  avia-align-center '  itemprop=\"image\" itemscope=\"itemscope\" itemtype=\"https:\/\/schema.org\/ImageObject\"  ><div class='avia-image-container-inner'><div class='avia-image-overlay-wrap'><img decoding=\"async\" class='wp-image-0 avia-img-lazy-loading-not-0 avia_image' src=\"https:\/\/radiorevelacionfm.cl\/wp-content\/uploads\/2021\/05\/Foto-CEM12-MI-6-1-1.jpeg\" alt='' title=''   itemprop=\"thumbnailUrl\"  \/><\/div><\/div><\/div><\/div><div class=\"flex_column av_one_full  flex_column_div av-zero-column-padding first  avia-builder-el-2  el_after_av_one_full  el_before_av_one_full  column-top-margin\" style='border-radius:0px; '><section class=\"av_textblock_section \"  itemscope=\"itemscope\" itemtype=\"https:\/\/schema.org\/BlogPosting\" itemprop=\"blogPost\" ><div class='avia_textblock  '   itemprop=\"text\" ><p style=\"text-align: center;\"><strong><span style=\"font-size: 18pt;\">Todos invitados a participar de la cumbre de energ\u00edas limpias que re\u00fane a las principales econom\u00edas del mundo<\/span><\/strong><\/p>\n<div id=\"gtx-trans\" style=\"position: absolute; left: -50px; top: 4.31534px;\">\n<div class=\"gtx-trans-icon\"><\/div>\n<\/div>\n<\/div><\/section><\/div><div class=\"flex_column av_one_full  flex_column_div av-zero-column-padding first  avia-builder-el-4  el_after_av_one_full  el_before_av_hr  column-top-margin\" style='border-radius:0px; '><section class=\"av_textblock_section \"  itemscope=\"itemscope\" itemtype=\"https:\/\/schema.org\/BlogPosting\" itemprop=\"blogPost\" ><div class='avia_textblock  '   itemprop=\"text\" ><p style=\"text-align: justify;\">La cumbre internacional <strong>Clean Energy Ministerial y Mission Innovation CEM12 \/ MI-6<\/strong> se realizar\u00e1 entre el 31 de mayo y el 6 de junio, y contar\u00e1 con la participaci\u00f3n de ministros de Estado, l\u00edderes globales y reconocidos expertos en materias de transformaci\u00f3n energ\u00e9tica e innovaci\u00f3n.<\/p>\n<p style=\"text-align: justify;\">Entre los participantes confirmados se encuentran el delegado especial para el Medio Ambiente de Estados Unidos, John Kerry; el empresario y ex alcalde de Nueva York, Michael Bloomberg; la presidenta del World Energy Council, Angela Willkinson; y el presidente del World Economic Forum, B\u00f8rge Brende.<\/p>\n<p style=\"text-align: justify;\">Entre el 31 de mayo y el 6 de junio, Chile ser\u00e1 anfitri\u00f3n de la cumbre global de energ\u00edas limpias e innovaci\u00f3n m\u00e1s importante de 2021, la Clean Energy Ministerial (CEM 12) y el Mission Innovation Ministerial (MI-6), convirti\u00e9ndose en el primer pa\u00eds sudamericano en liderar estas reuniones ministeriales.<\/p>\n<p style=\"text-align: justify;\">En esta oportunidad, ambos foros de alto nivel se realizar\u00e1n de forma virtual a trav\u00e9s de una plataforma digital especialmente dise\u00f1ada para la ocasi\u00f3n, que permitir\u00e1 a personas interesadas en todo el mundo acceder desde sus dispositivos m\u00f3viles a charlas, paneles y diversos contenidos bajo la modalidad on demand.<\/p>\n<p style=\"text-align: justify;\">Los foros CEM12\/MI-6 tienen entre sus objetivos impulsar la colaboraci\u00f3n entre pa\u00edses y la incorporaci\u00f3n de tecnolog\u00eda e innovaci\u00f3n, as\u00ed como acuerdos y acciones concretas tendientes a acelerar la transformaci\u00f3n hacia el uso de energ\u00edas limpias, aspecto fundamental para cumplir con los compromisos contra el cambio clim\u00e1tico.<\/p>\n<p style=\"text-align: justify;\">\u201cLos pa\u00edses m\u00e1s desarrollados est\u00e1n mirando con buenos ojos toda la gesti\u00f3n que est\u00e1 realizando Chile hoy en materia energ\u00e9tica. Y como anfitriones del evento m\u00e1s importante de energ\u00edas limpias e innovaci\u00f3n, creemos que esta instancia ser\u00e1 muy valiosa para seguir avanzando en una transici\u00f3n energ\u00e9tica ambiciosa, en la que los distintos pa\u00edses podamos compartir buenas pr\u00e1cticas, coordinar acciones concretas que nos permitan ir m\u00e1s r\u00e1pido y ser eficientes para llegar a la carbono neutralidad al 2050.\u00a0 Adem\u00e1s, queremos que este evento, a pesar de ser de alto nivel, tenga el foco puesto en la ciudadan\u00eda. Y para ello estamos trabajando en una plataforma \u00fanica e innovadora, para que todos puedan ser testigos de las grandes discusiones en materia energ\u00e9tica, por el bien del planeta, por quienes hoy lo habitan y por generaciones venideras\u201d afirm\u00f3 el Biministro de Energ\u00eda y Miner\u00eda, Juan Carlos Jobet.<\/p>\n<p style=\"text-align: justify;\">\u201cLa cumbre Innovating to Net Zero de Mission Innovation contempla el lanzamiento de una ambiciosa segunda fase para la investigaci\u00f3n e innovaci\u00f3n en energ\u00eda limpia. Los pa\u00edses l\u00edderes del mundo est\u00e1n unidos en torno a una visi\u00f3n compartida. Reconocemos que la \u00fanica forma de cambiar a un sistema energ\u00e9tico m\u00e1s limpio y menos contaminante en todo el mundo es acelerando las tecnolog\u00edas de energ\u00eda limpia a trav\u00e9s de la innovaci\u00f3n\u201d, indic\u00f3 Patrick Child, presidente del Comit\u00e9 Directivo de Mission Innovation (MI).<\/p>\n<p style=\"text-align: justify;\">Por su parte, Dan Dorner, jefe de la Secretar\u00eda del Clean Energy Ministerial (CEM), afirm\u00f3 que \u00abla Clean Energy Ministerial existe para acelerar las transiciones de energ\u00eda limpia en todo el mundo. CEM12 llega en un momento cr\u00edtico para la acci\u00f3n clim\u00e1tica, precedido por el \u00e9xito de la Cumbre Net Zero del Reino Unido-IEA y la Cumbre del Clima de EE. UU. y en preparaci\u00f3n para la COP26. Con el programa de eventos m\u00e1s grande, completamente digital y abierto que hemos tenido, CEM 12 reunir\u00e1 a nuestra comunidad global de energ\u00eda limpia de gobiernos, empresas y expertos internacionales. Con la reuni\u00f3n ministerial abierta de este a\u00f1o centrada en \u00abAmbici\u00f3n a la acci\u00f3n: convertir un a\u00f1o de ambici\u00f3n en una d\u00e9cada de entrega\u00bb, CEM12 se centrar\u00e1 en c\u00f3mo impulsar tres cambios claves en el panorama de la energ\u00eda limpia: escala, sectores y sociedad. Para apoyar esta mayor ambici\u00f3n, los miembros est\u00e1n trabajando para establecer un rumbo audaz para la pr\u00f3xima fase de la CEM. Esperamos verlos a todos virtualmente en CEM12\u201d.<\/p>\n<p style=\"text-align: justify;\">Las tem\u00e1ticas de esta cumbre girar\u00e1n en torno a los desaf\u00edos sociales, econ\u00f3micos y clim\u00e1ticos tales como la descarbonizaci\u00f3n, electromovilidad, hidr\u00f3geno verde y las innovaciones necesarias para alcanzar la carbono neutralidad.<\/p>\n<p style=\"text-align: justify;\">Al respecto el Seremi de Energ\u00eda de la regi\u00f3n de Ays\u00e9n, Juan Luis Amen\u00e1bar, indic\u00f3 que \u201csi bien nuestro pa\u00eds ha avanzado de manera importante los \u00faltimos a\u00f1os hacia un sistema energ\u00e9tico m\u00e1s limpio y menos contaminante, tenemos claridad que a\u00fan queda mucho por hacer. Para ello es muy importante actuar ahora hacia una transformaci\u00f3n energ\u00e9tica sostenible en base a las energ\u00edas renovables, con miras a reducir el calentamiento global y llegar a la carbono neutralidad en el menor plazo posible. Quisiera extender la invitaci\u00f3n a toda la comunidad aysenina a que participen de esta importante cumbre, para que est\u00e9n al tanto de los avances y pol\u00edticas sectoriales que se est\u00e1n llevando a cabo en nuestro pa\u00eds y el resto del mundo. Para participar s\u00f3lo deben registrarse de manera gratuita en el sitio <a href=\"https:\/\/cem12mi6chile.com\">https:\/\/cem12mi6chile.com<\/a>\u201d explic\u00f3 la autoridad regional de energ\u00eda.<\/p>\n<\/div><\/section><\/div><div  style='height:50px' class='hr hr-invisible   avia-builder-el-6  el_after_av_one_full  el_before_av_social_share '><span class='hr-inner ' ><span class='hr-inner-style'><\/span><\/span><\/div><\/p>\n<div  class='av-social-sharing-box  avia-builder-el-7  el_after_av_hr  el_before_av_hr  '><div class='av-share-box'><h5 class='av-share-link-description av-no-toc '>Compartir esta noticia<\/h5><ul class='av-share-box-list noLightbox'><li class='av-share-link av-social-link-facebook' ><a target=\"_blank\" aria-label=\"Compartir en Facebook\" href='https:\/\/www.facebook.com\/sharer.php?u=https:\/\/radiorevelacionfm.cl\/?p=3808&#038;t=Todos%20invitados%20a%20participar%20de%20la%20cumbre%20de%20energ%C3%ADas%20limpias%20que%20re%C3%BAne%20a%20las%20principales%20econom%C3%ADas%20del%20mundo' aria-hidden='false' data-av_icon='\ue8f3' data-av_iconfont='entypo-fontello' title='' data-avia-related-tooltip='Compartir en Facebook' rel=\"noopener\"><span class='avia_hidden_link_text'>Compartir en Facebook<\/span><\/a><\/li><li class='av-share-link av-social-link-twitter' ><a target=\"_blank\" aria-label=\"Compartir en Twitter\" href='https:\/\/twitter.com\/share?text=Todos%20invitados%20a%20participar%20de%20la%20cumbre%20de%20energ%C3%ADas%20limpias%20que%20re%C3%BAne%20a%20las%20principales%20econom%C3%ADas%20del%20mundo&#038;url=https:\/\/radiorevelacionfm.cl\/?p=3808' aria-hidden='false' data-av_icon='\ue8f1' data-av_iconfont='entypo-fontello' title='' data-avia-related-tooltip='Compartir en Twitter' rel=\"noopener\"><span class='avia_hidden_link_text'>Compartir en Twitter<\/span><\/a><\/li><li class='av-share-link av-social-link-whatsapp' ><a target=\"_blank\" aria-label=\"Compartir en Whatsapp\" href='https:\/\/api.whatsapp.com\/send?text=https:\/\/radiorevelacionfm.cl\/?p=3808' aria-hidden='false' data-av_icon='\uf232' data-av_iconfont='entypo-fontello' title='' data-avia-related-tooltip='Compartir en Whatsapp' rel=\"noopener\"><span class='avia_hidden_link_text'>Compartir en Whatsapp<\/span><\/a><\/li><li class='av-share-link av-social-link-linkedin' ><a target=\"_blank\" aria-label=\"Compartir en LinkedIn\" href='https:\/\/linkedin.com\/shareArticle?mini=true&#038;title=Todos%20invitados%20a%20participar%20de%20la%20cumbre%20de%20energ%C3%ADas%20limpias%20que%20re%C3%BAne%20a%20las%20principales%20econom%C3%ADas%20del%20mundo&#038;url=https:\/\/radiorevelacionfm.cl\/?p=3808' aria-hidden='false' data-av_icon='\ue8fc' data-av_iconfont='entypo-fontello' title='' data-avia-related-tooltip='Compartir en LinkedIn' rel=\"noopener\"><span class='avia_hidden_link_text'>Compartir en LinkedIn<\/span><\/a><\/li><li class='av-share-link av-social-link-mail' ><a  aria-label=\"Compartir por correo\" href='mailto:?subject=Todos%20invitados%20a%20participar%20de%20la%20cumbre%20de%20energ%C3%ADas%20limpias%20que%20re%C3%BAne%20a%20las%20principales%20econom%C3%ADas%20del%20mundo&#038;body=https:\/\/radiorevelacionfm.cl\/?p=3808' aria-hidden='false' data-av_icon='\ue805' data-av_iconfont='entypo-fontello' title='' data-avia-related-tooltip='Compartir por correo'><span class='avia_hidden_link_text'>Compartir por correo<\/span><\/a><\/li><\/ul><\/div><\/div>\n<div  style='height:50px' class='hr hr-invisible   avia-builder-el-8  el_after_av_social_share  el_before_av_comments_list '><span class='hr-inner ' ><span class='hr-inner-style'><\/span><\/span><\/div>\n<div  class='av-buildercomment  av-blog-meta-html-info-disabled av-blog-meta-tag-disabled  '><\/div>\n","protected":false},"excerpt":{"rendered":"","protected":false},"author":1,"featured_media":0,"comment_status":"open","ping_status":"open","sticky":false,"template":"","format":"standard","meta":{"footnotes":""},"categories":[39],"tags":[],"class_list":["post-3808","post","type-post","status-publish","format-standard","hentry","category-medio-ambiente"],"jetpack_featured_media_url":"","_links":{"self":[{"href":"https:\/\/radiorevelacionfm.cl\/index.php?rest_route=\/wp\/v2\/posts\/3808","targetHints":{"allow":["GET"]}}],"collection":[{"href":"https:\/\/radiorevelacionfm.cl\/index.php?rest_route=\/wp\/v2\/posts"}],"about":[{"href":"https:\/\/radiorevelacionfm.cl\/index.php?rest_route=\/wp\/v2\/types\/post"}],"author":[{"embeddable":true,"href":"https:\/\/radiorevelacionfm.cl\/index.php?rest_route=\/wp\/v2\/users\/1"}],"replies":[{"embeddable":true,"href":"https:\/\/radiorevelacionfm.cl\/index.php?rest_route=%2Fwp%2Fv2%2Fcomments&post=3808"}],"version-history":[{"count":1,"href":"https:\/\/radiorevelacionfm.cl\/index.php?rest_route=\/wp\/v2\/posts\/3808\/revisions"}],"predecessor-version":[{"id":3810,"href":"https:\/\/radiorevelacionfm.cl\/index.php?rest_route=\/wp\/v2\/posts\/3808\/revisions\/3810"}],"wp:attachment":[{"href":"https:\/\/radiorevelacionfm.cl\/index.php?rest_route=%2Fwp%2Fv2%2Fmedia&parent=3808"}],"wp:term":[{"taxonomy":"category","embeddable":true,"href":"https:\/\/radiorevelacionfm.cl\/index.php?rest_route=%2Fwp%2Fv2%2Fcategories&post=3808"},{"taxonomy":"post_tag","embeddable":true,"href":"https:\/\/radiorevelacionfm.cl\/index.php?rest_route=%2Fwp%2Fv2%2Ftags&post=3808"}],"curies":[{"name":"wp","href":"https:\/\/api.w.org\/{rel}","templated":true}]}}