{"id":38077,"date":"2023-12-18T10:00:33","date_gmt":"2023-12-18T13:00:33","guid":{"rendered":"https:\/\/radiorevelacionfm.cl\/?p=38077"},"modified":"2023-12-18T10:00:33","modified_gmt":"2023-12-18T13:00:33","slug":"senadora-ordenes-y-angiografo-para-aysen-los-ayseninos-han-tenido-que-ser-trasladados","status":"publish","type":"post","link":"https:\/\/radiorevelacionfm.cl\/?p=38077","title":{"rendered":"Senadora \u00d3rdenes y angi\u00f3grafo para Ays\u00e9n: los ayseninos han tenido que ser trasladados"},"content":{"rendered":"<div class=\"flex_column av_one_full  flex_column_div av-zero-column-padding first  avia-builder-el-0  el_before_av_one_full  avia-builder-el-first  \" style='border-radius:0px; '><div  class='avia-image-container  av-styling-    avia-builder-el-1  avia-builder-el-no-sibling  avia-align-center '  itemprop=\"image\" itemscope=\"itemscope\" itemtype=\"https:\/\/schema.org\/ImageObject\"  ><div class='avia-image-container-inner'><div class='avia-image-overlay-wrap'><img decoding=\"async\" class='wp-image-38078 avia-img-lazy-loading-not-38078 avia_image' src=\"https:\/\/radiorevelacionfm.cl\/wp-content\/uploads\/2023\/12\/DSC00288-Enhanced-NR-2.jpg\" alt='' title='DSC00288-Enhanced-NR (2)' height=\"600\" width=\"800\"  itemprop=\"thumbnailUrl\" srcset=\"https:\/\/radiorevelacionfm.cl\/wp-content\/uploads\/2023\/12\/DSC00288-Enhanced-NR-2.jpg 800w, https:\/\/radiorevelacionfm.cl\/wp-content\/uploads\/2023\/12\/DSC00288-Enhanced-NR-2-300x225.jpg 300w, https:\/\/radiorevelacionfm.cl\/wp-content\/uploads\/2023\/12\/DSC00288-Enhanced-NR-2-768x576.jpg 768w, https:\/\/radiorevelacionfm.cl\/wp-content\/uploads\/2023\/12\/DSC00288-Enhanced-NR-2-705x529.jpg 705w, https:\/\/radiorevelacionfm.cl\/wp-content\/uploads\/2023\/12\/DSC00288-Enhanced-NR-2-450x338.jpg 450w, https:\/\/radiorevelacionfm.cl\/wp-content\/uploads\/2023\/12\/DSC00288-Enhanced-NR-2-600x450.jpg 600w\" sizes=\"(max-width: 800px) 100vw, 800px\" \/><\/div><\/div><\/div><\/div><div class=\"flex_column av_one_full  flex_column_div av-zero-column-padding first  avia-builder-el-2  el_after_av_one_full  el_before_av_one_full  column-top-margin\" style='border-radius:0px; '><section class=\"av_textblock_section \"  itemscope=\"itemscope\" itemtype=\"https:\/\/schema.org\/BlogPosting\" itemprop=\"blogPost\" ><div class='avia_textblock  '   itemprop=\"text\" ><p style=\"text-align: center;\"><strong><span style=\"font-size: 18pt;\">Senadora \u00d3rdenes y angi\u00f3grafo para Ays\u00e9n: los ayseninos han tenido que ser trasladados<\/span><\/strong><\/p>\n<div id=\"gtx-trans\" style=\"position: absolute; left: -50px; top: 4.31534px;\">\n<div class=\"gtx-trans-icon\"><\/div>\n<\/div>\n<\/div><\/section><\/div><div class=\"flex_column av_one_full  flex_column_div av-zero-column-padding first  avia-builder-el-4  el_after_av_one_full  el_before_av_hr  column-top-margin\" style='border-radius:0px; '><section class=\"av_textblock_section \"  itemscope=\"itemscope\" itemtype=\"https:\/\/schema.org\/BlogPosting\" itemprop=\"blogPost\" ><div class='avia_textblock  '   itemprop=\"text\" ><p style=\"text-align: justify;\"><em>En la b<\/em><em>\u00fa<\/em><em>squeda de acelerar la llegada del angi<\/em><em>\u00f3<\/em><em>grafo a la regi<\/em><em>\u00f3<\/em><em>n de Ays<\/em><em>\u00e9<\/em><em>n, la senadora Ximena <\/em><em>\u00d3<\/em><em>rdenes, volvi<\/em><em>\u00f3<\/em><em> a relevar la importancia de esta herramienta de diagn<\/em><em>\u00f3<\/em><em>stico y tratamiento de enfermedades cardiovasculares. En sus redes sociales public<\/em><em>\u00f3<\/em><em> un video donde se<\/em><em>\u00f1<\/em><em>ala que la falta de esta unidad imposibilita el que puedan llegar especialistas, ya que en cuanto han llegado cardi<\/em><em>\u00f3<\/em><em>logos a trabajar a la regi<\/em><em>\u00f3<\/em><em>n, se han ido por no tener esta herramienta.<\/em><\/p>\n<p style=\"text-align: justify;\">La senadora \u00d3rdenes ha realizado diversas gestiones desde 2021, a\u00f1o en que se logr\u00f3 un compromiso t\u00e9cnico por parte del Ministerio de Salud y econ\u00f3mico por parte de Hacienda, pero que no logr\u00f3 concretarse, por malas gestiones del Servicio de Salud de aquel momento. En esta oportunidad, las gestiones de la parlamentaria est\u00e1n siendo llevadas a buen puerto, para que se concrete la llegada a la regi\u00f3n de Ays\u00e9n del tan anhelado angi\u00f3grafo.<\/p>\n<p style=\"text-align: justify;\">\u201cLa adquisici\u00f3n de un angiografo para la regi\u00f3n de Ays\u00e9n es fundamental. Somos una de las pocas regiones que no cuentan con esta herramienta. Una herramienta que permite la detecci\u00f3n precoz de problem\u00e1ticas de salud, como las enfermedades vasculares\u201d, sostuvo la parlamentaria, a\u00f1adiendo que esta unidad \u201cpermite diagnosticar y tratar a tiempo este tipo de complicaciones de salud y tambi\u00e9n reduce los tiempos de espera\u201d.<\/p>\n<p style=\"text-align: justify;\">\u201cLos Ayseninos, durante mucho tiempo, han tenido que ser trasladados y este es un gran problema\u201d, recalc\u00f3 la senadora \u00d3rdenes, recordando las dificultades que deben enfrentar las familias de los pacientes trasladados y los propios pacientes, adem\u00e1s de otras complicaciones que surgen por los largos periodos de espera.<\/p>\n<p style=\"text-align: justify;\">Adem\u00e1s la senadora record\u00f3: \u201ccuando hemos conseguido los especialistas, cardi\u00f3logos, estos se han tenido que ir porque no cuentan con el dispositivo necesario para realizar su trabajo, por esto, es un compromiso seguir avanzando, insistiendo y exigiendo un angiografo para Ays\u00e9n\u201d.<\/p>\n<p style=\"text-align: justify;\">En reuniones con el ministro Marcel -Hacienda- y la ministra Aguilera -Salud- la parlamentaria record\u00f3 este problema e importante d\u00e9ficit para la regi\u00f3n y se acord\u00f3 acelerar las gestiones para que esta unidad llegue cuanto antes, considerando que esta es una herramienta indispensable para prevenir, diagnosticar y tratar las enfermedades cardiovasculares, pero tambi\u00e9n, una herramienta que permita trabajar a un especialista.<\/p>\n<\/div><\/section><\/div><div  style='height:50px' class='hr hr-invisible   avia-builder-el-6  el_after_av_one_full  el_before_av_social_share '><span class='hr-inner ' ><span class='hr-inner-style'><\/span><\/span><\/div><\/p>\n<div  class='av-social-sharing-box  avia-builder-el-7  el_after_av_hr  el_before_av_hr  '><div class='av-share-box'><h5 class='av-share-link-description av-no-toc '>Compartir esta noticia<\/h5><ul class='av-share-box-list noLightbox'><li class='av-share-link av-social-link-facebook' ><a target=\"_blank\" aria-label=\"Compartir en Facebook\" href='https:\/\/www.facebook.com\/sharer.php?u=https:\/\/radiorevelacionfm.cl\/?p=38077&#038;t=Senadora%20%C3%93rdenes%20y%20angi%C3%B3grafo%20para%20Ays%C3%A9n%3A%20los%20ayseninos%20han%20tenido%20que%20ser%20trasladados' aria-hidden='false' data-av_icon='\ue8f3' data-av_iconfont='entypo-fontello' title='' data-avia-related-tooltip='Compartir en Facebook' rel=\"noopener\"><span class='avia_hidden_link_text'>Compartir en Facebook<\/span><\/a><\/li><li class='av-share-link av-social-link-twitter' ><a target=\"_blank\" aria-label=\"Compartir en Twitter\" href='https:\/\/twitter.com\/share?text=Senadora%20%C3%93rdenes%20y%20angi%C3%B3grafo%20para%20Ays%C3%A9n%3A%20los%20ayseninos%20han%20tenido%20que%20ser%20trasladados&#038;url=https:\/\/radiorevelacionfm.cl\/?p=38077' aria-hidden='false' data-av_icon='\ue8f1' data-av_iconfont='entypo-fontello' title='' data-avia-related-tooltip='Compartir en Twitter' rel=\"noopener\"><span class='avia_hidden_link_text'>Compartir en Twitter<\/span><\/a><\/li><li class='av-share-link av-social-link-whatsapp' ><a target=\"_blank\" aria-label=\"Compartir en Whatsapp\" href='https:\/\/api.whatsapp.com\/send?text=https:\/\/radiorevelacionfm.cl\/?p=38077' aria-hidden='false' data-av_icon='\uf232' data-av_iconfont='entypo-fontello' title='' data-avia-related-tooltip='Compartir en Whatsapp' rel=\"noopener\"><span class='avia_hidden_link_text'>Compartir en Whatsapp<\/span><\/a><\/li><li class='av-share-link av-social-link-linkedin' ><a target=\"_blank\" aria-label=\"Compartir en LinkedIn\" href='https:\/\/linkedin.com\/shareArticle?mini=true&#038;title=Senadora%20%C3%93rdenes%20y%20angi%C3%B3grafo%20para%20Ays%C3%A9n%3A%20los%20ayseninos%20han%20tenido%20que%20ser%20trasladados&#038;url=https:\/\/radiorevelacionfm.cl\/?p=38077' aria-hidden='false' data-av_icon='\ue8fc' data-av_iconfont='entypo-fontello' title='' data-avia-related-tooltip='Compartir en LinkedIn' rel=\"noopener\"><span class='avia_hidden_link_text'>Compartir en LinkedIn<\/span><\/a><\/li><li class='av-share-link av-social-link-mail' ><a  aria-label=\"Compartir por correo\" href='mailto:?subject=Senadora%20%C3%93rdenes%20y%20angi%C3%B3grafo%20para%20Ays%C3%A9n%3A%20los%20ayseninos%20han%20tenido%20que%20ser%20trasladados&#038;body=https:\/\/radiorevelacionfm.cl\/?p=38077' aria-hidden='false' data-av_icon='\ue805' data-av_iconfont='entypo-fontello' title='' data-avia-related-tooltip='Compartir por correo'><span class='avia_hidden_link_text'>Compartir por correo<\/span><\/a><\/li><\/ul><\/div><\/div>\n<div  style='height:50px' class='hr hr-invisible   avia-builder-el-8  el_after_av_social_share  el_before_av_comments_list '><span class='hr-inner ' ><span class='hr-inner-style'><\/span><\/span><\/div>\n<div  class='av-buildercomment  av-blog-meta-html-info-disabled av-blog-meta-tag-disabled  '><\/div>\n","protected":false},"excerpt":{"rendered":"","protected":false},"author":1,"featured_media":38078,"comment_status":"open","ping_status":"open","sticky":false,"template":"","format":"standard","meta":{"footnotes":""},"categories":[35],"tags":[],"class_list":["post-38077","post","type-post","status-publish","format-standard","has-post-thumbnail","hentry","category-politica"],"jetpack_featured_media_url":"https:\/\/radiorevelacionfm.cl\/wp-content\/uploads\/2023\/12\/DSC00288-Enhanced-NR-2.jpg","_links":{"self":[{"href":"https:\/\/radiorevelacionfm.cl\/index.php?rest_route=\/wp\/v2\/posts\/38077","targetHints":{"allow":["GET"]}}],"collection":[{"href":"https:\/\/radiorevelacionfm.cl\/index.php?rest_route=\/wp\/v2\/posts"}],"about":[{"href":"https:\/\/radiorevelacionfm.cl\/index.php?rest_route=\/wp\/v2\/types\/post"}],"author":[{"embeddable":true,"href":"https:\/\/radiorevelacionfm.cl\/index.php?rest_route=\/wp\/v2\/users\/1"}],"replies":[{"embeddable":true,"href":"https:\/\/radiorevelacionfm.cl\/index.php?rest_route=%2Fwp%2Fv2%2Fcomments&post=38077"}],"version-history":[{"count":1,"href":"https:\/\/radiorevelacionfm.cl\/index.php?rest_route=\/wp\/v2\/posts\/38077\/revisions"}],"predecessor-version":[{"id":38079,"href":"https:\/\/radiorevelacionfm.cl\/index.php?rest_route=\/wp\/v2\/posts\/38077\/revisions\/38079"}],"wp:featuredmedia":[{"embeddable":true,"href":"https:\/\/radiorevelacionfm.cl\/index.php?rest_route=\/wp\/v2\/media\/38078"}],"wp:attachment":[{"href":"https:\/\/radiorevelacionfm.cl\/index.php?rest_route=%2Fwp%2Fv2%2Fmedia&parent=38077"}],"wp:term":[{"taxonomy":"category","embeddable":true,"href":"https:\/\/radiorevelacionfm.cl\/index.php?rest_route=%2Fwp%2Fv2%2Fcategories&post=38077"},{"taxonomy":"post_tag","embeddable":true,"href":"https:\/\/radiorevelacionfm.cl\/index.php?rest_route=%2Fwp%2Fv2%2Ftags&post=38077"}],"curies":[{"name":"wp","href":"https:\/\/api.w.org\/{rel}","templated":true}]}}