{"id":38074,"date":"2023-12-18T09:54:30","date_gmt":"2023-12-18T12:54:30","guid":{"rendered":"https:\/\/radiorevelacionfm.cl\/?p=38074"},"modified":"2023-12-18T09:54:30","modified_gmt":"2023-12-18T12:54:30","slug":"chile-chico-avanza-hacia-hogares-mas-sostenibles-con-el-inicio-de-obras-de-58-proyectos-de-mejoramiento-termico","status":"publish","type":"post","link":"https:\/\/radiorevelacionfm.cl\/?p=38074","title":{"rendered":"Chile Chico avanza hacia hogares m\u00e1s sostenibles con el inicio de obras de 58 proyectos de mejoramiento t\u00e9rmico"},"content":{"rendered":"<div class=\"flex_column av_one_full  flex_column_div av-zero-column-padding first  avia-builder-el-0  el_before_av_one_full  avia-builder-el-first  \" style='border-radius:0px; '><div  class='avia-image-container  av-styling-    avia-builder-el-1  avia-builder-el-no-sibling  avia-align-center '  itemprop=\"image\" itemscope=\"itemscope\" itemtype=\"https:\/\/schema.org\/ImageObject\"  ><div class='avia-image-container-inner'><div class='avia-image-overlay-wrap'><img decoding=\"async\" class='wp-image-38075 avia-img-lazy-loading-not-38075 avia_image' src=\"https:\/\/radiorevelacionfm.cl\/wp-content\/uploads\/2023\/12\/DSCN6287-1-1.jpg\" alt='' title='DSCN6287 (1) (1)' height=\"600\" width=\"800\"  itemprop=\"thumbnailUrl\" srcset=\"https:\/\/radiorevelacionfm.cl\/wp-content\/uploads\/2023\/12\/DSCN6287-1-1.jpg 800w, https:\/\/radiorevelacionfm.cl\/wp-content\/uploads\/2023\/12\/DSCN6287-1-1-300x225.jpg 300w, https:\/\/radiorevelacionfm.cl\/wp-content\/uploads\/2023\/12\/DSCN6287-1-1-768x576.jpg 768w, https:\/\/radiorevelacionfm.cl\/wp-content\/uploads\/2023\/12\/DSCN6287-1-1-705x529.jpg 705w, https:\/\/radiorevelacionfm.cl\/wp-content\/uploads\/2023\/12\/DSCN6287-1-1-450x338.jpg 450w, https:\/\/radiorevelacionfm.cl\/wp-content\/uploads\/2023\/12\/DSCN6287-1-1-600x450.jpg 600w\" sizes=\"(max-width: 800px) 100vw, 800px\" \/><\/div><\/div><\/div><\/div><div class=\"flex_column av_one_full  flex_column_div av-zero-column-padding first  avia-builder-el-2  el_after_av_one_full  el_before_av_one_full  column-top-margin\" style='border-radius:0px; '><section class=\"av_textblock_section \"  itemscope=\"itemscope\" itemtype=\"https:\/\/schema.org\/BlogPosting\" itemprop=\"blogPost\" ><div class='avia_textblock  '   itemprop=\"text\" ><p style=\"text-align: center;\"><span style=\"font-size: 18pt;\"><strong>Chile Chico avanza hacia hogares m\u00e1s sostenibles con el inicio de obras de 58 proyectos de mejoramiento t\u00e9rmico<\/strong><\/span><\/p>\n<div id=\"gtx-trans\" style=\"position: absolute; left: -50px; top: 4.31534px;\">\n<div class=\"gtx-trans-icon\"><\/div>\n<\/div>\n<\/div><\/section><\/div><div class=\"flex_column av_one_full  flex_column_div av-zero-column-padding first  avia-builder-el-4  el_after_av_one_full  el_before_av_hr  column-top-margin\" style='border-radius:0px; '><section class=\"av_textblock_section \"  itemscope=\"itemscope\" itemtype=\"https:\/\/schema.org\/BlogPosting\" itemprop=\"blogPost\" ><div class='avia_textblock  '   itemprop=\"text\" ><p style=\"text-align: justify;\">En la Delegaci\u00f3n Presidencial Provincial de General Carrera \u00a0se dieron cita la directiva de dos comit\u00e9s de vivienda, el Delegado Crist\u00f3bal Barcel\u00f3 Veas junto a la Jefa (S) del Departamento Provincial de SERVIU de Capit\u00e1n Prat y entidades patrocinantes, para llevar a cabo un significativo acto administrativo de entrega de terrenos . Este evento marca el inicio de las obras correspondientes a 31 proyectos de Mejoramientos T\u00e9rmicos del Comit\u00e9 Las Rositas y 27 proyectos de Mejoramiento T\u00e9rmico del Comit\u00e9 Ciudad del Sol en la comuna de Chile Chico.<\/p>\n<p style=\"text-align: justify;\">De esta forma se da inicio a la ejecuci\u00f3n de proyectos que buscan mejorar la calidad de aislamiento de las viviendas, aumentar las condiciones de calefacci\u00f3n y reducir el consumo energ\u00e9tico. Estos esfuerzos contribuir\u00e1n significativamente a descontaminar la comuna y mejorar la calidad de vida de sus habitantes, adem\u00e1s de la generaci\u00f3n de empleo local.<\/p>\n<p style=\"text-align: justify;\">Tatiana Aguilera, Jefa (S) del Departamento Provincial de SERVIU de Capit\u00e1n Prat (repartici\u00f3n que atiende tambi\u00e9n a Chile Chico), explic\u00f3 el proyecto se\u00f1alando que\u00a0 \u00abEstos proyectos se enmarcan en el programa de Plan de Descontaminaci\u00f3n Ambiental que incorpora toda la envolvente de la casa con est\u00e1ndar t\u00e9rmico, ventanas termopaneles, cambio de puertas, en el caso de los pisos que son ventilados tambi\u00e9n la aislaci\u00f3n de piso. En el fondo garantizar al m\u00e1ximo el aislamiento t\u00e9rmico de la vivienda para mejorar la calefacci\u00f3n de las casas y con ese efecto disminuir el costo y el gasto en combustible y la emisi\u00f3n de part\u00edculas contaminantes al ambiente\u201d.<\/p>\n<p style=\"text-align: justify;\">Por su parte el delegado Crist\u00f3bal Barcel\u00f3 Veas expres\u00f3 su satisfacci\u00f3n por este paso en la aplicaci\u00f3n de beneficios que impactar\u00e1n positivamente en la comunidad de Chile Chico \u00abPara el Gobierno de nuestro Presidente Gabriel Boric es fundamental este tipo de iniciativas que benefician directamente a las familias que mejorar\u00e1n su calidad de vida, pero tambi\u00e9n a toda una comunidad\u201d argumentando que \u201cprimero, porque esto ayuda a bajar los niveles de contaminaci\u00f3n del aire y adem\u00e1s genera empleo local, lo que es un desarrollo econ\u00f3mico a toda la comunidad\u00bb se\u00f1al\u00f3 la autoridad provincial<\/p>\n<p style=\"text-align: justify;\">.<\/p>\n<p style=\"text-align: justify;\">Una de las 58 beneficiarias es Mariela Epifanio, presidenta del Comit\u00e9 Las Rositas, que tras la firma de entrega de terreno coment\u00f3 estar muy contenta y que le cambiar\u00eda la vida \u201cen un 100%\u201d, adem\u00e1s indic\u00f3 que \u201cse da inicio a esto que es un sue\u00f1o para todas las familias\u201d.<\/p>\n<p style=\"text-align: justify;\">De esta manera comienza el mejoramiento de viviendas que se estima que est\u00e9 completado para el invierno de 2024. De este modo tendr\u00e1 efectos inmediatos en el menor consumo de le\u00f1a y la mejor calefacci\u00f3n de los hogares.<\/p>\n<\/div><\/section><\/div><div  style='height:50px' class='hr hr-invisible   avia-builder-el-6  el_after_av_one_full  el_before_av_social_share '><span class='hr-inner ' ><span class='hr-inner-style'><\/span><\/span><\/div><\/p>\n<div  class='av-social-sharing-box  avia-builder-el-7  el_after_av_hr  el_before_av_hr  '><div class='av-share-box'><h5 class='av-share-link-description av-no-toc '>Compartir esta noticia<\/h5><ul class='av-share-box-list noLightbox'><li class='av-share-link av-social-link-facebook' ><a target=\"_blank\" aria-label=\"Compartir en Facebook\" href='https:\/\/www.facebook.com\/sharer.php?u=https:\/\/radiorevelacionfm.cl\/?p=38074&#038;t=Chile%20Chico%20avanza%20hacia%20hogares%20m%C3%A1s%20sostenibles%20con%20el%20inicio%20de%20obras%20de%2058%20proyectos%20de%20mejoramiento%20t%C3%A9rmico' aria-hidden='false' data-av_icon='\ue8f3' data-av_iconfont='entypo-fontello' title='' data-avia-related-tooltip='Compartir en Facebook' rel=\"noopener\"><span class='avia_hidden_link_text'>Compartir en Facebook<\/span><\/a><\/li><li class='av-share-link av-social-link-twitter' ><a target=\"_blank\" aria-label=\"Compartir en Twitter\" href='https:\/\/twitter.com\/share?text=Chile%20Chico%20avanza%20hacia%20hogares%20m%C3%A1s%20sostenibles%20con%20el%20inicio%20de%20obras%20de%2058%20proyectos%20de%20mejoramiento%20t%C3%A9rmico&#038;url=https:\/\/radiorevelacionfm.cl\/?p=38074' aria-hidden='false' data-av_icon='\ue8f1' data-av_iconfont='entypo-fontello' title='' data-avia-related-tooltip='Compartir en Twitter' rel=\"noopener\"><span class='avia_hidden_link_text'>Compartir en Twitter<\/span><\/a><\/li><li class='av-share-link av-social-link-whatsapp' ><a target=\"_blank\" aria-label=\"Compartir en Whatsapp\" href='https:\/\/api.whatsapp.com\/send?text=https:\/\/radiorevelacionfm.cl\/?p=38074' aria-hidden='false' data-av_icon='\uf232' data-av_iconfont='entypo-fontello' title='' data-avia-related-tooltip='Compartir en Whatsapp' rel=\"noopener\"><span class='avia_hidden_link_text'>Compartir en Whatsapp<\/span><\/a><\/li><li class='av-share-link av-social-link-linkedin' ><a target=\"_blank\" aria-label=\"Compartir en LinkedIn\" href='https:\/\/linkedin.com\/shareArticle?mini=true&#038;title=Chile%20Chico%20avanza%20hacia%20hogares%20m%C3%A1s%20sostenibles%20con%20el%20inicio%20de%20obras%20de%2058%20proyectos%20de%20mejoramiento%20t%C3%A9rmico&#038;url=https:\/\/radiorevelacionfm.cl\/?p=38074' aria-hidden='false' data-av_icon='\ue8fc' data-av_iconfont='entypo-fontello' title='' data-avia-related-tooltip='Compartir en LinkedIn' rel=\"noopener\"><span class='avia_hidden_link_text'>Compartir en LinkedIn<\/span><\/a><\/li><li class='av-share-link av-social-link-mail' ><a  aria-label=\"Compartir por correo\" href='mailto:?subject=Chile%20Chico%20avanza%20hacia%20hogares%20m%C3%A1s%20sostenibles%20con%20el%20inicio%20de%20obras%20de%2058%20proyectos%20de%20mejoramiento%20t%C3%A9rmico&#038;body=https:\/\/radiorevelacionfm.cl\/?p=38074' aria-hidden='false' data-av_icon='\ue805' data-av_iconfont='entypo-fontello' title='' data-avia-related-tooltip='Compartir por correo'><span class='avia_hidden_link_text'>Compartir por correo<\/span><\/a><\/li><\/ul><\/div><\/div>\n<div  style='height:50px' class='hr hr-invisible   avia-builder-el-8  el_after_av_social_share  el_before_av_comments_list '><span class='hr-inner ' ><span class='hr-inner-style'><\/span><\/span><\/div>\n<div  class='av-buildercomment  av-blog-meta-html-info-disabled av-blog-meta-tag-disabled  '><\/div>\n","protected":false},"excerpt":{"rendered":"","protected":false},"author":1,"featured_media":38075,"comment_status":"open","ping_status":"open","sticky":false,"template":"","format":"standard","meta":{"footnotes":""},"categories":[38],"tags":[],"class_list":["post-38074","post","type-post","status-publish","format-standard","has-post-thumbnail","hentry","category-regional"],"jetpack_featured_media_url":"https:\/\/radiorevelacionfm.cl\/wp-content\/uploads\/2023\/12\/DSCN6287-1-1.jpg","_links":{"self":[{"href":"https:\/\/radiorevelacionfm.cl\/index.php?rest_route=\/wp\/v2\/posts\/38074","targetHints":{"allow":["GET"]}}],"collection":[{"href":"https:\/\/radiorevelacionfm.cl\/index.php?rest_route=\/wp\/v2\/posts"}],"about":[{"href":"https:\/\/radiorevelacionfm.cl\/index.php?rest_route=\/wp\/v2\/types\/post"}],"author":[{"embeddable":true,"href":"https:\/\/radiorevelacionfm.cl\/index.php?rest_route=\/wp\/v2\/users\/1"}],"replies":[{"embeddable":true,"href":"https:\/\/radiorevelacionfm.cl\/index.php?rest_route=%2Fwp%2Fv2%2Fcomments&post=38074"}],"version-history":[{"count":1,"href":"https:\/\/radiorevelacionfm.cl\/index.php?rest_route=\/wp\/v2\/posts\/38074\/revisions"}],"predecessor-version":[{"id":38076,"href":"https:\/\/radiorevelacionfm.cl\/index.php?rest_route=\/wp\/v2\/posts\/38074\/revisions\/38076"}],"wp:featuredmedia":[{"embeddable":true,"href":"https:\/\/radiorevelacionfm.cl\/index.php?rest_route=\/wp\/v2\/media\/38075"}],"wp:attachment":[{"href":"https:\/\/radiorevelacionfm.cl\/index.php?rest_route=%2Fwp%2Fv2%2Fmedia&parent=38074"}],"wp:term":[{"taxonomy":"category","embeddable":true,"href":"https:\/\/radiorevelacionfm.cl\/index.php?rest_route=%2Fwp%2Fv2%2Fcategories&post=38074"},{"taxonomy":"post_tag","embeddable":true,"href":"https:\/\/radiorevelacionfm.cl\/index.php?rest_route=%2Fwp%2Fv2%2Ftags&post=38074"}],"curies":[{"name":"wp","href":"https:\/\/api.w.org\/{rel}","templated":true}]}}