{"id":38071,"date":"2023-12-17T18:49:31","date_gmt":"2023-12-17T21:49:31","guid":{"rendered":"https:\/\/radiorevelacionfm.cl\/?p=38071"},"modified":"2023-12-17T18:49:31","modified_gmt":"2023-12-17T21:49:31","slug":"mineduc-y-minsal-oficializan-calendario-escolar-de-vacaciones-de-invierno-2024","status":"publish","type":"post","link":"https:\/\/radiorevelacionfm.cl\/?p=38071","title":{"rendered":"Mineduc y Minsal oficializan calendario escolar de vacaciones de invierno 2024"},"content":{"rendered":"<div class=\"flex_column av_one_full  flex_column_div av-zero-column-padding first  avia-builder-el-0  el_before_av_one_full  avia-builder-el-first  \" style='border-radius:0px; '><div  class='avia-image-container  av-styling-    avia-builder-el-1  avia-builder-el-no-sibling  avia-align-center '  itemprop=\"image\" itemscope=\"itemscope\" itemtype=\"https:\/\/schema.org\/ImageObject\"  ><div class='avia-image-container-inner'><div class='avia-image-overlay-wrap'><img decoding=\"async\" class='wp-image-38072 avia-img-lazy-loading-not-38072 avia_image' src=\"https:\/\/radiorevelacionfm.cl\/wp-content\/uploads\/2023\/12\/Isabel-Garrido-y-Camen-Gloria-Monsalve-1-1.jpg\" alt='' title='Isabel Garrido y Camen Gloria Monsalve (1) (1)' height=\"600\" width=\"901\"  itemprop=\"thumbnailUrl\" srcset=\"https:\/\/radiorevelacionfm.cl\/wp-content\/uploads\/2023\/12\/Isabel-Garrido-y-Camen-Gloria-Monsalve-1-1.jpg 901w, https:\/\/radiorevelacionfm.cl\/wp-content\/uploads\/2023\/12\/Isabel-Garrido-y-Camen-Gloria-Monsalve-1-1-300x200.jpg 300w, https:\/\/radiorevelacionfm.cl\/wp-content\/uploads\/2023\/12\/Isabel-Garrido-y-Camen-Gloria-Monsalve-1-1-768x511.jpg 768w, https:\/\/radiorevelacionfm.cl\/wp-content\/uploads\/2023\/12\/Isabel-Garrido-y-Camen-Gloria-Monsalve-1-1-705x469.jpg 705w, https:\/\/radiorevelacionfm.cl\/wp-content\/uploads\/2023\/12\/Isabel-Garrido-y-Camen-Gloria-Monsalve-1-1-450x300.jpg 450w, https:\/\/radiorevelacionfm.cl\/wp-content\/uploads\/2023\/12\/Isabel-Garrido-y-Camen-Gloria-Monsalve-1-1-600x400.jpg 600w\" sizes=\"(max-width: 901px) 100vw, 901px\" \/><\/div><\/div><\/div><\/div><div class=\"flex_column av_one_full  flex_column_div av-zero-column-padding first  avia-builder-el-2  el_after_av_one_full  el_before_av_one_full  column-top-margin\" style='border-radius:0px; '><section class=\"av_textblock_section \"  itemscope=\"itemscope\" itemtype=\"https:\/\/schema.org\/BlogPosting\" itemprop=\"blogPost\" ><div class='avia_textblock  '   itemprop=\"text\" ><h2 class=\"title\" style=\"text-align: center;\"><span style=\"font-size: 18pt;\"><b>Mineduc y Minsal oficializan calendario escolar de vacaciones de invierno 2024<\/b><\/span><\/h2>\n<div id=\"gtx-trans\" style=\"position: absolute; left: -50px; top: 4.31534px;\">\n<div class=\"gtx-trans-icon\"><\/div>\n<\/div>\n<\/div><\/section><\/div><div class=\"flex_column av_one_full  flex_column_div av-zero-column-padding first  avia-builder-el-4  el_after_av_one_full  el_before_av_hr  column-top-margin\" style='border-radius:0px; '><section class=\"av_textblock_section \"  itemscope=\"itemscope\" itemtype=\"https:\/\/schema.org\/BlogPosting\" itemprop=\"blogPost\" ><div class='avia_textblock  '   itemprop=\"text\" ><p style=\"text-align: justify;\" align=\"center\"><span style=\"font-size: 12pt;\"><em>En Ays\u00e9n se ha definido mantener las tres semanas continuas de receso escolar\u00a0 durante el mes de julio.<\/em><\/span><\/p>\n<p style=\"text-align: justify;\"><span style=\"font-size: 12pt;\">En el marco de la publicaci\u00f3n del\u00a0<a href=\"https:\/\/www.mineduc.cl\/resoluciones-de-calendarios-escolares-regionales-2024\/\" target=\"_blank\" rel=\"noopener\" data-saferedirecturl=\"https:\/\/www.google.com\/url?q=https:\/\/www.mineduc.cl\/resoluciones-de-calendarios-escolares-regionales-2024\/&amp;source=gmail&amp;ust=1702932827971000&amp;usg=AOvVaw0Xq7IPaNpnoYEoX1MvYXAa\">Calendario Escolar 2024<\/a>, que regir\u00e1 a todos los establecimientos educacionales de cada regi\u00f3n, el Ministerio de Educaci\u00f3n oficializ\u00f3 el calendario de vacaciones de invierno para el pr\u00f3ximo a\u00f1o, en coordinaci\u00f3n con la Unidad de An\u00e1lisis del Departamento de Epidemiolog\u00eda del\u00a0<a href=\"https:\/\/www.minsal.cl\/\" target=\"_blank\" rel=\"noopener\" data-saferedirecturl=\"https:\/\/www.google.com\/url?q=https:\/\/www.minsal.cl\/&amp;source=gmail&amp;ust=1702932827971000&amp;usg=AOvVaw3Dw3_OOZCkrpJnIQRkbOXG\">Ministerio de Salud<\/a>, que ponder\u00f3 el comportamiento viral observado en los \u00faltimos a\u00f1os.<\/span><\/p>\n<p style=\"text-align: justify;\"><span style=\"font-size: 12pt;\">Estas orientaciones fueron enviadas a trav\u00e9s de la Divisi\u00f3n de Educaci\u00f3n General (DEG) a todas las Secretar\u00edas Regionales Ministeriales de Educaci\u00f3n que tuvieron plazo hasta el viernes 15 de diciembre para la elaboraci\u00f3n de los calendarios escolares 2024, con el fin de que las disposiciones que se incorporen tengan pertinencia territorial.\u00a0<\/span><\/p>\n<p style=\"text-align: justify;\"><span style=\"font-size: 12pt;\">De esta manera, el Mineduc estableci\u00f3 que el inicio del a\u00f1o escolar ser\u00e1 el viernes 1 de marzo y el ingreso de las y los estudiantes se realizar\u00e1 el martes 5 de marzo.\u00a0<\/span><\/p>\n<p style=\"text-align: justify;\"><span style=\"font-size: 12pt;\">En la regi\u00f3n de Ays\u00e9n las autoridades de Educaci\u00f3n y Salud han definido mantener las 3 semanas continuas de vacaciones de invierno en el mes de julio; esto es por ser el mes m\u00e1s fr\u00edo del a\u00f1o y con mayor probabilidad de episodios cr\u00edticos de enfermedades respiratorias agudas hist\u00f3rico y la curva de contagio y circulaci\u00f3n de virus respiratorios en ni\u00f1os, ni\u00f1as y adolescentes.<\/span><\/p>\n<p style=\"text-align: justify;\"><span style=\"font-size: 12pt;\">La Seremi de Educaci\u00f3n de Ays\u00e9n detall\u00f3 que entre las definiciones m\u00e1s relevantes del Calendario Escolar Regional 2024 est\u00e1n las vacaciones de invierno, las que se mantendr\u00e1n entre el 8 y el 26 de julio, m\u00e1s tarde que las zonas centro y norte del pa\u00eds, ajust\u00e1ndose a la realidad clim\u00e1tica y sanitaria local.<\/span><\/p>\n<p style=\"text-align: justify;\"><span style=\"font-size: 12pt;\">Tambi\u00e9n establece que el a\u00f1o escolar iniciar\u00e1 el 1 de marzo para docentes y el 5 de marzo para estudiantes, reservando los primeros d\u00edas para planificaci\u00f3n escolar. Adem\u00e1s, se sugieren diversas fechas de conmemoraci\u00f3n relacionadas con el medio ambiente, un sello caracter\u00edstico de varias escuelas de la Regi\u00f3n de Ays\u00e9n.<\/span><\/p>\n<p style=\"text-align: justify;\"><span style=\"font-size: 12pt;\">Isabel Garrido explic\u00f3 que esta decisi\u00f3n se sustenta considerando por una parte las orientaciones generales de la Divisi\u00f3n de Educaci\u00f3n General entregadas mediante Ord. N\u00b0 05\/2265, de 20\/11\/2023 para la elaboraci\u00f3n de los calendarios escolares regionales, para as\u00ed contar con lineamientos y criterios uniformes a nivel nacional y tambi\u00e9n en el \u201cInforme T\u00e9cnico sobre demandas de enfermedades respiratorias y su relaci\u00f3n con el receso de vacaciones de invierno\u201d para los establecimientos educacionales de la Regi\u00f3n de Ays\u00e9n, expuesto por la Secretar\u00eda Ministerial de Salud de la Regi\u00f3n de Ays\u00e9n, a trav\u00e9s de Ordinario N\u00ba1288, del 14\/12\/2023, el cual orienta que la mayor tasa de contagio se da entre la segunda y cuarta semana de julio.<\/span><\/p>\n<p style=\"text-align: justify;\"><span style=\"font-size: 12pt;\">\u201cDesde el Mineduc se ha recogido la experiencia de estos \u00faltimos a\u00f1os. Tenemos el desaf\u00edo, por un lado, de resguardar el bienestar de ni\u00f1os, ni\u00f1as y j\u00f3venes, junto con recuperar y fortalecer los aprendizajes que se vieron afectados producto de la pandemia. En ese sentido, las medidas sugeridas en las orientaciones para la elaboraci\u00f3n de los calendarios escolares 2024 tienen como foco principal fortalecer la asistencia a clases, bajo el entendido que en el sur austral experimentamos condiciones clim\u00e1ticas m\u00e1s adversas en julio, y un ligero desfase respecto a la situaci\u00f3n sanitaria\u201d.<\/span><\/p>\n<p style=\"text-align: justify;\"><span style=\"font-size: 12pt;\">Por su parte la Seremi de Salud de Ays\u00e9n Carmen Gloria Monsalve se\u00f1al\u00f3 que \u201cBuscando la seguridad de nuestros estudiantes y mantener la reactivaci\u00f3n educativa, se han analizado varios indicadores sanitaros como: el Material Particulado 2,5 en per\u00edodos de invierno, las consultas y hospitalizaciones por cuadros respiratorios, en base a ese an\u00e1lisis -con datos recopilados entre el a\u00f1o 2019 al 2023- se ha tomado una determinaci\u00f3n epidemiol\u00f3gica que va en concordancia con lo que plantea la Seremi de Educaci\u00f3n, esperamos que esta determinaci\u00f3n sea favorable para la comunidad educativa, que permita la asistencia regular a clases, para as\u00ed cumplir con el mandato del Pdte. Gabriel Boric que es reactivar la asistencia a clases, pero un ambiente seguro para nuestros estudiantes\u201d.<\/span><\/p>\n<p style=\"text-align: justify;\"><span style=\"font-size: 12pt;\">Para conocer los calendarios escolares 2024 de cada regi\u00f3n ingresa a\u00a0<a href=\"https:\/\/www.mineduc.cl\/resoluciones-de-calendarios-escolares-regionales-2024\/\" target=\"_blank\" rel=\"noopener\" data-saferedirecturl=\"https:\/\/www.google.com\/url?q=https:\/\/www.mineduc.cl\/resoluciones-de-calendarios-escolares-regionales-2024\/&amp;source=gmail&amp;ust=1702932827971000&amp;usg=AOvVaw0Xq7IPaNpnoYEoX1MvYXAa\">https:\/\/www.mineduc.cl\/<wbr \/>resoluciones-de-calendarios-<wbr \/>escolares-regionales-2024\/<\/a><\/span><\/p>\n<\/div><\/section><\/div><div  style='height:50px' class='hr hr-invisible   avia-builder-el-6  el_after_av_one_full  el_before_av_social_share '><span class='hr-inner ' ><span class='hr-inner-style'><\/span><\/span><\/div><\/p>\n<div  class='av-social-sharing-box  avia-builder-el-7  el_after_av_hr  el_before_av_hr  '><div class='av-share-box'><h5 class='av-share-link-description av-no-toc '>Compartir esta noticia<\/h5><ul class='av-share-box-list noLightbox'><li class='av-share-link av-social-link-facebook' ><a target=\"_blank\" aria-label=\"Compartir en Facebook\" href='https:\/\/www.facebook.com\/sharer.php?u=https:\/\/radiorevelacionfm.cl\/?p=38071&#038;t=Mineduc%20y%20Minsal%20oficializan%20calendario%20escolar%20de%20vacaciones%20de%20invierno%202024' aria-hidden='false' data-av_icon='\ue8f3' data-av_iconfont='entypo-fontello' title='' data-avia-related-tooltip='Compartir en Facebook' rel=\"noopener\"><span class='avia_hidden_link_text'>Compartir en Facebook<\/span><\/a><\/li><li class='av-share-link av-social-link-twitter' ><a target=\"_blank\" aria-label=\"Compartir en Twitter\" href='https:\/\/twitter.com\/share?text=Mineduc%20y%20Minsal%20oficializan%20calendario%20escolar%20de%20vacaciones%20de%20invierno%202024&#038;url=https:\/\/radiorevelacionfm.cl\/?p=38071' aria-hidden='false' data-av_icon='\ue8f1' data-av_iconfont='entypo-fontello' title='' data-avia-related-tooltip='Compartir en Twitter' rel=\"noopener\"><span class='avia_hidden_link_text'>Compartir en Twitter<\/span><\/a><\/li><li class='av-share-link av-social-link-whatsapp' ><a target=\"_blank\" aria-label=\"Compartir en Whatsapp\" href='https:\/\/api.whatsapp.com\/send?text=https:\/\/radiorevelacionfm.cl\/?p=38071' aria-hidden='false' data-av_icon='\uf232' data-av_iconfont='entypo-fontello' title='' data-avia-related-tooltip='Compartir en Whatsapp' rel=\"noopener\"><span class='avia_hidden_link_text'>Compartir en Whatsapp<\/span><\/a><\/li><li class='av-share-link av-social-link-linkedin' ><a target=\"_blank\" aria-label=\"Compartir en LinkedIn\" href='https:\/\/linkedin.com\/shareArticle?mini=true&#038;title=Mineduc%20y%20Minsal%20oficializan%20calendario%20escolar%20de%20vacaciones%20de%20invierno%202024&#038;url=https:\/\/radiorevelacionfm.cl\/?p=38071' aria-hidden='false' data-av_icon='\ue8fc' data-av_iconfont='entypo-fontello' title='' data-avia-related-tooltip='Compartir en LinkedIn' rel=\"noopener\"><span class='avia_hidden_link_text'>Compartir en LinkedIn<\/span><\/a><\/li><li class='av-share-link av-social-link-mail' ><a  aria-label=\"Compartir por correo\" href='mailto:?subject=Mineduc%20y%20Minsal%20oficializan%20calendario%20escolar%20de%20vacaciones%20de%20invierno%202024&#038;body=https:\/\/radiorevelacionfm.cl\/?p=38071' aria-hidden='false' data-av_icon='\ue805' data-av_iconfont='entypo-fontello' title='' data-avia-related-tooltip='Compartir por correo'><span class='avia_hidden_link_text'>Compartir por correo<\/span><\/a><\/li><\/ul><\/div><\/div>\n<div  style='height:50px' class='hr hr-invisible   avia-builder-el-8  el_after_av_social_share  el_before_av_comments_list '><span class='hr-inner ' ><span class='hr-inner-style'><\/span><\/span><\/div>\n<div  class='av-buildercomment  av-blog-meta-html-info-disabled av-blog-meta-tag-disabled  '><\/div>\n","protected":false},"excerpt":{"rendered":"","protected":false},"author":1,"featured_media":38072,"comment_status":"open","ping_status":"open","sticky":false,"template":"","format":"standard","meta":{"footnotes":""},"categories":[49],"tags":[],"class_list":["post-38071","post","type-post","status-publish","format-standard","has-post-thumbnail","hentry","category-educacion"],"jetpack_featured_media_url":"https:\/\/radiorevelacionfm.cl\/wp-content\/uploads\/2023\/12\/Isabel-Garrido-y-Camen-Gloria-Monsalve-1-1.jpg","_links":{"self":[{"href":"https:\/\/radiorevelacionfm.cl\/index.php?rest_route=\/wp\/v2\/posts\/38071","targetHints":{"allow":["GET"]}}],"collection":[{"href":"https:\/\/radiorevelacionfm.cl\/index.php?rest_route=\/wp\/v2\/posts"}],"about":[{"href":"https:\/\/radiorevelacionfm.cl\/index.php?rest_route=\/wp\/v2\/types\/post"}],"author":[{"embeddable":true,"href":"https:\/\/radiorevelacionfm.cl\/index.php?rest_route=\/wp\/v2\/users\/1"}],"replies":[{"embeddable":true,"href":"https:\/\/radiorevelacionfm.cl\/index.php?rest_route=%2Fwp%2Fv2%2Fcomments&post=38071"}],"version-history":[{"count":1,"href":"https:\/\/radiorevelacionfm.cl\/index.php?rest_route=\/wp\/v2\/posts\/38071\/revisions"}],"predecessor-version":[{"id":38073,"href":"https:\/\/radiorevelacionfm.cl\/index.php?rest_route=\/wp\/v2\/posts\/38071\/revisions\/38073"}],"wp:featuredmedia":[{"embeddable":true,"href":"https:\/\/radiorevelacionfm.cl\/index.php?rest_route=\/wp\/v2\/media\/38072"}],"wp:attachment":[{"href":"https:\/\/radiorevelacionfm.cl\/index.php?rest_route=%2Fwp%2Fv2%2Fmedia&parent=38071"}],"wp:term":[{"taxonomy":"category","embeddable":true,"href":"https:\/\/radiorevelacionfm.cl\/index.php?rest_route=%2Fwp%2Fv2%2Fcategories&post=38071"},{"taxonomy":"post_tag","embeddable":true,"href":"https:\/\/radiorevelacionfm.cl\/index.php?rest_route=%2Fwp%2Fv2%2Ftags&post=38071"}],"curies":[{"name":"wp","href":"https:\/\/api.w.org\/{rel}","templated":true}]}}