{"id":38066,"date":"2023-12-17T17:21:37","date_gmt":"2023-12-17T20:21:37","guid":{"rendered":"https:\/\/radiorevelacionfm.cl\/?p=38066"},"modified":"2023-12-17T17:21:37","modified_gmt":"2023-12-17T20:21:37","slug":"barcaza-la-tehuelche-retomo-operaciones-en-el-lago-general-carrera","status":"publish","type":"post","link":"https:\/\/radiorevelacionfm.cl\/?p=38066","title":{"rendered":"Barcaza La Tehuelche retom\u00f3 operaciones en el Lago General Carrera"},"content":{"rendered":"<div class=\"flex_column av_one_full  flex_column_div av-zero-column-padding first  avia-builder-el-0  el_before_av_one_full  avia-builder-el-first  \" style='border-radius:0px; '><div  class='avia-image-container  av-styling-    avia-builder-el-1  avia-builder-el-no-sibling  avia-align-center '  itemprop=\"image\" itemscope=\"itemscope\" itemtype=\"https:\/\/schema.org\/ImageObject\"  ><div class='avia-image-container-inner'><div class='avia-image-overlay-wrap'><img decoding=\"async\" class='wp-image-25661 avia-img-lazy-loading-not-25661 avia_image' src=\"https:\/\/radiorevelacionfm.cl\/wp-content\/uploads\/2022\/12\/LATEHUELCHE-1-1.jpg\" alt='' title='LATEHUELCHE (1) (1)' height=\"600\" width=\"1067\"  itemprop=\"thumbnailUrl\" srcset=\"https:\/\/radiorevelacionfm.cl\/wp-content\/uploads\/2022\/12\/LATEHUELCHE-1-1.jpg 1067w, https:\/\/radiorevelacionfm.cl\/wp-content\/uploads\/2022\/12\/LATEHUELCHE-1-1-300x169.jpg 300w, https:\/\/radiorevelacionfm.cl\/wp-content\/uploads\/2022\/12\/LATEHUELCHE-1-1-1030x579.jpg 1030w, https:\/\/radiorevelacionfm.cl\/wp-content\/uploads\/2022\/12\/LATEHUELCHE-1-1-768x432.jpg 768w, https:\/\/radiorevelacionfm.cl\/wp-content\/uploads\/2022\/12\/LATEHUELCHE-1-1-705x396.jpg 705w, https:\/\/radiorevelacionfm.cl\/wp-content\/uploads\/2022\/12\/LATEHUELCHE-1-1-600x337.jpg 600w\" sizes=\"(max-width: 1067px) 100vw, 1067px\" \/><\/div><\/div><\/div><\/div><div class=\"flex_column av_one_full  flex_column_div av-zero-column-padding first  avia-builder-el-2  el_after_av_one_full  el_before_av_one_full  column-top-margin\" style='border-radius:0px; '><section class=\"av_textblock_section \"  itemscope=\"itemscope\" itemtype=\"https:\/\/schema.org\/BlogPosting\" itemprop=\"blogPost\" ><div class='avia_textblock  '   itemprop=\"text\" ><p style=\"text-align: center;\"><span style=\"font-size: 18pt;\"><strong>Barcaza La Tehuelche retom\u00f3 operaciones en el Lago General Carrera<\/strong><\/span><\/p>\n<div id=\"gtx-trans\" style=\"position: absolute; left: -50px; top: 4.31534px;\">\n<div class=\"gtx-trans-icon\"><\/div>\n<\/div>\n<\/div><\/section><\/div><div class=\"flex_column av_one_full  flex_column_div av-zero-column-padding first  avia-builder-el-4  el_after_av_one_full  el_before_av_hr  column-top-margin\" style='border-radius:0px; '><section class=\"av_textblock_section \"  itemscope=\"itemscope\" itemtype=\"https:\/\/schema.org\/BlogPosting\" itemprop=\"blogPost\" ><div class='avia_textblock  '   itemprop=\"text\" ><p style=\"text-align: justify;\"><em>\u201cEstamos cumpliendo compromiso con la comunidad de realizar conservaci\u00f3n a la nave en per\u00edodos de baja demanda, as\u00ed como tambi\u00e9n con la ejecuci\u00f3n de obras que mantienen una embarcaci\u00f3n segura para la comunidad y en la entrega de conectividad mediante sus operaciones en el entorno del lago General Carrera\u201d, destac\u00f3 el SEREMI del MOP.<\/em><\/p>\n<p style=\"text-align: justify;\">El Secretario Regional Ministerial de Obras P\u00fablicas, Patricio Sanhueza Ulloa, junto al director regional de Obras Portuarias \u00c1lvaro D\u00edaz Contreras y el Inspector Fiscal de la Direcci\u00f3n Regional de Obras Portuarias Javier Callejas Quispe, este viernes 15 de diciembre realizaron una inspecci\u00f3n a los trabajos efectuados a la nave La Tehuelche, constatando a la fecha su buena ejecuci\u00f3n y la finalizaci\u00f3n de las obras de conservaci\u00f3n.<\/p>\n<p style=\"text-align: justify;\">Al respecto, el SEREMI de Obras P\u00fablicas, Patricio Sanhueza junto con destacar el trabajo colaborativo y coordinado para llevar a buen t\u00e9rmino las obras se\u00f1al\u00f3: \u201cHemos concluido las labores de conservaci\u00f3n de la nave La Tehuelche. Estamos cumpliendo con la comunidad con seguridad en la conectividad, que es una meta principal y un compromiso de nuestro gobierno, pero tambi\u00e9n estamos cumpliendo con realizar las conservaciones en per\u00edodos de baja demanda de tal manera que durante la temporada alta la nave pueda mantenerse operando, por lo tanto estas labores las hemos programado para los meses de noviembre, diciembre y posteriormente en el mes de abril. Esta es una oportunidad para reconocer el gran trabajo coordinado de todo el equipo de la Direcci\u00f3n Regional de Obras Portuarias y del Ingeniero Naval e Inspector Fiscal Javier Callejas, pero tambi\u00e9n de la Tripulaci\u00f3n, en son de mantener nuestra barcaza y su operaci\u00f3n en condiciones \u00f3ptimas de seguridad y la conectividad para el bienestar de las localidades entorno al Lago General Carrera\u201d.<\/p>\n<p style=\"text-align: justify;\">En la oportunidad, las autoridades de Obras P\u00fablicas efectuaron un completo recorrido e inspecci\u00f3n de los trabajos, ocasi\u00f3n en la que el director regional de Obras Portuarias del MOP, \u00c1lvaro D\u00edaz Contreras expres\u00f3 \u201csu conformidad con la ejecuci\u00f3n de los trabajos contratados en la primera etapa del contrato, donde la embarcaci\u00f3n debi\u00f3 detenerse durante 10 d\u00edas, desde el 04 de diciembre. Comenzando con la inspecci\u00f3n de los motores principales y generadores tras nuevamente cumplir con 1500 horas de funcionamiento, lo que fue solicitado por la Direcci\u00f3n Regional de Obras Portuarias (DOP-MOP) con la anticipaci\u00f3n adecuada, para que la empresa operadora pudiera gestionar la contrataci\u00f3n de los t\u00e9cnicos autorizados por el fabricante de los equipos. En paralelo, se gestion\u00f3 la contrataci\u00f3n de los trabajos a cargo de la DOP adjudicando a la empresa ASMAR Magallanes las obras de conservaci\u00f3n de la embarcaci\u00f3n, lo que se logr\u00f3 con la colaboraci\u00f3n y coordinaci\u00f3n de los profesionales de la Direcci\u00f3n Regional y Nacional de Obras Portuarias, y durante la ejecuci\u00f3n con el apoyo de la tripulaci\u00f3n liderada por el Capit\u00e1n Oscar Retamal y el Jefe de M\u00e1quinas Pablo Gaete, de la empresa RVC\u201d.<\/p>\n<p style=\"text-align: justify;\">En tanto, Javier Callejas Quispe, Ingeniero Naval e Inspector Fiscal se\u00f1al\u00f3 tambi\u00e9n que \u201clas obras de conservaci\u00f3n consistieron en efectuar el cambio de propulsor, inspecci\u00f3n a los motores principales y la mantenci\u00f3n de la cubierta principal, conservando el esquema de pintura\u201d.<\/p>\n<\/div><\/section><\/div><div  style='height:50px' class='hr hr-invisible   avia-builder-el-6  el_after_av_one_full  el_before_av_social_share '><span class='hr-inner ' ><span class='hr-inner-style'><\/span><\/span><\/div><\/p>\n<div  class='av-social-sharing-box  avia-builder-el-7  el_after_av_hr  el_before_av_hr  '><div class='av-share-box'><h5 class='av-share-link-description av-no-toc '>Compartir esta noticia<\/h5><ul class='av-share-box-list noLightbox'><li class='av-share-link av-social-link-facebook' ><a target=\"_blank\" aria-label=\"Compartir en Facebook\" href='https:\/\/www.facebook.com\/sharer.php?u=https:\/\/radiorevelacionfm.cl\/?p=38066&#038;t=Barcaza%20La%20Tehuelche%20retom%C3%B3%20operaciones%20en%20el%20Lago%20General%20Carrera' aria-hidden='false' data-av_icon='\ue8f3' data-av_iconfont='entypo-fontello' title='' data-avia-related-tooltip='Compartir en Facebook' rel=\"noopener\"><span class='avia_hidden_link_text'>Compartir en Facebook<\/span><\/a><\/li><li class='av-share-link av-social-link-twitter' ><a target=\"_blank\" aria-label=\"Compartir en Twitter\" href='https:\/\/twitter.com\/share?text=Barcaza%20La%20Tehuelche%20retom%C3%B3%20operaciones%20en%20el%20Lago%20General%20Carrera&#038;url=https:\/\/radiorevelacionfm.cl\/?p=38066' aria-hidden='false' data-av_icon='\ue8f1' data-av_iconfont='entypo-fontello' title='' data-avia-related-tooltip='Compartir en Twitter' rel=\"noopener\"><span class='avia_hidden_link_text'>Compartir en Twitter<\/span><\/a><\/li><li class='av-share-link av-social-link-whatsapp' ><a target=\"_blank\" aria-label=\"Compartir en Whatsapp\" href='https:\/\/api.whatsapp.com\/send?text=https:\/\/radiorevelacionfm.cl\/?p=38066' aria-hidden='false' data-av_icon='\uf232' data-av_iconfont='entypo-fontello' title='' data-avia-related-tooltip='Compartir en Whatsapp' rel=\"noopener\"><span class='avia_hidden_link_text'>Compartir en Whatsapp<\/span><\/a><\/li><li class='av-share-link av-social-link-linkedin' ><a target=\"_blank\" aria-label=\"Compartir en LinkedIn\" href='https:\/\/linkedin.com\/shareArticle?mini=true&#038;title=Barcaza%20La%20Tehuelche%20retom%C3%B3%20operaciones%20en%20el%20Lago%20General%20Carrera&#038;url=https:\/\/radiorevelacionfm.cl\/?p=38066' aria-hidden='false' data-av_icon='\ue8fc' data-av_iconfont='entypo-fontello' title='' data-avia-related-tooltip='Compartir en LinkedIn' rel=\"noopener\"><span class='avia_hidden_link_text'>Compartir en LinkedIn<\/span><\/a><\/li><li class='av-share-link av-social-link-mail' ><a  aria-label=\"Compartir por correo\" href='mailto:?subject=Barcaza%20La%20Tehuelche%20retom%C3%B3%20operaciones%20en%20el%20Lago%20General%20Carrera&#038;body=https:\/\/radiorevelacionfm.cl\/?p=38066' aria-hidden='false' data-av_icon='\ue805' data-av_iconfont='entypo-fontello' title='' data-avia-related-tooltip='Compartir por correo'><span class='avia_hidden_link_text'>Compartir por correo<\/span><\/a><\/li><\/ul><\/div><\/div>\n<div  style='height:50px' class='hr hr-invisible   avia-builder-el-8  el_after_av_social_share  el_before_av_comments_list '><span class='hr-inner ' ><span class='hr-inner-style'><\/span><\/span><\/div>\n<div  class='av-buildercomment  av-blog-meta-html-info-disabled av-blog-meta-tag-disabled  '><\/div>\n","protected":false},"excerpt":{"rendered":"","protected":false},"author":1,"featured_media":25661,"comment_status":"open","ping_status":"open","sticky":false,"template":"","format":"standard","meta":{"footnotes":""},"categories":[38],"tags":[],"class_list":["post-38066","post","type-post","status-publish","format-standard","has-post-thumbnail","hentry","category-regional"],"jetpack_featured_media_url":"https:\/\/radiorevelacionfm.cl\/wp-content\/uploads\/2022\/12\/LATEHUELCHE-1-1.jpg","_links":{"self":[{"href":"https:\/\/radiorevelacionfm.cl\/index.php?rest_route=\/wp\/v2\/posts\/38066","targetHints":{"allow":["GET"]}}],"collection":[{"href":"https:\/\/radiorevelacionfm.cl\/index.php?rest_route=\/wp\/v2\/posts"}],"about":[{"href":"https:\/\/radiorevelacionfm.cl\/index.php?rest_route=\/wp\/v2\/types\/post"}],"author":[{"embeddable":true,"href":"https:\/\/radiorevelacionfm.cl\/index.php?rest_route=\/wp\/v2\/users\/1"}],"replies":[{"embeddable":true,"href":"https:\/\/radiorevelacionfm.cl\/index.php?rest_route=%2Fwp%2Fv2%2Fcomments&post=38066"}],"version-history":[{"count":1,"href":"https:\/\/radiorevelacionfm.cl\/index.php?rest_route=\/wp\/v2\/posts\/38066\/revisions"}],"predecessor-version":[{"id":38067,"href":"https:\/\/radiorevelacionfm.cl\/index.php?rest_route=\/wp\/v2\/posts\/38066\/revisions\/38067"}],"wp:featuredmedia":[{"embeddable":true,"href":"https:\/\/radiorevelacionfm.cl\/index.php?rest_route=\/wp\/v2\/media\/25661"}],"wp:attachment":[{"href":"https:\/\/radiorevelacionfm.cl\/index.php?rest_route=%2Fwp%2Fv2%2Fmedia&parent=38066"}],"wp:term":[{"taxonomy":"category","embeddable":true,"href":"https:\/\/radiorevelacionfm.cl\/index.php?rest_route=%2Fwp%2Fv2%2Fcategories&post=38066"},{"taxonomy":"post_tag","embeddable":true,"href":"https:\/\/radiorevelacionfm.cl\/index.php?rest_route=%2Fwp%2Fv2%2Ftags&post=38066"}],"curies":[{"name":"wp","href":"https:\/\/api.w.org\/{rel}","templated":true}]}}