{"id":38058,"date":"2023-12-16T10:26:21","date_gmt":"2023-12-16T13:26:21","guid":{"rendered":"https:\/\/radiorevelacionfm.cl\/?p=38058"},"modified":"2023-12-16T10:26:21","modified_gmt":"2023-12-16T13:26:21","slug":"edelaysen-realiza-campana-mira-para-arriba-que-busca-concientizar-en-la-seguridad-del-cableado-electrico","status":"publish","type":"post","link":"https:\/\/radiorevelacionfm.cl\/?p=38058","title":{"rendered":"Edelaysen realiza campa\u00f1a \u201cMira para Arriba\u201d que busca concientizar en la seguridad del cableado el\u00e9ctrico"},"content":{"rendered":"<div class=\"flex_column av_one_full  flex_column_div av-zero-column-padding first  avia-builder-el-0  el_before_av_one_full  avia-builder-el-first  \" style='border-radius:0px; '><div  class='avia-image-container  av-styling-    avia-builder-el-1  avia-builder-el-no-sibling  avia-align-center '  itemprop=\"image\" itemscope=\"itemscope\" itemtype=\"https:\/\/schema.org\/ImageObject\"  ><div class='avia-image-container-inner'><div class='avia-image-overlay-wrap'><img decoding=\"async\" class='wp-image-38061 avia-img-lazy-loading-not-38061 avia_image' src=\"https:\/\/radiorevelacionfm.cl\/wp-content\/uploads\/2023\/12\/Mira-para-arriba2-1-1.jpeg\" alt='' title='Mira para arriba2 (1) (1)' height=\"600\" width=\"800\"  itemprop=\"thumbnailUrl\" srcset=\"https:\/\/radiorevelacionfm.cl\/wp-content\/uploads\/2023\/12\/Mira-para-arriba2-1-1.jpeg 800w, https:\/\/radiorevelacionfm.cl\/wp-content\/uploads\/2023\/12\/Mira-para-arriba2-1-1-300x225.jpeg 300w, https:\/\/radiorevelacionfm.cl\/wp-content\/uploads\/2023\/12\/Mira-para-arriba2-1-1-768x576.jpeg 768w, https:\/\/radiorevelacionfm.cl\/wp-content\/uploads\/2023\/12\/Mira-para-arriba2-1-1-705x529.jpeg 705w, https:\/\/radiorevelacionfm.cl\/wp-content\/uploads\/2023\/12\/Mira-para-arriba2-1-1-450x338.jpeg 450w, https:\/\/radiorevelacionfm.cl\/wp-content\/uploads\/2023\/12\/Mira-para-arriba2-1-1-600x450.jpeg 600w\" sizes=\"(max-width: 800px) 100vw, 800px\" \/><\/div><\/div><\/div><\/div><div class=\"flex_column av_one_full  flex_column_div av-zero-column-padding first  avia-builder-el-2  el_after_av_one_full  el_before_av_one_full  column-top-margin\" style='border-radius:0px; '><section class=\"av_textblock_section \"  itemscope=\"itemscope\" itemtype=\"https:\/\/schema.org\/BlogPosting\" itemprop=\"blogPost\" ><div class='avia_textblock  '   itemprop=\"text\" ><h2 class=\"title\" style=\"text-align: center;\"><span style=\"font-size: 18pt;\"><strong>Edelaysen realiza campa\u00f1a \u201cMira para Arriba\u201d que busca concientizar en la seguridad del cableado el\u00e9ctrico<\/strong><\/span><\/h2>\n<div id=\"gtx-trans\" style=\"position: absolute; left: -50px; top: 4.31534px;\">\n<div class=\"gtx-trans-icon\"><\/div>\n<\/div>\n<\/div><\/section><\/div><div class=\"flex_column av_one_full  flex_column_div av-zero-column-padding first  avia-builder-el-4  el_after_av_one_full  el_before_av_hr  column-top-margin\" style='border-radius:0px; '><section class=\"av_textblock_section \"  itemscope=\"itemscope\" itemtype=\"https:\/\/schema.org\/BlogPosting\" itemprop=\"blogPost\" ><div class='avia_textblock  '   itemprop=\"text\" ><p style=\"text-align: justify;\"><em>Las charlas informativas se realizaron en Puerto Ays\u00e9n, Chacabuco y Coyhaique, en un recorrido por establecimientos locales para informar sobre la importancia de prestar atenci\u00f3n al cableado el\u00e9ctrico. <\/em><\/p>\n<p style=\"text-align: justify;\"><em>\u00a0<\/em>La campa\u00f1a \u201cMira para Arriba\u201d, es una iniciativa centrada en la seguridad con el objetivo de concientizar a la comunidad sobre la importancia de la atenci\u00f3n al cableado el\u00e9ctrico y la adopci\u00f3n de pr\u00e1cticas seguras. Con el firme compromiso de prevenir accidentes y fomentar la conciencia p\u00fablica, representantes de Edelaysen realizaron un recorrido por diversos puntos de la regi\u00f3n para abordar esta importante tem\u00e1tica.<\/p>\n<p style=\"text-align: justify;\">Durante las visitas, el equipo de la empresa el\u00e9ctrica, comparti\u00f3 informaci\u00f3n valiosa sobre los riesgos potenciales del cableado el\u00e9ctrico y las medidas de precauci\u00f3n que deben tomar para garantizar la seguridad de todos. La campa\u00f1a destaca la importancia de que la comunidad est\u00e9 alerta y consciente de su entorno, especialmente en \u00e1reas donde hay presencia de cables el\u00e9ctricos.<\/p>\n<p style=\"text-align: justify;\">Patricio Raimilla, jefe de Servicio al Cliente expres\u00f3 \u201cLa seguridad es un intransable para nuestra compa\u00f1\u00eda por lo que estas instancias son valiosas y nos llenan de satisfacci\u00f3n. Al levantar la vista, protegemos nuestras vidas y las de quienes nos rodean. Manteng\u00e1monos alerta y tomemos las precauciones necesarias. Juntos construimos una comunidad m\u00e1s segura\u201d.<\/p>\n<p style=\"text-align: justify;\">En ese sentido, Arturo Loaiza, Superintendente del cuerpo bombero y funcionario p\u00fablico de Vialidad quien particip\u00f3 de esta charla destac\u00f3 \u201cla charla fue muy buena e instructiva, din\u00e1mica y participativa. Soy un convencido que en cada capacitaci\u00f3n, aunque sea muy r\u00e1pida siempre se saca algo que ayuda en el diario vivir, tener conocimientos b\u00e1sicos en los cuidados que uno tiene que tener con el cableado tanto de alta tensi\u00f3n como de baja tensi\u00f3n y el cuidado que tenemos que tener como bomberos sobre los riesgos el\u00e9ctricos es muy importante, as\u00ed que agradecido con esta capacitaci\u00f3n\u201d.<\/p>\n<p style=\"text-align: justify;\">De esta manera, la campa\u00f1a \u201cMira para Arriba\u201d no solo se enfoca en los peligros, sino que tambi\u00e9n proporciona consejos pr\u00e1cticos y medidas preventivas que pueden ser adoptadas por la comunidad. La seguridad es una responsabilidad compartida, y Edelaysen se esfuerza por empoderar a la comunidad con el conocimiento necesario para evitar situaciones peligrosa.<\/p>\n<\/div><\/section><\/div><div  style='height:50px' class='hr hr-invisible   avia-builder-el-6  el_after_av_one_full  el_before_av_social_share '><span class='hr-inner ' ><span class='hr-inner-style'><\/span><\/span><\/div><\/p>\n<div  class='av-social-sharing-box  avia-builder-el-7  el_after_av_hr  el_before_av_hr  '><div class='av-share-box'><h5 class='av-share-link-description av-no-toc '>Compartir esta noticia<\/h5><ul class='av-share-box-list noLightbox'><li class='av-share-link av-social-link-facebook' ><a target=\"_blank\" aria-label=\"Compartir en Facebook\" href='https:\/\/www.facebook.com\/sharer.php?u=https:\/\/radiorevelacionfm.cl\/?p=38058&#038;t=Edelaysen%20realiza%20campa%C3%B1a%20%E2%80%9CMira%20para%20Arriba%E2%80%9D%20que%20busca%20concientizar%20en%20la%20seguridad%20del%20cableado%20el%C3%A9ctrico' aria-hidden='false' data-av_icon='\ue8f3' data-av_iconfont='entypo-fontello' title='' data-avia-related-tooltip='Compartir en Facebook' rel=\"noopener\"><span class='avia_hidden_link_text'>Compartir en Facebook<\/span><\/a><\/li><li class='av-share-link av-social-link-twitter' ><a target=\"_blank\" aria-label=\"Compartir en Twitter\" href='https:\/\/twitter.com\/share?text=Edelaysen%20realiza%20campa%C3%B1a%20%E2%80%9CMira%20para%20Arriba%E2%80%9D%20que%20busca%20concientizar%20en%20la%20seguridad%20del%20cableado%20el%C3%A9ctrico&#038;url=https:\/\/radiorevelacionfm.cl\/?p=38058' aria-hidden='false' data-av_icon='\ue8f1' data-av_iconfont='entypo-fontello' title='' data-avia-related-tooltip='Compartir en Twitter' rel=\"noopener\"><span class='avia_hidden_link_text'>Compartir en Twitter<\/span><\/a><\/li><li class='av-share-link av-social-link-whatsapp' ><a target=\"_blank\" aria-label=\"Compartir en Whatsapp\" href='https:\/\/api.whatsapp.com\/send?text=https:\/\/radiorevelacionfm.cl\/?p=38058' aria-hidden='false' data-av_icon='\uf232' data-av_iconfont='entypo-fontello' title='' data-avia-related-tooltip='Compartir en Whatsapp' rel=\"noopener\"><span class='avia_hidden_link_text'>Compartir en Whatsapp<\/span><\/a><\/li><li class='av-share-link av-social-link-linkedin' ><a target=\"_blank\" aria-label=\"Compartir en LinkedIn\" href='https:\/\/linkedin.com\/shareArticle?mini=true&#038;title=Edelaysen%20realiza%20campa%C3%B1a%20%E2%80%9CMira%20para%20Arriba%E2%80%9D%20que%20busca%20concientizar%20en%20la%20seguridad%20del%20cableado%20el%C3%A9ctrico&#038;url=https:\/\/radiorevelacionfm.cl\/?p=38058' aria-hidden='false' data-av_icon='\ue8fc' data-av_iconfont='entypo-fontello' title='' data-avia-related-tooltip='Compartir en LinkedIn' rel=\"noopener\"><span class='avia_hidden_link_text'>Compartir en LinkedIn<\/span><\/a><\/li><li class='av-share-link av-social-link-mail' ><a  aria-label=\"Compartir por correo\" href='mailto:?subject=Edelaysen%20realiza%20campa%C3%B1a%20%E2%80%9CMira%20para%20Arriba%E2%80%9D%20que%20busca%20concientizar%20en%20la%20seguridad%20del%20cableado%20el%C3%A9ctrico&#038;body=https:\/\/radiorevelacionfm.cl\/?p=38058' aria-hidden='false' data-av_icon='\ue805' data-av_iconfont='entypo-fontello' title='' data-avia-related-tooltip='Compartir por correo'><span class='avia_hidden_link_text'>Compartir por correo<\/span><\/a><\/li><\/ul><\/div><\/div>\n<div  style='height:50px' class='hr hr-invisible   avia-builder-el-8  el_after_av_social_share  el_before_av_comments_list '><span class='hr-inner ' ><span class='hr-inner-style'><\/span><\/span><\/div>\n<div  class='av-buildercomment  av-blog-meta-html-info-disabled av-blog-meta-tag-disabled  '><\/div>\n","protected":false},"excerpt":{"rendered":"","protected":false},"author":1,"featured_media":38061,"comment_status":"open","ping_status":"open","sticky":false,"template":"","format":"standard","meta":{"footnotes":""},"categories":[38],"tags":[],"class_list":["post-38058","post","type-post","status-publish","format-standard","has-post-thumbnail","hentry","category-regional"],"jetpack_featured_media_url":"https:\/\/radiorevelacionfm.cl\/wp-content\/uploads\/2023\/12\/Mira-para-arriba2-1-1.jpeg","_links":{"self":[{"href":"https:\/\/radiorevelacionfm.cl\/index.php?rest_route=\/wp\/v2\/posts\/38058","targetHints":{"allow":["GET"]}}],"collection":[{"href":"https:\/\/radiorevelacionfm.cl\/index.php?rest_route=\/wp\/v2\/posts"}],"about":[{"href":"https:\/\/radiorevelacionfm.cl\/index.php?rest_route=\/wp\/v2\/types\/post"}],"author":[{"embeddable":true,"href":"https:\/\/radiorevelacionfm.cl\/index.php?rest_route=\/wp\/v2\/users\/1"}],"replies":[{"embeddable":true,"href":"https:\/\/radiorevelacionfm.cl\/index.php?rest_route=%2Fwp%2Fv2%2Fcomments&post=38058"}],"version-history":[{"count":1,"href":"https:\/\/radiorevelacionfm.cl\/index.php?rest_route=\/wp\/v2\/posts\/38058\/revisions"}],"predecessor-version":[{"id":38062,"href":"https:\/\/radiorevelacionfm.cl\/index.php?rest_route=\/wp\/v2\/posts\/38058\/revisions\/38062"}],"wp:featuredmedia":[{"embeddable":true,"href":"https:\/\/radiorevelacionfm.cl\/index.php?rest_route=\/wp\/v2\/media\/38061"}],"wp:attachment":[{"href":"https:\/\/radiorevelacionfm.cl\/index.php?rest_route=%2Fwp%2Fv2%2Fmedia&parent=38058"}],"wp:term":[{"taxonomy":"category","embeddable":true,"href":"https:\/\/radiorevelacionfm.cl\/index.php?rest_route=%2Fwp%2Fv2%2Fcategories&post=38058"},{"taxonomy":"post_tag","embeddable":true,"href":"https:\/\/radiorevelacionfm.cl\/index.php?rest_route=%2Fwp%2Fv2%2Ftags&post=38058"}],"curies":[{"name":"wp","href":"https:\/\/api.w.org\/{rel}","templated":true}]}}