{"id":38055,"date":"2023-12-15T21:50:01","date_gmt":"2023-12-16T00:50:01","guid":{"rendered":"https:\/\/radiorevelacionfm.cl\/?p=38055"},"modified":"2023-12-15T21:50:01","modified_gmt":"2023-12-16T00:50:01","slug":"gobierno-invierte-sobre-2-mil-millones-de-pesos-en-la-conservacion-de-servicios-sanitarios-rurales-en-la-provincia-de-aysen","status":"publish","type":"post","link":"https:\/\/radiorevelacionfm.cl\/?p=38055","title":{"rendered":"Gobierno invierte sobre 2 mil millones de pesos en la conservaci\u00f3n de Servicios Sanitarios Rurales en la Provincia de Ays\u00e9n"},"content":{"rendered":"<div class=\"flex_column av_one_full  flex_column_div av-zero-column-padding first  avia-builder-el-0  el_before_av_one_full  avia-builder-el-first  \" style='border-radius:0px; '><div  class='avia-image-container  av-styling-    avia-builder-el-1  avia-builder-el-no-sibling  avia-align-center '  itemprop=\"image\" itemscope=\"itemscope\" itemtype=\"https:\/\/schema.org\/ImageObject\"  ><div class='avia-image-container-inner'><div class='avia-image-overlay-wrap'><img decoding=\"async\" class='wp-image-38056 avia-img-lazy-loading-not-38056 avia_image' src=\"https:\/\/radiorevelacionfm.cl\/wp-content\/uploads\/2023\/12\/ssr-raul-marin-1_optimized.jpg\" alt='' title='ssr-raul-marin-(1)_optimized' height=\"600\" width=\"1074\"  itemprop=\"thumbnailUrl\" srcset=\"https:\/\/radiorevelacionfm.cl\/wp-content\/uploads\/2023\/12\/ssr-raul-marin-1_optimized.jpg 1074w, https:\/\/radiorevelacionfm.cl\/wp-content\/uploads\/2023\/12\/ssr-raul-marin-1_optimized-300x168.jpg 300w, https:\/\/radiorevelacionfm.cl\/wp-content\/uploads\/2023\/12\/ssr-raul-marin-1_optimized-1030x575.jpg 1030w, https:\/\/radiorevelacionfm.cl\/wp-content\/uploads\/2023\/12\/ssr-raul-marin-1_optimized-768x429.jpg 768w, https:\/\/radiorevelacionfm.cl\/wp-content\/uploads\/2023\/12\/ssr-raul-marin-1_optimized-705x394.jpg 705w, https:\/\/radiorevelacionfm.cl\/wp-content\/uploads\/2023\/12\/ssr-raul-marin-1_optimized-450x251.jpg 450w, https:\/\/radiorevelacionfm.cl\/wp-content\/uploads\/2023\/12\/ssr-raul-marin-1_optimized-600x335.jpg 600w\" sizes=\"(max-width: 1074px) 100vw, 1074px\" \/><\/div><\/div><\/div><\/div><div class=\"flex_column av_one_full  flex_column_div av-zero-column-padding first  avia-builder-el-2  el_after_av_one_full  el_before_av_one_full  column-top-margin\" style='border-radius:0px; '><section class=\"av_textblock_section \"  itemscope=\"itemscope\" itemtype=\"https:\/\/schema.org\/BlogPosting\" itemprop=\"blogPost\" ><div class='avia_textblock  '   itemprop=\"text\" ><p style=\"text-align: center;\"><strong><span style=\"font-size: 18pt;\">Gobierno invierte sobre 2 mil millones de pesos en la conservaci\u00f3n de Servicios Sanitarios Rurales en la Provincia de Ays\u00e9n<\/span><\/strong><\/p>\n<div id=\"gtx-trans\" style=\"position: absolute; left: -50px; top: 4.31534px;\">\n<div class=\"gtx-trans-icon\"><\/div>\n<\/div>\n<\/div><\/section><\/div><div class=\"flex_column av_one_full  flex_column_div av-zero-column-padding first  avia-builder-el-4  el_after_av_one_full  el_before_av_hr  column-top-margin\" style='border-radius:0px; '><section class=\"av_textblock_section \"  itemscope=\"itemscope\" itemtype=\"https:\/\/schema.org\/BlogPosting\" itemprop=\"blogPost\" ><div class='avia_textblock  '   itemprop=\"text\" ><p style=\"text-align: justify;\"><em>\u201cRecursos posibilitar\u00e1n que en Melinka, Puerto Ra\u00fal Mar\u00edn Balmaceda y en Puerto Gala tengan acceso a una mayor seguridad en la cantidad, en la calidad y en la continuidad del suministro de agua potable, favoreciendo la descentralizaci\u00f3n de la inversi\u00f3n y totalizando 3.440 personas beneficiadas\u201d, asegur\u00f3 el SEREMI del MOP.<\/em><\/p>\n<p style=\"text-align: justify;\">El Secretario Regional Ministerial de Obras P\u00fablicas, Patricio Sanhueza Ulloa inform\u00f3 que el pleno del Consejo Regional de Ays\u00e9n aprob\u00f3 esta semana los fondos de la Direcci\u00f3n Regional de Obras Hidr\u00e1ulicas del Ministerio de Obras P\u00fablicas, que son asignados regionalmente, para la conservaci\u00f3n de los Servicios Sanitarios Rurales de Melinka, Puerto Ra\u00fal Mar\u00edn Balmaceda y Puerto Gala, totalizando 3.440 personas beneficiadas con m\u00e1s de 2 mil millones de pesos de inversi\u00f3n, entregando un importante impulso del gobierno del presidente Gabriel Boric y de la ministra de OO.PP. Jessica L\u00f3pez para llegar hasta las zonas m\u00e1s apartadas de nuestra regi\u00f3n con mejores condiciones para el abastecimiento de agua potable, entregando seguridad en la cantidad, en la calidad y en la continuidad del suministro de agua potable.<\/p>\n<p style=\"text-align: justify;\">\u201cSeguimos con las buenas noticias, esta vez para el litoral insular y continental de la regi\u00f3n de Ays\u00e9n, es as\u00ed como se ha aprobado por parte del Consejo Regional de Ays\u00e9n, la conservaci\u00f3n de los Servicios Sanitarios Rurales de Melinka, de Puerto Gala y de Puerto Ra\u00fal Mar\u00edn Balmaceda. Son importantes noticias para 860 familias, unas 3440 personas aproximadamente, beneficiarias de estas obras, en donde la Direcci\u00f3n Regional de Obras Hidr\u00e1ulicas de nuestro Ministerio de Obras P\u00fablicas con fondos sectoriales va a conservar estos tres sistemas, reparar redes de distribuci\u00f3n que tengan fugas, se van a mejorar las condiciones de la capacidad de los embalses o de los estanques, entre otras m\u00faltiples acciones para dar una mejor continuidad al suministro, as\u00ed que como gobierno estamos muy satisfechos porque cumplimos los compromisos de equidad territorial, llegando a las localidades m\u00e1s aisladas de la regi\u00f3n, disminuyendo brechas y tambi\u00e9n en justicia social, as\u00ed que esperamos prontamente comenzar las obras\u201d, destac\u00f3 el SEREMI del MOP Patricio Sanhueza.<\/p>\n<p style=\"text-align: justify;\">Una de las autoridades que ha propiciado conjuntamente con el Ministerio de Obras P\u00fablicas un trabajo colaborativo en beneficio de las comunidades, es la Gobernadora Regional, Andrea Mac\u00edas Palma, quien destac\u00f3 el importante rol que cumple el Consejo Regional de Ays\u00e9n como socio estrat\u00e9gico para poder avanzar en el mejoramiento de la vida de las personas con obras como estas, indicando que \u201cel pleno del Consejo Regional de Ays\u00e9n ha priorizado efectivamente hacer esta inversi\u00f3n para llegar con una respuesta en materia de Servicios Sanitarios Rurales a estas comunidades. Estos son proyectos de conservaci\u00f3n que son absolutamente necesarios dado que por una parte la poblaci\u00f3n ha ido en aumento, pero adem\u00e1s cuando se construyen por primera vez los Servicios Sanitarios Rurales se constru\u00edan con otra materialidad y hoy en d\u00eda hay nuevas exigencias y normativas, pero adem\u00e1s la posibilidad de hacer una inversi\u00f3n en conservaci\u00f3n que permita dotar de un mejor servicio a la comunidad\u201d.<\/p>\n<p style=\"text-align: justify;\">Respecto a los detalles de las obras, el director regional de Obras Hidr\u00e1ulicas del MOP, Francisco Real Bahamonde, expres\u00f3 que \u201cen la localidad de Melinka, se realizar\u00e1 la reposici\u00f3n de la l\u00ednea de aducci\u00f3n del sistema, la conservaci\u00f3n de los estanques de regulaci\u00f3n existentes y casetas de desinfecci\u00f3n, la reposici\u00f3n de parte de la red de distribuci\u00f3n; la reposici\u00f3n de c\u00e1maras de corte, ventosas, desag\u00fces y arranques. La intervenci\u00f3n del gobierno a trav\u00e9s de la Direcci\u00f3n Regional de Obras Hidr\u00e1ulicas del MOP beneficiar\u00e1 a 571familias, y considera una inversi\u00f3n de $981 millones. En Puerto Ra\u00fal Mar\u00edn Balmaceda se realizar\u00e1n obras de conservaci\u00f3n en la producci\u00f3n, regulaci\u00f3n y distribuci\u00f3n del servicio; se restituir\u00e1 caseta de tratamiento, un estanque elevado, parte de la red de distribuci\u00f3n, y la reposici\u00f3n de c\u00e1maras de corte, ventosas y desag\u00fces. Las obras beneficiar\u00e1n a 223 familias y consideran una inversi\u00f3n MOP de $864 millones. En tanto, en Puerto Gala vamos a optimizar la capacidad productiva, restituyendo la capacidad del embalse, las tuber\u00edas de la red de distribuci\u00f3n y la reposici\u00f3n de c\u00e1maras de corte, ventosas, desag\u00fces y pilones. Los trabajos beneficiar\u00e1n a 65 familias y contemplan la inversi\u00f3n de la Direcci\u00f3n Regional de Obras Hidr\u00e1ulicas del MOP de $274.800 millones\u201d.<\/p>\n<p style=\"text-align: justify;\">Por su parte, el Consejero Regional por la provincia Capit\u00e1n Prat y presidente de la Comisi\u00f3n Rima V\u00edctor Escobar Mardones, destac\u00f3 \u201cestamos muy contentos. Seguimos trabajando como Comisi\u00f3n Rima para toda la regi\u00f3n de Ays\u00e9n. Estos sistemas vienen a mejorar los metros que se est\u00e1n utilizando en tuber\u00edas y hay mayores di\u00e1metros. Hab\u00eda muchas familias que no ten\u00edan estas instalaciones mejoradas y la verdad es que en algunos lugares\u00a0 hab\u00edan partes altas que no llegaba el agua potable y esta vez se van a mejorar, as\u00ed que la verdad vienen a mejorar la calidad de vida del litoral de la regi\u00f3n de Ays\u00e9n\u201d.<\/p>\n<\/div><\/section><\/div><div  style='height:50px' class='hr hr-invisible   avia-builder-el-6  el_after_av_one_full  el_before_av_social_share '><span class='hr-inner ' ><span class='hr-inner-style'><\/span><\/span><\/div><\/p>\n<div  class='av-social-sharing-box  avia-builder-el-7  el_after_av_hr  el_before_av_hr  '><div class='av-share-box'><h5 class='av-share-link-description av-no-toc '>Compartir esta noticia<\/h5><ul class='av-share-box-list noLightbox'><li class='av-share-link av-social-link-facebook' ><a target=\"_blank\" aria-label=\"Compartir en Facebook\" href='https:\/\/www.facebook.com\/sharer.php?u=https:\/\/radiorevelacionfm.cl\/?p=38055&#038;t=Gobierno%20invierte%20sobre%202%20mil%20millones%20de%20pesos%20en%20la%20conservaci%C3%B3n%20de%20Servicios%20Sanitarios%20Rurales%20en%20la%20Provincia%20de%20Ays%C3%A9n' aria-hidden='false' data-av_icon='\ue8f3' data-av_iconfont='entypo-fontello' title='' data-avia-related-tooltip='Compartir en Facebook' rel=\"noopener\"><span class='avia_hidden_link_text'>Compartir en Facebook<\/span><\/a><\/li><li class='av-share-link av-social-link-twitter' ><a target=\"_blank\" aria-label=\"Compartir en Twitter\" href='https:\/\/twitter.com\/share?text=Gobierno%20invierte%20sobre%202%20mil%20millones%20de%20pesos%20en%20la%20conservaci%C3%B3n%20de%20Servicios%20Sanitarios%20Rurales%20en%20la%20Provincia%20de%20Ays%C3%A9n&#038;url=https:\/\/radiorevelacionfm.cl\/?p=38055' aria-hidden='false' data-av_icon='\ue8f1' data-av_iconfont='entypo-fontello' title='' data-avia-related-tooltip='Compartir en Twitter' rel=\"noopener\"><span class='avia_hidden_link_text'>Compartir en Twitter<\/span><\/a><\/li><li class='av-share-link av-social-link-whatsapp' ><a target=\"_blank\" aria-label=\"Compartir en Whatsapp\" href='https:\/\/api.whatsapp.com\/send?text=https:\/\/radiorevelacionfm.cl\/?p=38055' aria-hidden='false' data-av_icon='\uf232' data-av_iconfont='entypo-fontello' title='' data-avia-related-tooltip='Compartir en Whatsapp' rel=\"noopener\"><span class='avia_hidden_link_text'>Compartir en Whatsapp<\/span><\/a><\/li><li class='av-share-link av-social-link-linkedin' ><a target=\"_blank\" aria-label=\"Compartir en LinkedIn\" href='https:\/\/linkedin.com\/shareArticle?mini=true&#038;title=Gobierno%20invierte%20sobre%202%20mil%20millones%20de%20pesos%20en%20la%20conservaci%C3%B3n%20de%20Servicios%20Sanitarios%20Rurales%20en%20la%20Provincia%20de%20Ays%C3%A9n&#038;url=https:\/\/radiorevelacionfm.cl\/?p=38055' aria-hidden='false' data-av_icon='\ue8fc' data-av_iconfont='entypo-fontello' title='' data-avia-related-tooltip='Compartir en LinkedIn' rel=\"noopener\"><span class='avia_hidden_link_text'>Compartir en LinkedIn<\/span><\/a><\/li><li class='av-share-link av-social-link-mail' ><a  aria-label=\"Compartir por correo\" href='mailto:?subject=Gobierno%20invierte%20sobre%202%20mil%20millones%20de%20pesos%20en%20la%20conservaci%C3%B3n%20de%20Servicios%20Sanitarios%20Rurales%20en%20la%20Provincia%20de%20Ays%C3%A9n&#038;body=https:\/\/radiorevelacionfm.cl\/?p=38055' aria-hidden='false' data-av_icon='\ue805' data-av_iconfont='entypo-fontello' title='' data-avia-related-tooltip='Compartir por correo'><span class='avia_hidden_link_text'>Compartir por correo<\/span><\/a><\/li><\/ul><\/div><\/div>\n<div  style='height:50px' class='hr hr-invisible   avia-builder-el-8  el_after_av_social_share  el_before_av_comments_list '><span class='hr-inner ' ><span class='hr-inner-style'><\/span><\/span><\/div>\n<div  class='av-buildercomment  av-blog-meta-html-info-disabled av-blog-meta-tag-disabled  '><\/div>\n","protected":false},"excerpt":{"rendered":"","protected":false},"author":1,"featured_media":38056,"comment_status":"open","ping_status":"open","sticky":false,"template":"","format":"standard","meta":{"footnotes":""},"categories":[66],"tags":[],"class_list":["post-38055","post","type-post","status-publish","format-standard","has-post-thumbnail","hentry","category-obras-publicas"],"jetpack_featured_media_url":"https:\/\/radiorevelacionfm.cl\/wp-content\/uploads\/2023\/12\/ssr-raul-marin-1_optimized.jpg","_links":{"self":[{"href":"https:\/\/radiorevelacionfm.cl\/index.php?rest_route=\/wp\/v2\/posts\/38055","targetHints":{"allow":["GET"]}}],"collection":[{"href":"https:\/\/radiorevelacionfm.cl\/index.php?rest_route=\/wp\/v2\/posts"}],"about":[{"href":"https:\/\/radiorevelacionfm.cl\/index.php?rest_route=\/wp\/v2\/types\/post"}],"author":[{"embeddable":true,"href":"https:\/\/radiorevelacionfm.cl\/index.php?rest_route=\/wp\/v2\/users\/1"}],"replies":[{"embeddable":true,"href":"https:\/\/radiorevelacionfm.cl\/index.php?rest_route=%2Fwp%2Fv2%2Fcomments&post=38055"}],"version-history":[{"count":1,"href":"https:\/\/radiorevelacionfm.cl\/index.php?rest_route=\/wp\/v2\/posts\/38055\/revisions"}],"predecessor-version":[{"id":38057,"href":"https:\/\/radiorevelacionfm.cl\/index.php?rest_route=\/wp\/v2\/posts\/38055\/revisions\/38057"}],"wp:featuredmedia":[{"embeddable":true,"href":"https:\/\/radiorevelacionfm.cl\/index.php?rest_route=\/wp\/v2\/media\/38056"}],"wp:attachment":[{"href":"https:\/\/radiorevelacionfm.cl\/index.php?rest_route=%2Fwp%2Fv2%2Fmedia&parent=38055"}],"wp:term":[{"taxonomy":"category","embeddable":true,"href":"https:\/\/radiorevelacionfm.cl\/index.php?rest_route=%2Fwp%2Fv2%2Fcategories&post=38055"},{"taxonomy":"post_tag","embeddable":true,"href":"https:\/\/radiorevelacionfm.cl\/index.php?rest_route=%2Fwp%2Fv2%2Ftags&post=38055"}],"curies":[{"name":"wp","href":"https:\/\/api.w.org\/{rel}","templated":true}]}}