{"id":38051,"date":"2023-12-15T21:45:16","date_gmt":"2023-12-16T00:45:16","guid":{"rendered":"https:\/\/radiorevelacionfm.cl\/?p=38051"},"modified":"2023-12-15T21:45:16","modified_gmt":"2023-12-16T00:45:16","slug":"autoridades-constatan-optima-preparacion-para-plebiscito-constitucional","status":"publish","type":"post","link":"https:\/\/radiorevelacionfm.cl\/?p=38051","title":{"rendered":"Autoridades constatan \u00f3ptima preparaci\u00f3n para Plebiscito Constitucional"},"content":{"rendered":"<div class=\"flex_column av_one_full  flex_column_div av-zero-column-padding first  avia-builder-el-0  el_before_av_one_full  avia-builder-el-first  \" style='border-radius:0px; '><div  class='avia-image-container  av-styling-    avia-builder-el-1  avia-builder-el-no-sibling  avia-align-center '  itemprop=\"image\" itemscope=\"itemscope\" itemtype=\"https:\/\/schema.org\/ImageObject\"  ><div class='avia-image-container-inner'><div class='avia-image-overlay-wrap'><img decoding=\"async\" class='wp-image-38052 avia-img-lazy-loading-not-38052 avia_image' src=\"https:\/\/radiorevelacionfm.cl\/wp-content\/uploads\/2023\/12\/img_7312-1_optimized.jpg\" alt='' title='img_7312-(1)_optimized' height=\"600\" width=\"900\"  itemprop=\"thumbnailUrl\" srcset=\"https:\/\/radiorevelacionfm.cl\/wp-content\/uploads\/2023\/12\/img_7312-1_optimized.jpg 900w, https:\/\/radiorevelacionfm.cl\/wp-content\/uploads\/2023\/12\/img_7312-1_optimized-300x200.jpg 300w, https:\/\/radiorevelacionfm.cl\/wp-content\/uploads\/2023\/12\/img_7312-1_optimized-768x512.jpg 768w, https:\/\/radiorevelacionfm.cl\/wp-content\/uploads\/2023\/12\/img_7312-1_optimized-705x470.jpg 705w, https:\/\/radiorevelacionfm.cl\/wp-content\/uploads\/2023\/12\/img_7312-1_optimized-450x300.jpg 450w, https:\/\/radiorevelacionfm.cl\/wp-content\/uploads\/2023\/12\/img_7312-1_optimized-600x400.jpg 600w\" sizes=\"(max-width: 900px) 100vw, 900px\" \/><\/div><\/div><\/div><\/div><div class=\"flex_column av_one_full  flex_column_div av-zero-column-padding first  avia-builder-el-2  el_after_av_one_full  el_before_av_one_full  column-top-margin\" style='border-radius:0px; '><section class=\"av_textblock_section \"  itemscope=\"itemscope\" itemtype=\"https:\/\/schema.org\/BlogPosting\" itemprop=\"blogPost\" ><div class='avia_textblock  '   itemprop=\"text\" ><h2 class=\"title\" style=\"text-align: center;\"><span style=\"font-size: 18pt;\"><b>Autoridades constatan \u00f3ptima preparaci\u00f3n para Plebiscito Constitucional<\/b><\/span><\/h2>\n<div id=\"gtx-trans\" style=\"position: absolute; left: -50px; top: 4.31534px;\">\n<div class=\"gtx-trans-icon\"><\/div>\n<\/div>\n<\/div><\/section><\/div><div class=\"flex_column av_one_full  flex_column_div av-zero-column-padding first  avia-builder-el-4  el_after_av_one_full  el_before_av_hr  column-top-margin\" style='border-radius:0px; '><section class=\"av_textblock_section \"  itemscope=\"itemscope\" itemtype=\"https:\/\/schema.org\/BlogPosting\" itemprop=\"blogPost\" ><div class='avia_textblock  '   itemprop=\"text\" ><p style=\"font-weight: 400; text-align: justify;\"><em>En la regi\u00f3n de Ays\u00e9n se han dispuesto 41 locales de votaci\u00f3n y 269 mesas de sufragio; resguardadas por 350 efectivos de la IV Divisi\u00f3n de Ej\u00e9rcito y Armada junto a 100 Carabineros en exterior; junto con 77 servicios de transporte entre servicios subsidiados que operan con regularidad y servicios adicionales.<\/em><\/p>\n<p style=\"font-weight: 400; text-align: justify;\">Con un recorrido por la escuela Pedro Quintana Mansilla en Coyhaique, autoridades constataron los preparativos para el Plebiscito Constitucional, que se desarrollar\u00e1 este domingo en el pa\u00eds.<\/p>\n<p style=\"font-weight: 400; text-align: justify;\">En la instancia participaron el Delegado Presidencial Regional, Rodrigo Araya, el comandante en jefe de la IV Divisi\u00f3n Ej\u00e9rcito, general de brigada Mario Sep\u00falveda, el jefe de la XI Zona de Carabineros, general Patricio Santos, y Prefecto Fuad Chab\u00e1n, el seremi de Transportes y Telecomunicaciones, Hans Zimmermann, la seremi de Gobierno, Tatiana Pl\u00e1, y el director regional del Servicio Electoral (Servel), N\u00e9stor Sep\u00falveda.<\/p>\n<p style=\"font-weight: 400; text-align: justify;\">\u201cLos locales donde est\u00e1n las mesas de sufragio est\u00e1n siendo habilitadas, el Ej\u00e9rcito se est\u00e1 haciendo cargo de ello junto con la Armada en territorios insulares, por lo que todo est\u00e1 dispuesto para que este d\u00eda domingo se pueda ejercer el derecho a voto, que es obligatorio. Son 41 locales de votaci\u00f3n y 269 mesas que estar\u00e1n habilitadas, as\u00ed es que la invitaci\u00f3n es a participar en este acto democr\u00e1tico, a vivir la democracia en forma activa y a ejercer el derecho a voto\u201d, indic\u00f3.<\/p>\n<p style=\"font-weight: 400; text-align: justify;\">Este viernes las Fuerzas Armadas y Carabineros asumieron el resguardo del orden p\u00fablico hasta el t\u00e9rmino de las funciones de los Colegios Escrutadores, tal como detall\u00f3 el general de brigada Mario Sep\u00falveda.<\/p>\n<p style=\"font-weight: 400; text-align: justify;\">\u201cA partir de la llegada de los votos brindamos la seguridad para que este plebiscito se desarrolle con la mayor transparencia y colaborar a las autoridades regionales y comunales en el normal desarrollo del plebiscito el d\u00eda domingo. As\u00ed que la seguridad est\u00e1 garantizada, desplegada con el Ej\u00e9rcito y la Armada en las diferentes los 41 locales de votaci\u00f3n a lo largo de la regi\u00f3n, con 350 hombres del Ej\u00e9rcito y la Armada que est\u00e1n desplegados en los 41 locales\u201d, se\u00f1al\u00f3.<\/p>\n<p style=\"font-weight: 400; text-align: justify;\">En tanto, el general Patricio Santos detall\u00f3 que \u201cen la regi\u00f3n se va a disponer a cerca de 100 carabineros para el resguardo exterior de los 41 locales de votaci\u00f3n. Actualmente ya estamos instalados en la custodia perimetral y esperamos que las actividades de votaci\u00f3n se desarrollen en normalidad\u201d.<\/p>\n<p style=\"font-weight: 400; text-align: justify;\">En cuanto a las constancias, agreg\u00f3 que quienes se encuentren a m\u00e1s de 200 kil\u00f3metros del lugar de votaci\u00f3n, el d\u00eda domingo deben ingresar a Comisar\u00eda Virtual en la p\u00e1gina web de Carabineros, donde se obtendr\u00e1 un c\u00f3digo que validar en el Gimnasio Regional de Coyhaique, Centro Cultural de Ays\u00e9n o en comisar\u00edas.<\/p>\n<p style=\"font-weight: 400; text-align: justify;\">Por su parte, Hans Zimmermann precis\u00f3 que \u201cel Ministerio de Transportes y Telecomunicaciones en la Regi\u00f3n de Ays\u00e9n ha dispuesto 77 servicios de transporte entre servicios subsidiados que operan con regularidad y servicios adicionales solicitados por la Delegaci\u00f3n Presidencial Regional para la conectividad desde los lugares m\u00e1s remotos de la regi\u00f3n hacia los hacia los locales de votaci\u00f3n. Estos servicios son gratuitos para que los ciudadanos puedan desplazarse y cumplir con el derecho al sufragio. Adicionalmente, se han habilitado servicios lacustres, mar\u00edtimos y fluviales, aparte de los servicios terrestres que van desde las localidades m\u00e1s remotas de las diez comunas de nuestra regi\u00f3n hacia los centros de votaci\u00f3n\u201d.<\/p>\n<p style=\"font-weight: 400; text-align: justify;\">S\u00f3lo se puede votar con la c\u00e9dula de identidad o pasaporte, los que pueden estar vencidos desde el 1 de enero de 2020. No se aceptar\u00e1n otros comprobantes o documentos, tal como record\u00f3 el director regional de Servel.<\/p>\n<\/div><\/section><\/div><div  style='height:50px' class='hr hr-invisible   avia-builder-el-6  el_after_av_one_full  el_before_av_social_share '><span class='hr-inner ' ><span class='hr-inner-style'><\/span><\/span><\/div><\/p>\n<div  class='av-social-sharing-box  avia-builder-el-7  el_after_av_hr  el_before_av_hr  '><div class='av-share-box'><h5 class='av-share-link-description av-no-toc '>Compartir esta noticia<\/h5><ul class='av-share-box-list noLightbox'><li class='av-share-link av-social-link-facebook' ><a target=\"_blank\" aria-label=\"Compartir en Facebook\" href='https:\/\/www.facebook.com\/sharer.php?u=https:\/\/radiorevelacionfm.cl\/?p=38051&#038;t=Autoridades%20constatan%20%C3%B3ptima%20preparaci%C3%B3n%20para%20Plebiscito%20Constitucional' aria-hidden='false' data-av_icon='\ue8f3' data-av_iconfont='entypo-fontello' title='' data-avia-related-tooltip='Compartir en Facebook' rel=\"noopener\"><span class='avia_hidden_link_text'>Compartir en Facebook<\/span><\/a><\/li><li class='av-share-link av-social-link-twitter' ><a target=\"_blank\" aria-label=\"Compartir en Twitter\" href='https:\/\/twitter.com\/share?text=Autoridades%20constatan%20%C3%B3ptima%20preparaci%C3%B3n%20para%20Plebiscito%20Constitucional&#038;url=https:\/\/radiorevelacionfm.cl\/?p=38051' aria-hidden='false' data-av_icon='\ue8f1' data-av_iconfont='entypo-fontello' title='' data-avia-related-tooltip='Compartir en Twitter' rel=\"noopener\"><span class='avia_hidden_link_text'>Compartir en Twitter<\/span><\/a><\/li><li class='av-share-link av-social-link-whatsapp' ><a target=\"_blank\" aria-label=\"Compartir en Whatsapp\" href='https:\/\/api.whatsapp.com\/send?text=https:\/\/radiorevelacionfm.cl\/?p=38051' aria-hidden='false' data-av_icon='\uf232' data-av_iconfont='entypo-fontello' title='' data-avia-related-tooltip='Compartir en Whatsapp' rel=\"noopener\"><span class='avia_hidden_link_text'>Compartir en Whatsapp<\/span><\/a><\/li><li class='av-share-link av-social-link-linkedin' ><a target=\"_blank\" aria-label=\"Compartir en LinkedIn\" href='https:\/\/linkedin.com\/shareArticle?mini=true&#038;title=Autoridades%20constatan%20%C3%B3ptima%20preparaci%C3%B3n%20para%20Plebiscito%20Constitucional&#038;url=https:\/\/radiorevelacionfm.cl\/?p=38051' aria-hidden='false' data-av_icon='\ue8fc' data-av_iconfont='entypo-fontello' title='' data-avia-related-tooltip='Compartir en LinkedIn' rel=\"noopener\"><span class='avia_hidden_link_text'>Compartir en LinkedIn<\/span><\/a><\/li><li class='av-share-link av-social-link-mail' ><a  aria-label=\"Compartir por correo\" href='mailto:?subject=Autoridades%20constatan%20%C3%B3ptima%20preparaci%C3%B3n%20para%20Plebiscito%20Constitucional&#038;body=https:\/\/radiorevelacionfm.cl\/?p=38051' aria-hidden='false' data-av_icon='\ue805' data-av_iconfont='entypo-fontello' title='' data-avia-related-tooltip='Compartir por correo'><span class='avia_hidden_link_text'>Compartir por correo<\/span><\/a><\/li><\/ul><\/div><\/div>\n<div  style='height:50px' class='hr hr-invisible   avia-builder-el-8  el_after_av_social_share  el_before_av_comments_list '><span class='hr-inner ' ><span class='hr-inner-style'><\/span><\/span><\/div>\n<div  class='av-buildercomment  av-blog-meta-html-info-disabled av-blog-meta-tag-disabled  '><\/div>\n","protected":false},"excerpt":{"rendered":"","protected":false},"author":1,"featured_media":38052,"comment_status":"open","ping_status":"open","sticky":false,"template":"","format":"standard","meta":{"footnotes":""},"categories":[35],"tags":[],"class_list":["post-38051","post","type-post","status-publish","format-standard","has-post-thumbnail","hentry","category-politica"],"jetpack_featured_media_url":"https:\/\/radiorevelacionfm.cl\/wp-content\/uploads\/2023\/12\/img_7312-1_optimized.jpg","_links":{"self":[{"href":"https:\/\/radiorevelacionfm.cl\/index.php?rest_route=\/wp\/v2\/posts\/38051","targetHints":{"allow":["GET"]}}],"collection":[{"href":"https:\/\/radiorevelacionfm.cl\/index.php?rest_route=\/wp\/v2\/posts"}],"about":[{"href":"https:\/\/radiorevelacionfm.cl\/index.php?rest_route=\/wp\/v2\/types\/post"}],"author":[{"embeddable":true,"href":"https:\/\/radiorevelacionfm.cl\/index.php?rest_route=\/wp\/v2\/users\/1"}],"replies":[{"embeddable":true,"href":"https:\/\/radiorevelacionfm.cl\/index.php?rest_route=%2Fwp%2Fv2%2Fcomments&post=38051"}],"version-history":[{"count":1,"href":"https:\/\/radiorevelacionfm.cl\/index.php?rest_route=\/wp\/v2\/posts\/38051\/revisions"}],"predecessor-version":[{"id":38053,"href":"https:\/\/radiorevelacionfm.cl\/index.php?rest_route=\/wp\/v2\/posts\/38051\/revisions\/38053"}],"wp:featuredmedia":[{"embeddable":true,"href":"https:\/\/radiorevelacionfm.cl\/index.php?rest_route=\/wp\/v2\/media\/38052"}],"wp:attachment":[{"href":"https:\/\/radiorevelacionfm.cl\/index.php?rest_route=%2Fwp%2Fv2%2Fmedia&parent=38051"}],"wp:term":[{"taxonomy":"category","embeddable":true,"href":"https:\/\/radiorevelacionfm.cl\/index.php?rest_route=%2Fwp%2Fv2%2Fcategories&post=38051"},{"taxonomy":"post_tag","embeddable":true,"href":"https:\/\/radiorevelacionfm.cl\/index.php?rest_route=%2Fwp%2Fv2%2Ftags&post=38051"}],"curies":[{"name":"wp","href":"https:\/\/api.w.org\/{rel}","templated":true}]}}