{"id":3805,"date":"2021-05-04T20:09:33","date_gmt":"2021-05-04T23:09:33","guid":{"rendered":"https:\/\/radiorevelacionfm.cl\/?p=3805"},"modified":"2021-05-04T20:09:33","modified_gmt":"2021-05-04T23:09:33","slug":"carabineros-detuvo-a-5-personas-por-fiesta-clandestina-en-melinka","status":"publish","type":"post","link":"https:\/\/radiorevelacionfm.cl\/?p=3805","title":{"rendered":"Carabineros detuvo a 5 personas por fiesta clandestina en Melinka"},"content":{"rendered":"<div class=\"flex_column av_one_full  flex_column_div av-zero-column-padding first  avia-builder-el-0  el_before_av_one_full  avia-builder-el-first  \" style='border-radius:0px; '><div  class='avia-image-container  av-styling-    avia-builder-el-1  avia-builder-el-no-sibling  avia-align-center '  itemprop=\"image\" itemscope=\"itemscope\" itemtype=\"https:\/\/schema.org\/ImageObject\"  ><div class='avia-image-container-inner'><div class='avia-image-overlay-wrap'><img decoding=\"async\" class='wp-image-3806 avia-img-lazy-loading-not-3806 avia_image' src=\"https:\/\/radiorevelacionfm.cl\/wp-content\/uploads\/2021\/05\/melinka_6_optimized.jpg\" alt='' title='melinka_6_optimized' height=\"960\" width=\"1280\"  itemprop=\"thumbnailUrl\" srcset=\"https:\/\/radiorevelacionfm.cl\/wp-content\/uploads\/2021\/05\/melinka_6_optimized.jpg 1280w, https:\/\/radiorevelacionfm.cl\/wp-content\/uploads\/2021\/05\/melinka_6_optimized-300x225.jpg 300w, https:\/\/radiorevelacionfm.cl\/wp-content\/uploads\/2021\/05\/melinka_6_optimized-1030x773.jpg 1030w, https:\/\/radiorevelacionfm.cl\/wp-content\/uploads\/2021\/05\/melinka_6_optimized-768x576.jpg 768w, https:\/\/radiorevelacionfm.cl\/wp-content\/uploads\/2021\/05\/melinka_6_optimized-705x529.jpg 705w, https:\/\/radiorevelacionfm.cl\/wp-content\/uploads\/2021\/05\/melinka_6_optimized-600x450.jpg 600w\" sizes=\"(max-width: 1280px) 100vw, 1280px\" \/><\/div><\/div><\/div><\/div><div class=\"flex_column av_one_full  flex_column_div av-zero-column-padding first  avia-builder-el-2  el_after_av_one_full  el_before_av_one_full  column-top-margin\" style='border-radius:0px; '><section class=\"av_textblock_section \"  itemscope=\"itemscope\" itemtype=\"https:\/\/schema.org\/BlogPosting\" itemprop=\"blogPost\" ><div class='avia_textblock  '   itemprop=\"text\" ><p style=\"text-align: center;\"><strong><span style=\"font-size: 18pt;\">Carabineros detuvo a 5 personas por fiesta clandestina en Melinka<\/span><\/strong><\/p>\n<div id=\"gtx-trans\" style=\"position: absolute; left: -50px; top: 4.31534px;\">\n<div class=\"gtx-trans-icon\"><\/div>\n<\/div>\n<\/div><\/section><\/div><div class=\"flex_column av_one_full  flex_column_div av-zero-column-padding first  avia-builder-el-4  el_after_av_one_full  el_before_av_hr  column-top-margin\" style='border-radius:0px; '><section class=\"av_textblock_section \"  itemscope=\"itemscope\" itemtype=\"https:\/\/schema.org\/BlogPosting\" itemprop=\"blogPost\" ><div class='avia_textblock  '   itemprop=\"text\" ><p class=\"v1MsoNormal\" style=\"text-align: justify;\">La Autoridad de Salud instruy\u00f3 la realizaci\u00f3n de un sumario sanitario, en tanto que Carabineros reiter\u00f3 el llamado a la responsabilidad y a respetar las disposiciones con la finalidad de prevenir la diseminaci\u00f3n del virus entre la poblaci\u00f3n residente.<\/p>\n<p class=\"v1MsoNormal\" style=\"text-align: justify;\">Tras denuncias por parte de la comunidad, Carabineros del Ret\u00e9n Melinka se traslad\u00f3 hasta un domicilio del sector La Copa, verificando la existencia de ruidos molestos, constatando la existencia de una fiesta clandestina en el lugar, resultando cinco personas detenidas y la instrucci\u00f3n de sumario sanitario instruido por parte de la Autoridad de Salud.<\/p>\n<p class=\"v1MsoNormal\" style=\"text-align: justify;\">El Subcomisario de los Servicios de la Segunda Comisar\u00eda de Puerto Ays\u00e9n, Teniente Jaime Esparza, indic\u00f3 que alrededor de las 21:50 horas del lunes, llamados por parte de vecinos alertaron al personal sobre alg\u00fan tipo de actividad efectuada en un inmueble del sector, lo cual motiv\u00f3 la intervenci\u00f3n del personal, situaci\u00f3n que fue puesta en conocimiento de la Fiscal\u00eda.<\/p>\n<p class=\"v1MsoNormal\" style=\"text-align: justify;\">\u00abSe tom\u00f3 detenido al propietario del domicilio y otras cuatro personas que se encontraban ingiriendo alcohol y escuchando m\u00fasica en este lugar. Se tom\u00f3 contacto con la Autoridad Sanitaria, quien levant\u00f3 un sumario sanitario al propietario del domicilio y respecto a las dem\u00e1s personas se adopt\u00f3 el procedimiento atingente a prop\u00f3sito de la infracci\u00f3n al art\u00edculo 318 del C\u00f3digo Penal\u00bb, indic\u00f3 el Oficial.<\/p>\n<p class=\"v1MsoNormal\" style=\"text-align: justify;\">Asimismo recalc\u00f3 que actualmente la comuna de Guaitecas se encuentra en fase 2, por lo cual las medidas sanitarias se mantienen, toda vez que rige el toque de queda entre las 21:00 y las 05:00 horas -al igual que en el resto del pa\u00eds- horario en el cual no est\u00e1 autorizada la realizaci\u00f3n de actividades o reuniones.<\/p>\n<p class=\"v1MsoNormal\" style=\"text-align: justify;\">Se trata de contravenciones a las disposiciones instruidas por la autoridad del ramo, las cuales dan cuenta de una falta de empat\u00eda con el resto de la comunidad, lo cual implica un riesgo de contagio o diseminaci\u00f3n del virus entre la poblaci\u00f3n residente.<\/p>\n<p class=\"v1MsoNormal\" style=\"text-align: justify;\">Carabineros reiter\u00f3 el llamado a la responsabilidad, e indic\u00f3 que las fiestas clandestinas constituyen una fuente de contagio latente, e inst\u00f3 a la comunidad a denunciar este tipo de situaciones, con la finalidad de adoptar los cursos de acci\u00f3n de manera oportuna y prevenir la propagaci\u00f3n de esta pandemia.<\/p>\n<p class=\"v1MsoNormal\" style=\"text-align: justify;\">Es un trabajo de todos poder bajar los niveles de contagio y as\u00ed seguir avanzando en la fase respectiva en nuestra comuna y regi\u00f3n.<\/p>\n<\/div><\/section><\/div><div  style='height:50px' class='hr hr-invisible   avia-builder-el-6  el_after_av_one_full  el_before_av_social_share '><span class='hr-inner ' ><span class='hr-inner-style'><\/span><\/span><\/div><\/p>\n<div  class='av-social-sharing-box  avia-builder-el-7  el_after_av_hr  el_before_av_hr  '><div class='av-share-box'><h5 class='av-share-link-description av-no-toc '>Compartir esta noticia<\/h5><ul class='av-share-box-list noLightbox'><li class='av-share-link av-social-link-facebook' ><a target=\"_blank\" aria-label=\"Compartir en Facebook\" href='https:\/\/www.facebook.com\/sharer.php?u=https:\/\/radiorevelacionfm.cl\/?p=3805&#038;t=Carabineros%20detuvo%20a%205%20personas%20por%20fiesta%20clandestina%20en%20Melinka' aria-hidden='false' data-av_icon='\ue8f3' data-av_iconfont='entypo-fontello' title='' data-avia-related-tooltip='Compartir en Facebook' rel=\"noopener\"><span class='avia_hidden_link_text'>Compartir en Facebook<\/span><\/a><\/li><li class='av-share-link av-social-link-twitter' ><a target=\"_blank\" aria-label=\"Compartir en Twitter\" href='https:\/\/twitter.com\/share?text=Carabineros%20detuvo%20a%205%20personas%20por%20fiesta%20clandestina%20en%20Melinka&#038;url=https:\/\/radiorevelacionfm.cl\/?p=3805' aria-hidden='false' data-av_icon='\ue8f1' data-av_iconfont='entypo-fontello' title='' data-avia-related-tooltip='Compartir en Twitter' rel=\"noopener\"><span class='avia_hidden_link_text'>Compartir en Twitter<\/span><\/a><\/li><li class='av-share-link av-social-link-whatsapp' ><a target=\"_blank\" aria-label=\"Compartir en Whatsapp\" href='https:\/\/api.whatsapp.com\/send?text=https:\/\/radiorevelacionfm.cl\/?p=3805' aria-hidden='false' data-av_icon='\uf232' data-av_iconfont='entypo-fontello' title='' data-avia-related-tooltip='Compartir en Whatsapp' rel=\"noopener\"><span class='avia_hidden_link_text'>Compartir en Whatsapp<\/span><\/a><\/li><li class='av-share-link av-social-link-linkedin' ><a target=\"_blank\" aria-label=\"Compartir en LinkedIn\" href='https:\/\/linkedin.com\/shareArticle?mini=true&#038;title=Carabineros%20detuvo%20a%205%20personas%20por%20fiesta%20clandestina%20en%20Melinka&#038;url=https:\/\/radiorevelacionfm.cl\/?p=3805' aria-hidden='false' data-av_icon='\ue8fc' data-av_iconfont='entypo-fontello' title='' data-avia-related-tooltip='Compartir en LinkedIn' rel=\"noopener\"><span class='avia_hidden_link_text'>Compartir en LinkedIn<\/span><\/a><\/li><li class='av-share-link av-social-link-mail' ><a  aria-label=\"Compartir por correo\" href='mailto:?subject=Carabineros%20detuvo%20a%205%20personas%20por%20fiesta%20clandestina%20en%20Melinka&#038;body=https:\/\/radiorevelacionfm.cl\/?p=3805' aria-hidden='false' data-av_icon='\ue805' data-av_iconfont='entypo-fontello' title='' data-avia-related-tooltip='Compartir por correo'><span class='avia_hidden_link_text'>Compartir por correo<\/span><\/a><\/li><\/ul><\/div><\/div>\n<div  style='height:50px' class='hr hr-invisible   avia-builder-el-8  el_after_av_social_share  el_before_av_comments_list '><span class='hr-inner ' ><span class='hr-inner-style'><\/span><\/span><\/div>\n<div  class='av-buildercomment  av-blog-meta-html-info-disabled av-blog-meta-tag-disabled  '><\/div>\n","protected":false},"excerpt":{"rendered":"","protected":false},"author":1,"featured_media":3806,"comment_status":"open","ping_status":"open","sticky":false,"template":"","format":"standard","meta":{"footnotes":""},"categories":[36],"tags":[],"class_list":["post-3805","post","type-post","status-publish","format-standard","has-post-thumbnail","hentry","category-policial"],"jetpack_featured_media_url":"https:\/\/radiorevelacionfm.cl\/wp-content\/uploads\/2021\/05\/melinka_6_optimized.jpg","_links":{"self":[{"href":"https:\/\/radiorevelacionfm.cl\/index.php?rest_route=\/wp\/v2\/posts\/3805","targetHints":{"allow":["GET"]}}],"collection":[{"href":"https:\/\/radiorevelacionfm.cl\/index.php?rest_route=\/wp\/v2\/posts"}],"about":[{"href":"https:\/\/radiorevelacionfm.cl\/index.php?rest_route=\/wp\/v2\/types\/post"}],"author":[{"embeddable":true,"href":"https:\/\/radiorevelacionfm.cl\/index.php?rest_route=\/wp\/v2\/users\/1"}],"replies":[{"embeddable":true,"href":"https:\/\/radiorevelacionfm.cl\/index.php?rest_route=%2Fwp%2Fv2%2Fcomments&post=3805"}],"version-history":[{"count":1,"href":"https:\/\/radiorevelacionfm.cl\/index.php?rest_route=\/wp\/v2\/posts\/3805\/revisions"}],"predecessor-version":[{"id":3807,"href":"https:\/\/radiorevelacionfm.cl\/index.php?rest_route=\/wp\/v2\/posts\/3805\/revisions\/3807"}],"wp:featuredmedia":[{"embeddable":true,"href":"https:\/\/radiorevelacionfm.cl\/index.php?rest_route=\/wp\/v2\/media\/3806"}],"wp:attachment":[{"href":"https:\/\/radiorevelacionfm.cl\/index.php?rest_route=%2Fwp%2Fv2%2Fmedia&parent=3805"}],"wp:term":[{"taxonomy":"category","embeddable":true,"href":"https:\/\/radiorevelacionfm.cl\/index.php?rest_route=%2Fwp%2Fv2%2Fcategories&post=3805"},{"taxonomy":"post_tag","embeddable":true,"href":"https:\/\/radiorevelacionfm.cl\/index.php?rest_route=%2Fwp%2Fv2%2Ftags&post=3805"}],"curies":[{"name":"wp","href":"https:\/\/api.w.org\/{rel}","templated":true}]}}