{"id":38048,"date":"2023-12-15T20:57:14","date_gmt":"2023-12-15T23:57:14","guid":{"rendered":"https:\/\/radiorevelacionfm.cl\/?p=38048"},"modified":"2023-12-15T20:57:14","modified_gmt":"2023-12-15T23:57:14","slug":"fiscalia-coordino-relevante-actividad-academica-destinada-a-prevenir-la-violencia-institucional-en-aysen","status":"publish","type":"post","link":"https:\/\/radiorevelacionfm.cl\/?p=38048","title":{"rendered":"Fiscal\u00eda coordin\u00f3 relevante actividad acad\u00e9mica destinada a prevenir la Violencia Institucional en Ays\u00e9n"},"content":{"rendered":"<div class=\"flex_column av_one_full  flex_column_div av-zero-column-padding first  avia-builder-el-0  el_before_av_one_full  avia-builder-el-first  \" style='border-radius:0px; '><div  class='avia-image-container  av-styling-    avia-builder-el-1  avia-builder-el-no-sibling  avia-align-center '  itemprop=\"image\" itemscope=\"itemscope\" itemtype=\"https:\/\/schema.org\/ImageObject\"  ><div class='avia-image-container-inner'><div class='avia-image-overlay-wrap'><img decoding=\"async\" class='wp-image-38049 avia-img-lazy-loading-not-38049 avia_image' src=\"https:\/\/radiorevelacionfm.cl\/wp-content\/uploads\/2023\/12\/1-2023-12-15T203238.955-1-1.jpg\" alt='' title='1 - 2023-12-15T203238.955 (1) (1)' height=\"600\" width=\"800\"  itemprop=\"thumbnailUrl\" srcset=\"https:\/\/radiorevelacionfm.cl\/wp-content\/uploads\/2023\/12\/1-2023-12-15T203238.955-1-1.jpg 800w, https:\/\/radiorevelacionfm.cl\/wp-content\/uploads\/2023\/12\/1-2023-12-15T203238.955-1-1-300x225.jpg 300w, https:\/\/radiorevelacionfm.cl\/wp-content\/uploads\/2023\/12\/1-2023-12-15T203238.955-1-1-768x576.jpg 768w, https:\/\/radiorevelacionfm.cl\/wp-content\/uploads\/2023\/12\/1-2023-12-15T203238.955-1-1-705x529.jpg 705w, https:\/\/radiorevelacionfm.cl\/wp-content\/uploads\/2023\/12\/1-2023-12-15T203238.955-1-1-450x338.jpg 450w, https:\/\/radiorevelacionfm.cl\/wp-content\/uploads\/2023\/12\/1-2023-12-15T203238.955-1-1-600x450.jpg 600w\" sizes=\"(max-width: 800px) 100vw, 800px\" \/><\/div><\/div><\/div><\/div><div class=\"flex_column av_one_full  flex_column_div av-zero-column-padding first  avia-builder-el-2  el_after_av_one_full  el_before_av_one_full  column-top-margin\" style='border-radius:0px; '><section class=\"av_textblock_section \"  itemscope=\"itemscope\" itemtype=\"https:\/\/schema.org\/BlogPosting\" itemprop=\"blogPost\" ><div class='avia_textblock  '   itemprop=\"text\" ><p style=\"font-weight: 400; text-align: center;\"><span style=\"font-size: 18pt;\"><strong>Fiscal\u00eda coordin\u00f3 relevante<\/strong>\u00a0<strong>actividad acad\u00e9mica destinada a prevenir la Violencia Institucional en Ays\u00e9n<\/strong><\/span><\/p>\n<div id=\"gtx-trans\" style=\"position: absolute; left: -50px; top: 4.31534px;\">\n<div class=\"gtx-trans-icon\"><\/div>\n<\/div>\n<\/div><\/section><\/div><div class=\"flex_column av_one_full  flex_column_div av-zero-column-padding first  avia-builder-el-4  el_after_av_one_full  el_before_av_hr  column-top-margin\" style='border-radius:0px; '><section class=\"av_textblock_section \"  itemscope=\"itemscope\" itemtype=\"https:\/\/schema.org\/BlogPosting\" itemprop=\"blogPost\" ><div class='avia_textblock  '   itemprop=\"text\" ><p style=\"font-weight: 400; text-align: justify;\">Como parte de la constante preocupaci\u00f3n de la Fiscal\u00eda Regional de Ays\u00e9n por reflexionar y estar a la vanguardia en temas acad\u00e9micos, se efectu\u00f3 recientemente un conversatorio destinado a Prevenir la Violencia Institucional, el cual cont\u00f3 con presentaciones de profesionales del Comit\u00e9 para la Prevenci\u00f3n de la Tortura, un ente p\u00fablico y aut\u00f3nomo creado en cumplimiento de los compromisos asumidos por el Estado de Chile ante la comunidad internacional.<\/p>\n<p style=\"font-weight: 400; text-align: justify;\">El evento cont\u00f3 con la participaci\u00f3n del Fiscal Regional, Carlos Palma y las exposiciones del Dr. Francisco Maffioletti Celed\u00f3n, Experto del \u00e1rea de ni\u00f1ez y adolescencia del Comit\u00e9 para la Prevenci\u00f3n de la Tortura y los profesionales Luis Vial Recabarren, experto del \u00e1rea penitenciaria, Loreto Adrian Serrano y Mar\u00eda Beltr\u00e1n Campos, analistas del \u00e1rea de ni\u00f1ez y adolescencia.<\/p>\n<p style=\"font-weight: 400; text-align: justify;\">La actividad se efectu\u00f3 en el auditorio de la Fiscal\u00eda Regional de Ays\u00e9n y cont\u00f3 con la asistencia de diversas autoridades y profesionales ligados al sistema de justicia penal en nuestra regi\u00f3n.<\/p>\n<p style=\"font-weight: 400; text-align: justify;\">\u201cComo Ministerio P\u00fablico estamos comprometidos con el pleno respeto a los Derechos Humanos y con la formaci\u00f3n como escal\u00f3n previo para cualquier desarrollo integral del ser humano. De ah\u00ed entonces nuestra satisfacci\u00f3n de poder contar con la presencia del Comit\u00e9 para la Prevenci\u00f3n de la Tortura en nuestras dependencias\u201d, expres\u00f3 el Fiscal Regional, Carlos Palma, en torno a esta relevante instancia acad\u00e9mica.<\/p>\n<\/div><\/section><\/div><div  style='height:50px' class='hr hr-invisible   avia-builder-el-6  el_after_av_one_full  el_before_av_social_share '><span class='hr-inner ' ><span class='hr-inner-style'><\/span><\/span><\/div><\/p>\n<div  class='av-social-sharing-box  avia-builder-el-7  el_after_av_hr  el_before_av_hr  '><div class='av-share-box'><h5 class='av-share-link-description av-no-toc '>Compartir esta noticia<\/h5><ul class='av-share-box-list noLightbox'><li class='av-share-link av-social-link-facebook' ><a target=\"_blank\" aria-label=\"Compartir en Facebook\" href='https:\/\/www.facebook.com\/sharer.php?u=https:\/\/radiorevelacionfm.cl\/?p=38048&#038;t=Fiscal%C3%ADa%20coordin%C3%B3%20relevante%20actividad%20acad%C3%A9mica%20destinada%20a%20prevenir%20la%20Violencia%20Institucional%20en%20Ays%C3%A9n' aria-hidden='false' data-av_icon='\ue8f3' data-av_iconfont='entypo-fontello' title='' data-avia-related-tooltip='Compartir en Facebook' rel=\"noopener\"><span class='avia_hidden_link_text'>Compartir en Facebook<\/span><\/a><\/li><li class='av-share-link av-social-link-twitter' ><a target=\"_blank\" aria-label=\"Compartir en Twitter\" href='https:\/\/twitter.com\/share?text=Fiscal%C3%ADa%20coordin%C3%B3%20relevante%20actividad%20acad%C3%A9mica%20destinada%20a%20prevenir%20la%20Violencia%20Institucional%20en%20Ays%C3%A9n&#038;url=https:\/\/radiorevelacionfm.cl\/?p=38048' aria-hidden='false' data-av_icon='\ue8f1' data-av_iconfont='entypo-fontello' title='' data-avia-related-tooltip='Compartir en Twitter' rel=\"noopener\"><span class='avia_hidden_link_text'>Compartir en Twitter<\/span><\/a><\/li><li class='av-share-link av-social-link-whatsapp' ><a target=\"_blank\" aria-label=\"Compartir en Whatsapp\" href='https:\/\/api.whatsapp.com\/send?text=https:\/\/radiorevelacionfm.cl\/?p=38048' aria-hidden='false' data-av_icon='\uf232' data-av_iconfont='entypo-fontello' title='' data-avia-related-tooltip='Compartir en Whatsapp' rel=\"noopener\"><span class='avia_hidden_link_text'>Compartir en Whatsapp<\/span><\/a><\/li><li class='av-share-link av-social-link-linkedin' ><a target=\"_blank\" aria-label=\"Compartir en LinkedIn\" href='https:\/\/linkedin.com\/shareArticle?mini=true&#038;title=Fiscal%C3%ADa%20coordin%C3%B3%20relevante%20actividad%20acad%C3%A9mica%20destinada%20a%20prevenir%20la%20Violencia%20Institucional%20en%20Ays%C3%A9n&#038;url=https:\/\/radiorevelacionfm.cl\/?p=38048' aria-hidden='false' data-av_icon='\ue8fc' data-av_iconfont='entypo-fontello' title='' data-avia-related-tooltip='Compartir en LinkedIn' rel=\"noopener\"><span class='avia_hidden_link_text'>Compartir en LinkedIn<\/span><\/a><\/li><li class='av-share-link av-social-link-mail' ><a  aria-label=\"Compartir por correo\" href='mailto:?subject=Fiscal%C3%ADa%20coordin%C3%B3%20relevante%20actividad%20acad%C3%A9mica%20destinada%20a%20prevenir%20la%20Violencia%20Institucional%20en%20Ays%C3%A9n&#038;body=https:\/\/radiorevelacionfm.cl\/?p=38048' aria-hidden='false' data-av_icon='\ue805' data-av_iconfont='entypo-fontello' title='' data-avia-related-tooltip='Compartir por correo'><span class='avia_hidden_link_text'>Compartir por correo<\/span><\/a><\/li><\/ul><\/div><\/div>\n<div  style='height:50px' class='hr hr-invisible   avia-builder-el-8  el_after_av_social_share  el_before_av_comments_list '><span class='hr-inner ' ><span class='hr-inner-style'><\/span><\/span><\/div>\n<div  class='av-buildercomment  av-blog-meta-html-info-disabled av-blog-meta-tag-disabled  '><\/div>\n","protected":false},"excerpt":{"rendered":"","protected":false},"author":1,"featured_media":38049,"comment_status":"open","ping_status":"open","sticky":false,"template":"","format":"standard","meta":{"footnotes":""},"categories":[38],"tags":[],"class_list":["post-38048","post","type-post","status-publish","format-standard","has-post-thumbnail","hentry","category-regional"],"jetpack_featured_media_url":"https:\/\/radiorevelacionfm.cl\/wp-content\/uploads\/2023\/12\/1-2023-12-15T203238.955-1-1.jpg","_links":{"self":[{"href":"https:\/\/radiorevelacionfm.cl\/index.php?rest_route=\/wp\/v2\/posts\/38048","targetHints":{"allow":["GET"]}}],"collection":[{"href":"https:\/\/radiorevelacionfm.cl\/index.php?rest_route=\/wp\/v2\/posts"}],"about":[{"href":"https:\/\/radiorevelacionfm.cl\/index.php?rest_route=\/wp\/v2\/types\/post"}],"author":[{"embeddable":true,"href":"https:\/\/radiorevelacionfm.cl\/index.php?rest_route=\/wp\/v2\/users\/1"}],"replies":[{"embeddable":true,"href":"https:\/\/radiorevelacionfm.cl\/index.php?rest_route=%2Fwp%2Fv2%2Fcomments&post=38048"}],"version-history":[{"count":1,"href":"https:\/\/radiorevelacionfm.cl\/index.php?rest_route=\/wp\/v2\/posts\/38048\/revisions"}],"predecessor-version":[{"id":38050,"href":"https:\/\/radiorevelacionfm.cl\/index.php?rest_route=\/wp\/v2\/posts\/38048\/revisions\/38050"}],"wp:featuredmedia":[{"embeddable":true,"href":"https:\/\/radiorevelacionfm.cl\/index.php?rest_route=\/wp\/v2\/media\/38049"}],"wp:attachment":[{"href":"https:\/\/radiorevelacionfm.cl\/index.php?rest_route=%2Fwp%2Fv2%2Fmedia&parent=38048"}],"wp:term":[{"taxonomy":"category","embeddable":true,"href":"https:\/\/radiorevelacionfm.cl\/index.php?rest_route=%2Fwp%2Fv2%2Fcategories&post=38048"},{"taxonomy":"post_tag","embeddable":true,"href":"https:\/\/radiorevelacionfm.cl\/index.php?rest_route=%2Fwp%2Fv2%2Ftags&post=38048"}],"curies":[{"name":"wp","href":"https:\/\/api.w.org\/{rel}","templated":true}]}}