{"id":38041,"date":"2023-12-15T20:38:31","date_gmt":"2023-12-15T23:38:31","guid":{"rendered":"https:\/\/radiorevelacionfm.cl\/?p=38041"},"modified":"2023-12-15T20:40:19","modified_gmt":"2023-12-15T23:40:19","slug":"diputado-calisto-oficia-a-ministra-de-salud-por-suspension-de-quimioterapias-en-hospital-regional-de-coyhaique","status":"publish","type":"post","link":"https:\/\/radiorevelacionfm.cl\/?p=38041","title":{"rendered":"Diputado Calisto oficia a Ministra de Salud por suspensi\u00f3n de quimioterapias en Hospital Regional de Coyhaique"},"content":{"rendered":"<div class=\"flex_column av_one_full  flex_column_div av-zero-column-padding first  avia-builder-el-0  el_before_av_one_full  avia-builder-el-first  \" style='border-radius:0px; '><div  class='avia-image-container  av-styling-    avia-builder-el-1  avia-builder-el-no-sibling  avia-align-center '  itemprop=\"image\" itemscope=\"itemscope\" itemtype=\"https:\/\/schema.org\/ImageObject\"  ><div class='avia-image-container-inner'><div class='avia-image-overlay-wrap'><img decoding=\"async\" class='wp-image-38042 avia-img-lazy-loading-not-38042 avia_image' src=\"https:\/\/radiorevelacionfm.cl\/wp-content\/uploads\/2023\/12\/FOTO-CALISTO-CONGRESO-1-1.jpeg\" alt='' title='FOTO CALISTO CONGRESO (1) (1)' height=\"600\" width=\"900\"  itemprop=\"thumbnailUrl\" srcset=\"https:\/\/radiorevelacionfm.cl\/wp-content\/uploads\/2023\/12\/FOTO-CALISTO-CONGRESO-1-1.jpeg 900w, https:\/\/radiorevelacionfm.cl\/wp-content\/uploads\/2023\/12\/FOTO-CALISTO-CONGRESO-1-1-300x200.jpeg 300w, https:\/\/radiorevelacionfm.cl\/wp-content\/uploads\/2023\/12\/FOTO-CALISTO-CONGRESO-1-1-768x512.jpeg 768w, https:\/\/radiorevelacionfm.cl\/wp-content\/uploads\/2023\/12\/FOTO-CALISTO-CONGRESO-1-1-705x470.jpeg 705w, https:\/\/radiorevelacionfm.cl\/wp-content\/uploads\/2023\/12\/FOTO-CALISTO-CONGRESO-1-1-450x300.jpeg 450w, https:\/\/radiorevelacionfm.cl\/wp-content\/uploads\/2023\/12\/FOTO-CALISTO-CONGRESO-1-1-600x400.jpeg 600w\" sizes=\"(max-width: 900px) 100vw, 900px\" \/><\/div><\/div><\/div><\/div>\n<div class=\"flex_column av_one_full  flex_column_div av-zero-column-padding first  avia-builder-el-2  el_after_av_one_full  el_before_av_one_full  column-top-margin\" style='border-radius:0px; '><section class=\"av_textblock_section \"  itemscope=\"itemscope\" itemtype=\"https:\/\/schema.org\/BlogPosting\" itemprop=\"blogPost\" ><div class='avia_textblock  '   itemprop=\"text\" ><h2 class=\"title\" style=\"text-align: center;\"><span style=\"font-size: 18pt;\"><b><span lang=\"ES\">Diputado Calisto oficia a Ministra de Salud por suspensi\u00f3n de quimioterapias en Hospital Regional de Coyhaique<\/span><\/b><\/span><\/h2>\n<div id=\"gtx-trans\" style=\"position: absolute; left: -50px; top: 4.31534px;\">\n<div class=\"gtx-trans-icon\"><\/div>\n<\/div>\n<\/div><\/section><\/div>\n<div class=\"flex_column av_one_full  flex_column_div av-zero-column-padding first  avia-builder-el-4  el_after_av_one_full  el_before_av_hr  column-top-margin\" style='border-radius:0px; '><section class=\"av_textblock_section \"  itemscope=\"itemscope\" itemtype=\"https:\/\/schema.org\/BlogPosting\" itemprop=\"blogPost\" ><div class='avia_textblock  '   itemprop=\"text\" ><p><i><span lang=\"ES\">Empresa a\u00e9rea habr\u00eda priorizado otra carga y no traslad\u00f3 los insumos para estos tratamientos.<\/span><\/i><\/p>\n<p style=\"font-weight: 400; text-align: justify;\">Luego que se conociera la suspensi\u00f3n de los tratamientos de quimioterapia en el Hospital Regional de Coyhaique porque la empresa a\u00e9rea prioriz\u00f3 el transporte de otro tipo de carga, el diputado Miguel \u00c1ngel Calisto envi\u00f3 un oficio a la Ministra de Salud, Ximena Aguilera, solicit\u00e1ndole que realice las acciones necesarias para asegurar la continuidad de estos tratamientos y siempre se priorice el traslado de los insumos que permiten su realizaci\u00f3n.<\/p>\n<p style=\"font-weight: 400; text-align: justify;\">El legislador asegur\u00f3 que \u201cexiste mucha preocupaci\u00f3n por esta informaci\u00f3n que se conoci\u00f3, porque la quimioterapia es muy importante para las personas que tienen c\u00e1ncer, es parte de su tratamiento y lamentablemente es una enfermedad que es cada vez m\u00e1s com\u00fan. Desde el propio hospital se inform\u00f3 que las quimioterapias estaban suspendidas porque la l\u00ednea a\u00e9rea hab\u00eda priorizado otro tipo de carga y no los insumos para realizar estos procedimientos\u201d.<\/p>\n<p style=\"font-weight: 400; text-align: justify;\">\u201cEsto no puede suceder, no es posible que se paralice el tratamiento a estas personas que est\u00e1n sufriendo estas enfermedades, por un tema log\u00edstico, porque una empresa decidi\u00f3 no traer los insumos.\u00a0 Por estos motivos, envi\u00e9 un oficio a la Ministra de Salud, solicitando que esto no vuelva a suceder\u201d, se\u00f1al\u00f3.<\/p>\n<p style=\"font-weight: 400; text-align: justify;\">Finalmente, el legislador se\u00f1al\u00f3 que \u201cla cadena de entrega de medicamentos se debe aplicar con la mayor agilidad posible. Si esto no se hace, se est\u00e1 faltando al derecho fundamental que es el derecho a la vida\u201d.<\/p>\n<\/div><\/section><\/div><div  style='height:50px' class='hr hr-invisible   avia-builder-el-6  el_after_av_one_full  el_before_av_social_share '><span class='hr-inner ' ><span class='hr-inner-style'><\/span><\/span><\/div><\/p>\n<div  class='av-social-sharing-box  avia-builder-el-7  el_after_av_hr  el_before_av_hr  '><div class='av-share-box'><h5 class='av-share-link-description av-no-toc '>Compartir esta noticia<\/h5><ul class='av-share-box-list noLightbox'><li class='av-share-link av-social-link-facebook' ><a target=\"_blank\" aria-label=\"Compartir en Facebook\" href='https:\/\/www.facebook.com\/sharer.php?u=https:\/\/radiorevelacionfm.cl\/?p=38041&#038;t=Diputado%20Calisto%20oficia%20a%20Ministra%20de%20Salud%20por%20suspensi%C3%B3n%20de%20quimioterapias%20en%20Hospital%20Regional%20de%20Coyhaique' aria-hidden='false' data-av_icon='\ue8f3' data-av_iconfont='entypo-fontello' title='' data-avia-related-tooltip='Compartir en Facebook' rel=\"noopener\"><span class='avia_hidden_link_text'>Compartir en Facebook<\/span><\/a><\/li><li class='av-share-link av-social-link-twitter' ><a target=\"_blank\" aria-label=\"Compartir en Twitter\" href='https:\/\/twitter.com\/share?text=Diputado%20Calisto%20oficia%20a%20Ministra%20de%20Salud%20por%20suspensi%C3%B3n%20de%20quimioterapias%20en%20Hospital%20Regional%20de%20Coyhaique&#038;url=https:\/\/radiorevelacionfm.cl\/?p=38041' aria-hidden='false' data-av_icon='\ue8f1' data-av_iconfont='entypo-fontello' title='' data-avia-related-tooltip='Compartir en Twitter' rel=\"noopener\"><span class='avia_hidden_link_text'>Compartir en Twitter<\/span><\/a><\/li><li class='av-share-link av-social-link-whatsapp' ><a target=\"_blank\" aria-label=\"Compartir en Whatsapp\" href='https:\/\/api.whatsapp.com\/send?text=https:\/\/radiorevelacionfm.cl\/?p=38041' aria-hidden='false' data-av_icon='\uf232' data-av_iconfont='entypo-fontello' title='' data-avia-related-tooltip='Compartir en Whatsapp' rel=\"noopener\"><span class='avia_hidden_link_text'>Compartir en Whatsapp<\/span><\/a><\/li><li class='av-share-link av-social-link-linkedin' ><a target=\"_blank\" aria-label=\"Compartir en LinkedIn\" href='https:\/\/linkedin.com\/shareArticle?mini=true&#038;title=Diputado%20Calisto%20oficia%20a%20Ministra%20de%20Salud%20por%20suspensi%C3%B3n%20de%20quimioterapias%20en%20Hospital%20Regional%20de%20Coyhaique&#038;url=https:\/\/radiorevelacionfm.cl\/?p=38041' aria-hidden='false' data-av_icon='\ue8fc' data-av_iconfont='entypo-fontello' title='' data-avia-related-tooltip='Compartir en LinkedIn' rel=\"noopener\"><span class='avia_hidden_link_text'>Compartir en LinkedIn<\/span><\/a><\/li><li class='av-share-link av-social-link-mail' ><a  aria-label=\"Compartir por correo\" href='mailto:?subject=Diputado%20Calisto%20oficia%20a%20Ministra%20de%20Salud%20por%20suspensi%C3%B3n%20de%20quimioterapias%20en%20Hospital%20Regional%20de%20Coyhaique&#038;body=https:\/\/radiorevelacionfm.cl\/?p=38041' aria-hidden='false' data-av_icon='\ue805' data-av_iconfont='entypo-fontello' title='' data-avia-related-tooltip='Compartir por correo'><span class='avia_hidden_link_text'>Compartir por correo<\/span><\/a><\/li><\/ul><\/div><\/div>\n<div  style='height:50px' class='hr hr-invisible   avia-builder-el-8  el_after_av_social_share  el_before_av_comments_list '><span class='hr-inner ' ><span class='hr-inner-style'><\/span><\/span><\/div>\n<div  class='av-buildercomment  av-blog-meta-html-info-disabled av-blog-meta-tag-disabled  '><\/div>\n","protected":false},"excerpt":{"rendered":"","protected":false},"author":1,"featured_media":38042,"comment_status":"open","ping_status":"open","sticky":false,"template":"","format":"standard","meta":{"footnotes":""},"categories":[35],"tags":[],"class_list":["post-38041","post","type-post","status-publish","format-standard","has-post-thumbnail","hentry","category-politica"],"jetpack_featured_media_url":"https:\/\/radiorevelacionfm.cl\/wp-content\/uploads\/2023\/12\/FOTO-CALISTO-CONGRESO-1-1.jpeg","_links":{"self":[{"href":"https:\/\/radiorevelacionfm.cl\/index.php?rest_route=\/wp\/v2\/posts\/38041","targetHints":{"allow":["GET"]}}],"collection":[{"href":"https:\/\/radiorevelacionfm.cl\/index.php?rest_route=\/wp\/v2\/posts"}],"about":[{"href":"https:\/\/radiorevelacionfm.cl\/index.php?rest_route=\/wp\/v2\/types\/post"}],"author":[{"embeddable":true,"href":"https:\/\/radiorevelacionfm.cl\/index.php?rest_route=\/wp\/v2\/users\/1"}],"replies":[{"embeddable":true,"href":"https:\/\/radiorevelacionfm.cl\/index.php?rest_route=%2Fwp%2Fv2%2Fcomments&post=38041"}],"version-history":[{"count":2,"href":"https:\/\/radiorevelacionfm.cl\/index.php?rest_route=\/wp\/v2\/posts\/38041\/revisions"}],"predecessor-version":[{"id":38054,"href":"https:\/\/radiorevelacionfm.cl\/index.php?rest_route=\/wp\/v2\/posts\/38041\/revisions\/38054"}],"wp:featuredmedia":[{"embeddable":true,"href":"https:\/\/radiorevelacionfm.cl\/index.php?rest_route=\/wp\/v2\/media\/38042"}],"wp:attachment":[{"href":"https:\/\/radiorevelacionfm.cl\/index.php?rest_route=%2Fwp%2Fv2%2Fmedia&parent=38041"}],"wp:term":[{"taxonomy":"category","embeddable":true,"href":"https:\/\/radiorevelacionfm.cl\/index.php?rest_route=%2Fwp%2Fv2%2Fcategories&post=38041"},{"taxonomy":"post_tag","embeddable":true,"href":"https:\/\/radiorevelacionfm.cl\/index.php?rest_route=%2Fwp%2Fv2%2Ftags&post=38041"}],"curies":[{"name":"wp","href":"https:\/\/api.w.org\/{rel}","templated":true}]}}