{"id":38034,"date":"2023-12-15T12:33:22","date_gmt":"2023-12-15T15:33:22","guid":{"rendered":"https:\/\/radiorevelacionfm.cl\/?p=38034"},"modified":"2023-12-15T12:33:22","modified_gmt":"2023-12-15T15:33:22","slug":"odontomed-concluye-el-ano-con-actividades-solidarias-en-favor-de-ninos-y-personas-mayores-de-puerto-aysen","status":"publish","type":"post","link":"https:\/\/radiorevelacionfm.cl\/?p=38034","title":{"rendered":"OdontoMed concluye el a\u00f1o con actividades solidarias en favor de ni\u00f1os y personas mayores de Puerto Ays\u00e9n"},"content":{"rendered":"<div class=\"flex_column av_one_full  flex_column_div av-zero-column-padding first  avia-builder-el-0  el_before_av_one_full  avia-builder-el-first  \" style='border-radius:0px; '><div  class='avia-image-container  av-styling-    avia-builder-el-1  avia-builder-el-no-sibling  avia-align-center '  itemprop=\"image\" itemscope=\"itemscope\" itemtype=\"https:\/\/schema.org\/ImageObject\"  ><div class='avia-image-container-inner'><div class='avia-image-overlay-wrap'><img decoding=\"async\" class='wp-image-38035 avia-img-lazy-loading-not-38035 avia_image' src=\"https:\/\/radiorevelacionfm.cl\/wp-content\/uploads\/2023\/12\/odontomed-cole-david-1-1-1.jpg\" alt='' title='odontomed-cole-david (1) (1) (1)' height=\"600\" width=\"900\"  itemprop=\"thumbnailUrl\" srcset=\"https:\/\/radiorevelacionfm.cl\/wp-content\/uploads\/2023\/12\/odontomed-cole-david-1-1-1.jpg 900w, https:\/\/radiorevelacionfm.cl\/wp-content\/uploads\/2023\/12\/odontomed-cole-david-1-1-1-300x200.jpg 300w, https:\/\/radiorevelacionfm.cl\/wp-content\/uploads\/2023\/12\/odontomed-cole-david-1-1-1-768x512.jpg 768w, https:\/\/radiorevelacionfm.cl\/wp-content\/uploads\/2023\/12\/odontomed-cole-david-1-1-1-705x470.jpg 705w, https:\/\/radiorevelacionfm.cl\/wp-content\/uploads\/2023\/12\/odontomed-cole-david-1-1-1-450x300.jpg 450w, https:\/\/radiorevelacionfm.cl\/wp-content\/uploads\/2023\/12\/odontomed-cole-david-1-1-1-600x400.jpg 600w\" sizes=\"(max-width: 900px) 100vw, 900px\" \/><\/div><\/div><\/div><\/div><div class=\"flex_column av_one_full  flex_column_div av-zero-column-padding first  avia-builder-el-2  el_after_av_one_full  el_before_av_one_full  column-top-margin\" style='border-radius:0px; '><section class=\"av_textblock_section \"  itemscope=\"itemscope\" itemtype=\"https:\/\/schema.org\/BlogPosting\" itemprop=\"blogPost\" ><div class='avia_textblock  '   itemprop=\"text\" ><p style=\"text-align: center;\"><strong><span style=\"font-size: 18pt;\">OdontoMed concluye el a\u00f1o con actividades solidarias en favor de ni\u00f1os y personas mayores de Puerto Ays\u00e9n<\/span><\/strong><\/p>\n<div id=\"gtx-trans\" style=\"position: absolute; left: -50px; top: 4.31534px;\">\n<div class=\"gtx-trans-icon\"><\/div>\n<\/div>\n<\/div><\/section><\/div><div class=\"flex_column av_one_full  flex_column_div av-zero-column-padding first  avia-builder-el-4  el_after_av_one_full  el_before_av_hr  column-top-margin\" style='border-radius:0px; '><section class=\"av_textblock_section \"  itemscope=\"itemscope\" itemtype=\"https:\/\/schema.org\/BlogPosting\" itemprop=\"blogPost\" ><div class='avia_textblock  '   itemprop=\"text\" ><p style=\"text-align: justify;\"><em>El Centro ha desarrollado diversas acciones diferenciadoras a los establecimientos de su tipo en la capital porte\u00f1a.<\/em><\/p>\n<p style=\"text-align: justify;\">Con una nueva actividad solidaria de \u201cCaja abierta\u201d el pr\u00f3ximo s\u00e1bado 16 destinada a recaudar fondos por medio de limpiezas dentales a 15.000 pesos para contribuir con las fiestas de Fin de A\u00f1o de los ni\u00f1os y ni\u00f1as del Jard\u00edn Lobito Feroz. El Centro M\u00e9dico y Odontol\u00f3gico, <a href=\"http:\/\/www.odontomed.cl\/\">OdontoMed<\/a>, culminar\u00e1 su a\u00f1o de fomento e integraci\u00f3n en la comuna de Ays\u00e9n. Esta acci\u00f3n se suma a la campa\u00f1a \u201cAys\u00e9n recobra sus sonrisas\u201d orientada las personas de 60 a\u00f1os y m\u00e1s que debido a diversos motivos requieren de una extracci\u00f3n dental y no poseen los medios econ\u00f3micos que les permitan obtener esta atenci\u00f3n con los valores de mercado.<\/p>\n<p style=\"text-align: justify;\">En este sentido, el cofundador y administrador del Centro m\u00e9dico aysenino, Cole David Reed, destac\u00f3 que en el caso de la campa\u00f1a para personas mayores \u201cbusca aliviar los gastos dentales en este segmento de la poblaci\u00f3n entregando de forma promocional la extracci\u00f3n de pieza dentales a un costo de $30.000 y adem\u00e1s, realizando la evaluaci\u00f3n correspondiente para revisar las distintas alternativas que le permitan recuperar las piezas perdidas. La iniciativa surge ante las m\u00faltiples consultas que enfrentan los profesionales de la salud debido a descuidos en tratamientos previos o la nula consulta con dentistas\u201d.<\/p>\n<p style=\"text-align: justify;\">En tanto, consultado por la iniciativa para los ni\u00f1os y ni\u00f1as, el representante del establecimiento de salud indic\u00f3 que \u201ccontamos con la visita de los padres del Jard\u00edn Lobito Feroz con quienes vamos a desarrollar una acci\u00f3n solidaria con motivo de las fiestas de Fin de A\u00f1o. Es as\u00ed como haremos limpiezas dentales a bajo costo. 15000 pesos cada una con un examen dental asociado. Esto como parte de las iniciativas de vinculaci\u00f3n que hemos efectuado este a\u00f1o y que nos llevan a tener un car\u00e1cter social en la comuna\u201d.<\/p>\n<p style=\"text-align: justify;\">Finalmente, Cole David, indic\u00f3 que quedan pocos cupos disponibles y agradeci\u00f3 la confianza depositada por el Centro General de Padres para efectuar esta acci\u00f3n solidaria. En caso de necesitar una atenci\u00f3n ya sea por la campa\u00f1a de personas mayores o por la acci\u00f3n destinada a los ni\u00f1os el WhatsApp habilitado es el +56991252560 o puede revisar el sitio <a href=\"odontomed.cl\/agenda\">odontomed.cl\/agenda<\/a>.<\/p>\n<\/div><\/section><\/div><div  style='height:50px' class='hr hr-invisible   avia-builder-el-6  el_after_av_one_full  el_before_av_social_share '><span class='hr-inner ' ><span class='hr-inner-style'><\/span><\/span><\/div><\/p>\n<div  class='av-social-sharing-box  avia-builder-el-7  el_after_av_hr  el_before_av_hr  '><div class='av-share-box'><h5 class='av-share-link-description av-no-toc '>Compartir esta noticia<\/h5><ul class='av-share-box-list noLightbox'><li class='av-share-link av-social-link-facebook' ><a target=\"_blank\" aria-label=\"Compartir en Facebook\" href='https:\/\/www.facebook.com\/sharer.php?u=https:\/\/radiorevelacionfm.cl\/?p=38034&#038;t=OdontoMed%20concluye%20el%20a%C3%B1o%20con%20actividades%20solidarias%20en%20favor%20de%20ni%C3%B1os%20y%20personas%20mayores%20de%20Puerto%20Ays%C3%A9n' aria-hidden='false' data-av_icon='\ue8f3' data-av_iconfont='entypo-fontello' title='' data-avia-related-tooltip='Compartir en Facebook' rel=\"noopener\"><span class='avia_hidden_link_text'>Compartir en Facebook<\/span><\/a><\/li><li class='av-share-link av-social-link-twitter' ><a target=\"_blank\" aria-label=\"Compartir en Twitter\" href='https:\/\/twitter.com\/share?text=OdontoMed%20concluye%20el%20a%C3%B1o%20con%20actividades%20solidarias%20en%20favor%20de%20ni%C3%B1os%20y%20personas%20mayores%20de%20Puerto%20Ays%C3%A9n&#038;url=https:\/\/radiorevelacionfm.cl\/?p=38034' aria-hidden='false' data-av_icon='\ue8f1' data-av_iconfont='entypo-fontello' title='' data-avia-related-tooltip='Compartir en Twitter' rel=\"noopener\"><span class='avia_hidden_link_text'>Compartir en Twitter<\/span><\/a><\/li><li class='av-share-link av-social-link-whatsapp' ><a target=\"_blank\" aria-label=\"Compartir en Whatsapp\" href='https:\/\/api.whatsapp.com\/send?text=https:\/\/radiorevelacionfm.cl\/?p=38034' aria-hidden='false' data-av_icon='\uf232' data-av_iconfont='entypo-fontello' title='' data-avia-related-tooltip='Compartir en Whatsapp' rel=\"noopener\"><span class='avia_hidden_link_text'>Compartir en Whatsapp<\/span><\/a><\/li><li class='av-share-link av-social-link-linkedin' ><a target=\"_blank\" aria-label=\"Compartir en LinkedIn\" href='https:\/\/linkedin.com\/shareArticle?mini=true&#038;title=OdontoMed%20concluye%20el%20a%C3%B1o%20con%20actividades%20solidarias%20en%20favor%20de%20ni%C3%B1os%20y%20personas%20mayores%20de%20Puerto%20Ays%C3%A9n&#038;url=https:\/\/radiorevelacionfm.cl\/?p=38034' aria-hidden='false' data-av_icon='\ue8fc' data-av_iconfont='entypo-fontello' title='' data-avia-related-tooltip='Compartir en LinkedIn' rel=\"noopener\"><span class='avia_hidden_link_text'>Compartir en LinkedIn<\/span><\/a><\/li><li class='av-share-link av-social-link-mail' ><a  aria-label=\"Compartir por correo\" href='mailto:?subject=OdontoMed%20concluye%20el%20a%C3%B1o%20con%20actividades%20solidarias%20en%20favor%20de%20ni%C3%B1os%20y%20personas%20mayores%20de%20Puerto%20Ays%C3%A9n&#038;body=https:\/\/radiorevelacionfm.cl\/?p=38034' aria-hidden='false' data-av_icon='\ue805' data-av_iconfont='entypo-fontello' title='' data-avia-related-tooltip='Compartir por correo'><span class='avia_hidden_link_text'>Compartir por correo<\/span><\/a><\/li><\/ul><\/div><\/div>\n<div  style='height:50px' class='hr hr-invisible   avia-builder-el-8  el_after_av_social_share  el_before_av_comments_list '><span class='hr-inner ' ><span class='hr-inner-style'><\/span><\/span><\/div>\n<div  class='av-buildercomment  av-blog-meta-html-info-disabled av-blog-meta-tag-disabled  '><\/div>\n","protected":false},"excerpt":{"rendered":"","protected":false},"author":1,"featured_media":38035,"comment_status":"open","ping_status":"open","sticky":false,"template":"","format":"standard","meta":{"footnotes":""},"categories":[38],"tags":[],"class_list":["post-38034","post","type-post","status-publish","format-standard","has-post-thumbnail","hentry","category-regional"],"jetpack_featured_media_url":"https:\/\/radiorevelacionfm.cl\/wp-content\/uploads\/2023\/12\/odontomed-cole-david-1-1-1.jpg","_links":{"self":[{"href":"https:\/\/radiorevelacionfm.cl\/index.php?rest_route=\/wp\/v2\/posts\/38034","targetHints":{"allow":["GET"]}}],"collection":[{"href":"https:\/\/radiorevelacionfm.cl\/index.php?rest_route=\/wp\/v2\/posts"}],"about":[{"href":"https:\/\/radiorevelacionfm.cl\/index.php?rest_route=\/wp\/v2\/types\/post"}],"author":[{"embeddable":true,"href":"https:\/\/radiorevelacionfm.cl\/index.php?rest_route=\/wp\/v2\/users\/1"}],"replies":[{"embeddable":true,"href":"https:\/\/radiorevelacionfm.cl\/index.php?rest_route=%2Fwp%2Fv2%2Fcomments&post=38034"}],"version-history":[{"count":1,"href":"https:\/\/radiorevelacionfm.cl\/index.php?rest_route=\/wp\/v2\/posts\/38034\/revisions"}],"predecessor-version":[{"id":38036,"href":"https:\/\/radiorevelacionfm.cl\/index.php?rest_route=\/wp\/v2\/posts\/38034\/revisions\/38036"}],"wp:featuredmedia":[{"embeddable":true,"href":"https:\/\/radiorevelacionfm.cl\/index.php?rest_route=\/wp\/v2\/media\/38035"}],"wp:attachment":[{"href":"https:\/\/radiorevelacionfm.cl\/index.php?rest_route=%2Fwp%2Fv2%2Fmedia&parent=38034"}],"wp:term":[{"taxonomy":"category","embeddable":true,"href":"https:\/\/radiorevelacionfm.cl\/index.php?rest_route=%2Fwp%2Fv2%2Fcategories&post=38034"},{"taxonomy":"post_tag","embeddable":true,"href":"https:\/\/radiorevelacionfm.cl\/index.php?rest_route=%2Fwp%2Fv2%2Ftags&post=38034"}],"curies":[{"name":"wp","href":"https:\/\/api.w.org\/{rel}","templated":true}]}}