{"id":38031,"date":"2023-12-15T11:44:47","date_gmt":"2023-12-15T14:44:47","guid":{"rendered":"https:\/\/radiorevelacionfm.cl\/?p=38031"},"modified":"2023-12-15T11:44:47","modified_gmt":"2023-12-15T14:44:47","slug":"refuerzan-campana-denuncia-seguro-por-festividades-de-diciembre","status":"publish","type":"post","link":"https:\/\/radiorevelacionfm.cl\/?p=38031","title":{"rendered":"Refuerzan campa\u00f1a Denuncia Seguro por festividades de diciembre"},"content":{"rendered":"<div class=\"flex_column av_one_full  flex_column_div av-zero-column-padding first  avia-builder-el-0  el_before_av_one_full  avia-builder-el-first  \" style='border-radius:0px; '><div  class='avia-image-container  av-styling-    avia-builder-el-1  avia-builder-el-no-sibling  avia-align-center '  itemprop=\"image\" itemscope=\"itemscope\" itemtype=\"https:\/\/schema.org\/ImageObject\"  ><div class='avia-image-container-inner'><div class='avia-image-overlay-wrap'><img decoding=\"async\" class='wp-image-38032 avia-img-lazy-loading-not-38032 avia_image' src=\"https:\/\/radiorevelacionfm.cl\/wp-content\/uploads\/2023\/12\/img_20231214_113241725-1_optimized.jpg\" alt='' title='img_20231214_113241725-(1)_optimized' height=\"600\" width=\"800\"  itemprop=\"thumbnailUrl\" srcset=\"https:\/\/radiorevelacionfm.cl\/wp-content\/uploads\/2023\/12\/img_20231214_113241725-1_optimized.jpg 800w, https:\/\/radiorevelacionfm.cl\/wp-content\/uploads\/2023\/12\/img_20231214_113241725-1_optimized-300x225.jpg 300w, https:\/\/radiorevelacionfm.cl\/wp-content\/uploads\/2023\/12\/img_20231214_113241725-1_optimized-768x576.jpg 768w, https:\/\/radiorevelacionfm.cl\/wp-content\/uploads\/2023\/12\/img_20231214_113241725-1_optimized-705x529.jpg 705w, https:\/\/radiorevelacionfm.cl\/wp-content\/uploads\/2023\/12\/img_20231214_113241725-1_optimized-450x338.jpg 450w, https:\/\/radiorevelacionfm.cl\/wp-content\/uploads\/2023\/12\/img_20231214_113241725-1_optimized-600x450.jpg 600w\" sizes=\"(max-width: 800px) 100vw, 800px\" \/><\/div><\/div><\/div><\/div><div class=\"flex_column av_one_full  flex_column_div av-zero-column-padding first  avia-builder-el-2  el_after_av_one_full  el_before_av_one_full  column-top-margin\" style='border-radius:0px; '><section class=\"av_textblock_section \"  itemscope=\"itemscope\" itemtype=\"https:\/\/schema.org\/BlogPosting\" itemprop=\"blogPost\" ><div class='avia_textblock  '   itemprop=\"text\" ><p style=\"text-align: center;\"><span style=\"font-size: 18pt;\"><strong>Refuerzan campa\u00f1a Denuncia Seguro por festividades de diciembre<\/strong><\/span><\/p>\n<div id=\"gtx-trans\" style=\"position: absolute; left: -50px; top: 4.31534px;\">\n<div class=\"gtx-trans-icon\"><\/div>\n<\/div>\n<\/div><\/section><\/div><div class=\"flex_column av_one_full  flex_column_div av-zero-column-padding first  avia-builder-el-4  el_after_av_one_full  el_before_av_hr  column-top-margin\" style='border-radius:0px; '><section class=\"av_textblock_section \"  itemscope=\"itemscope\" itemtype=\"https:\/\/schema.org\/BlogPosting\" itemprop=\"blogPost\" ><div class='avia_textblock  '   itemprop=\"text\" ><p class=\"v1MsoNormal\" style=\"text-align: justify;\">Recibir denuncias delictuales en forma an\u00f3nima, segura y confidencial al n\u00famero de tel\u00e9fono *4242, \u00a0es el objetivo de la Campa\u00f1a de Gobierno, \u00a0\u00abDenuncia Seguro\u00bb, implementada por la Subsecretar\u00eda de Prevenci\u00f3n del Delito.<\/p>\n<p class=\"v1MsoNormal\" style=\"text-align: justify;\">En el contexto de las festividades de fin de a\u00f1o, donde aumenta el flujo de compras y ventas por parte de los consumidores y empresarios del comercio establecido, el Gobierno est\u00e1 reforzando esta herramienta de comunicaci\u00f3n y denuncia que est\u00e1 disponible para los usuarios, \u00a0en forma gratuita, las 24 horas del d\u00eda durante los 365 d\u00edas del a\u00f1o.<\/p>\n<p class=\"v1MsoNormal\" style=\"text-align: justify;\">En la concurrida y transitada calle Sargento Aldea de la ciudad de Puerto Ays\u00e9n, se dieron cita las autoridades de gobierno, \u00a0para difundir esta campa\u00f1a, recorriendo algunos locales comerciales para entregar material informativo y dialogar con los due\u00f1os y empleados \u00a0de las tiendas.<\/p>\n<p class=\"v1MsoNormal\" style=\"text-align: justify;\">La Coordinadora Regional de la Subsecretar\u00eda de Prevenci\u00f3n del Delito, Camila Covarrubias, explic\u00f3 que \u00abse estableci\u00f3 un convenio entre esta cartera y la C\u00e1mara de Comercio para ocupar el n\u00famero telef\u00f3nico por denuncias asociadas al comercio il\u00edcito, que puede traer aparejada la venta de art\u00edculos robados o falsificados. Es por eso que \u00a0invitamos a la poblaci\u00f3n a preferir el comercio formal y, en estas fiestas de fin de a\u00f1o, a tener una conducta de prevenci\u00f3n de seguridad con sus claves telef\u00f3nicas o compras a trav\u00e9s de internet\u00bb, acot\u00f3.<\/p>\n<p class=\"v1MsoNormal\" style=\"text-align: justify;\">Por su parte, el Delegado Presidencial Provincial de Ays\u00e9n, Jorge D\u00edaz Guzm\u00e1n enfatiz\u00f3 que \u00a0\u00abPara nuestro Gobierno, la seguridad de la ciudadan\u00eda es fundamental. Por esa raz\u00f3n es que se est\u00e1 dando una lucha frontal contra la delincuencia. Lo que estamos promoviendo es que los vecinos concurran al comercio establecido, solicitando su boleta, eviten el comercio informal y tengan la tranquilidad del trabajo que estamos realizando junto a las polic\u00edas para garantizar su seguridad\u00bb, agreg\u00f3.<\/p>\n<p class=\"v1MsoNormal\" style=\"text-align: justify;\">En esta misma l\u00ednea, el Director de Seguridad comunal de Ays\u00e9n, Marco Co\u00f1uecar, valor\u00f3 el trabajo conjunto de las instituciones encargadas de velar por la seguridad de la ciudadan\u00eda, expresando que \u00abestamos desarrollando un convenio que nos permite junto a la polic\u00eda de carabineros realizar patrullajes mixtos y, desde el municipio, est\u00e1 todo dispuesto para que los equipos de tele vigilancia y su central de c\u00e1maras, funcionen durante las 24 horas del d\u00eda en estas festividades\u00bb, puntualiz\u00f3.<\/p>\n<p class=\"v1MsoNormal\" style=\"text-align: justify;\">En la librer\u00eda Puerto Libro, ubicada en el centro neur\u00e1lgico del comercio aisenino, su dependienta, Francisca Saavedra, agradeci\u00f3 y valor\u00f3 el trabajo mancomunado de las instituciones para garantizar la seguridad en estas fiestas de fin de a\u00f1o. \u00abMientras todos los actores estemos de acuerdo y ayudemos a que todo funcione bien, me parece que es el camino correcto. Comprar en el comercio establecido me parece la forma m\u00e1s inteligente para prevenir delitos\u00bb, destac\u00f3.<\/p>\n<p class=\"v1MsoNormal\" style=\"text-align: justify;\">En la jornada de difusi\u00f3n y promoci\u00f3n de la campa\u00f1a \u00abDenuncia Seguro\u00bb tambi\u00e9n particip\u00f3 la polic\u00eda de Carabineros, representada por el Suboficial Mayor Patricio Tauler, miembro de la Oficina de Integraci\u00f3n Comunitaria (MICC) de la Segunda Comisar\u00eda de Puerto Ays\u00e9n.<\/p>\n<\/div><\/section><\/div><div  style='height:50px' class='hr hr-invisible   avia-builder-el-6  el_after_av_one_full  el_before_av_social_share '><span class='hr-inner ' ><span class='hr-inner-style'><\/span><\/span><\/div><\/p>\n<div  class='av-social-sharing-box  avia-builder-el-7  el_after_av_hr  el_before_av_hr  '><div class='av-share-box'><h5 class='av-share-link-description av-no-toc '>Compartir esta noticia<\/h5><ul class='av-share-box-list noLightbox'><li class='av-share-link av-social-link-facebook' ><a target=\"_blank\" aria-label=\"Compartir en Facebook\" href='https:\/\/www.facebook.com\/sharer.php?u=https:\/\/radiorevelacionfm.cl\/?p=38031&#038;t=Refuerzan%20campa%C3%B1a%20Denuncia%20Seguro%20por%20festividades%20de%20diciembre' aria-hidden='false' data-av_icon='\ue8f3' data-av_iconfont='entypo-fontello' title='' data-avia-related-tooltip='Compartir en Facebook' rel=\"noopener\"><span class='avia_hidden_link_text'>Compartir en Facebook<\/span><\/a><\/li><li class='av-share-link av-social-link-twitter' ><a target=\"_blank\" aria-label=\"Compartir en Twitter\" href='https:\/\/twitter.com\/share?text=Refuerzan%20campa%C3%B1a%20Denuncia%20Seguro%20por%20festividades%20de%20diciembre&#038;url=https:\/\/radiorevelacionfm.cl\/?p=38031' aria-hidden='false' data-av_icon='\ue8f1' data-av_iconfont='entypo-fontello' title='' data-avia-related-tooltip='Compartir en Twitter' rel=\"noopener\"><span class='avia_hidden_link_text'>Compartir en Twitter<\/span><\/a><\/li><li class='av-share-link av-social-link-whatsapp' ><a target=\"_blank\" aria-label=\"Compartir en Whatsapp\" href='https:\/\/api.whatsapp.com\/send?text=https:\/\/radiorevelacionfm.cl\/?p=38031' aria-hidden='false' data-av_icon='\uf232' data-av_iconfont='entypo-fontello' title='' data-avia-related-tooltip='Compartir en Whatsapp' rel=\"noopener\"><span class='avia_hidden_link_text'>Compartir en Whatsapp<\/span><\/a><\/li><li class='av-share-link av-social-link-linkedin' ><a target=\"_blank\" aria-label=\"Compartir en LinkedIn\" href='https:\/\/linkedin.com\/shareArticle?mini=true&#038;title=Refuerzan%20campa%C3%B1a%20Denuncia%20Seguro%20por%20festividades%20de%20diciembre&#038;url=https:\/\/radiorevelacionfm.cl\/?p=38031' aria-hidden='false' data-av_icon='\ue8fc' data-av_iconfont='entypo-fontello' title='' data-avia-related-tooltip='Compartir en LinkedIn' rel=\"noopener\"><span class='avia_hidden_link_text'>Compartir en LinkedIn<\/span><\/a><\/li><li class='av-share-link av-social-link-mail' ><a  aria-label=\"Compartir por correo\" href='mailto:?subject=Refuerzan%20campa%C3%B1a%20Denuncia%20Seguro%20por%20festividades%20de%20diciembre&#038;body=https:\/\/radiorevelacionfm.cl\/?p=38031' aria-hidden='false' data-av_icon='\ue805' data-av_iconfont='entypo-fontello' title='' data-avia-related-tooltip='Compartir por correo'><span class='avia_hidden_link_text'>Compartir por correo<\/span><\/a><\/li><\/ul><\/div><\/div>\n<div  style='height:50px' class='hr hr-invisible   avia-builder-el-8  el_after_av_social_share  el_before_av_comments_list '><span class='hr-inner ' ><span class='hr-inner-style'><\/span><\/span><\/div>\n<div  class='av-buildercomment  av-blog-meta-html-info-disabled av-blog-meta-tag-disabled  '><\/div>\n","protected":false},"excerpt":{"rendered":"","protected":false},"author":1,"featured_media":38032,"comment_status":"open","ping_status":"open","sticky":false,"template":"","format":"standard","meta":{"footnotes":""},"categories":[38],"tags":[],"class_list":["post-38031","post","type-post","status-publish","format-standard","has-post-thumbnail","hentry","category-regional"],"jetpack_featured_media_url":"https:\/\/radiorevelacionfm.cl\/wp-content\/uploads\/2023\/12\/img_20231214_113241725-1_optimized.jpg","_links":{"self":[{"href":"https:\/\/radiorevelacionfm.cl\/index.php?rest_route=\/wp\/v2\/posts\/38031","targetHints":{"allow":["GET"]}}],"collection":[{"href":"https:\/\/radiorevelacionfm.cl\/index.php?rest_route=\/wp\/v2\/posts"}],"about":[{"href":"https:\/\/radiorevelacionfm.cl\/index.php?rest_route=\/wp\/v2\/types\/post"}],"author":[{"embeddable":true,"href":"https:\/\/radiorevelacionfm.cl\/index.php?rest_route=\/wp\/v2\/users\/1"}],"replies":[{"embeddable":true,"href":"https:\/\/radiorevelacionfm.cl\/index.php?rest_route=%2Fwp%2Fv2%2Fcomments&post=38031"}],"version-history":[{"count":1,"href":"https:\/\/radiorevelacionfm.cl\/index.php?rest_route=\/wp\/v2\/posts\/38031\/revisions"}],"predecessor-version":[{"id":38033,"href":"https:\/\/radiorevelacionfm.cl\/index.php?rest_route=\/wp\/v2\/posts\/38031\/revisions\/38033"}],"wp:featuredmedia":[{"embeddable":true,"href":"https:\/\/radiorevelacionfm.cl\/index.php?rest_route=\/wp\/v2\/media\/38032"}],"wp:attachment":[{"href":"https:\/\/radiorevelacionfm.cl\/index.php?rest_route=%2Fwp%2Fv2%2Fmedia&parent=38031"}],"wp:term":[{"taxonomy":"category","embeddable":true,"href":"https:\/\/radiorevelacionfm.cl\/index.php?rest_route=%2Fwp%2Fv2%2Fcategories&post=38031"},{"taxonomy":"post_tag","embeddable":true,"href":"https:\/\/radiorevelacionfm.cl\/index.php?rest_route=%2Fwp%2Fv2%2Ftags&post=38031"}],"curies":[{"name":"wp","href":"https:\/\/api.w.org\/{rel}","templated":true}]}}