{"id":38028,"date":"2023-12-15T11:12:17","date_gmt":"2023-12-15T14:12:17","guid":{"rendered":"https:\/\/radiorevelacionfm.cl\/?p=38028"},"modified":"2023-12-15T11:12:17","modified_gmt":"2023-12-15T14:12:17","slug":"aysen-sma-formula-4-cargos-graves-contra-la-empresa-sociedad-minera-pacifico-del-sur-spa-titular-de-la-minera-el-toqui","status":"publish","type":"post","link":"https:\/\/radiorevelacionfm.cl\/?p=38028","title":{"rendered":"Ays\u00e9n: SMA formula 4 cargos graves contra la empresa Sociedad Minera Pac\u00edfico del Sur SpA titular de la minera El Toqui"},"content":{"rendered":"<div class=\"flex_column av_one_full  flex_column_div av-zero-column-padding first  avia-builder-el-0  el_before_av_one_full  avia-builder-el-first  \" style='border-radius:0px; '><div  class='avia-image-container  av-styling-    avia-builder-el-1  avia-builder-el-no-sibling  avia-align-center '  itemprop=\"image\" itemscope=\"itemscope\" itemtype=\"https:\/\/schema.org\/ImageObject\"  ><div class='avia-image-container-inner'><div class='avia-image-overlay-wrap'><img decoding=\"async\" class='wp-image-38029 avia-img-lazy-loading-not-38029 avia_image' src=\"https:\/\/radiorevelacionfm.cl\/wp-content\/uploads\/2023\/12\/3-92-2-1_optimized.jpg\" alt='' title='3-(92)-(2)-(1)_optimized' height=\"600\" width=\"800\"  itemprop=\"thumbnailUrl\" srcset=\"https:\/\/radiorevelacionfm.cl\/wp-content\/uploads\/2023\/12\/3-92-2-1_optimized.jpg 800w, https:\/\/radiorevelacionfm.cl\/wp-content\/uploads\/2023\/12\/3-92-2-1_optimized-300x225.jpg 300w, https:\/\/radiorevelacionfm.cl\/wp-content\/uploads\/2023\/12\/3-92-2-1_optimized-768x576.jpg 768w, https:\/\/radiorevelacionfm.cl\/wp-content\/uploads\/2023\/12\/3-92-2-1_optimized-705x529.jpg 705w, https:\/\/radiorevelacionfm.cl\/wp-content\/uploads\/2023\/12\/3-92-2-1_optimized-450x338.jpg 450w, https:\/\/radiorevelacionfm.cl\/wp-content\/uploads\/2023\/12\/3-92-2-1_optimized-600x450.jpg 600w\" sizes=\"(max-width: 800px) 100vw, 800px\" \/><\/div><\/div><\/div><\/div><div class=\"flex_column av_one_full  flex_column_div av-zero-column-padding first  avia-builder-el-2  el_after_av_one_full  el_before_av_one_full  column-top-margin\" style='border-radius:0px; '><section class=\"av_textblock_section \"  itemscope=\"itemscope\" itemtype=\"https:\/\/schema.org\/BlogPosting\" itemprop=\"blogPost\" ><div class='avia_textblock  '   itemprop=\"text\" ><h2 class=\"title\" style=\"text-align: center;\"><span style=\"font-size: 18pt;\"><b>Ays\u00e9n: SMA formula 4 cargos graves contra la empresa Sociedad Minera Pac\u00edfico del Sur SpA titular de la minera El Toqui<\/b><b>\u00a0<\/b><\/span><\/h2>\n<div id=\"gtx-trans\" style=\"position: absolute; left: -50px; top: 4.31534px;\">\n<div class=\"gtx-trans-icon\"><\/div>\n<\/div>\n<\/div><\/section><\/div><\/p>\n<div class=\"flex_column av_one_full  flex_column_div av-zero-column-padding first  avia-builder-el-4  el_after_av_one_full  el_before_av_hr  column-top-margin\" style='border-radius:0px; '><section class=\"av_textblock_section \"  itemscope=\"itemscope\" itemtype=\"https:\/\/schema.org\/BlogPosting\" itemprop=\"blogPost\" ><div class='avia_textblock  '   itemprop=\"text\" ><p style=\"text-align: justify;\"><i>En fiscalizaciones realizadas en 2021, 2022 y este a\u00f1o se detectaron variados incumplimientos ambientales.\u00a0<\/i><i>\u00a0<\/i><\/p>\n<p style=\"text-align: justify;\"><i>El titular arriesga una multa de hasta 20 mil UTAs, equivalentes a m\u00e1s de $15.411 millones.<\/i><i>\u00a0<\/i><\/p>\n<p style=\"text-align: justify;\">La Superintendencia del Medio Ambiente (SMA) procedi\u00f3 a formular cargos contra la empresa Sociedad Minera Pac\u00edfico del Sur SpA, titular del proyecto \u00abDep\u00f3sito de relaves filtrados do\u00f1a Rosa\u00bb, calificado ambientalmente a trav\u00e9s de la resoluci\u00f3n de calificaci\u00f3n ambiental (RCA) N\u00b096\/2011, y que est\u00e1 asociado a la unidad fiscalizable Minera el Toqui, la cual, est\u00e1 localizada en el sector Villa Ma\u00f1ihuales, comuna de Coyhaique, Regi\u00f3n de Ays\u00e9n. El inicio de este procedimiento sancionatorio se sustenta luego de identificar diversos incumplimientos ambientales establecidos en su RCA.<\/p>\n<p style=\"text-align: justify;\">Cabe indicar que el proyecto consiste en la construcci\u00f3n y operaci\u00f3n de un dep\u00f3sito de relaves para la faena minera, los que se dispondr\u00e1n en forma de relaves filtrados. El dep\u00f3sito contar\u00e1 con un muro frontal de confinamiento que ser\u00e1 construido en base a material de relleno controlado y compactado. El dep\u00f3sito fue proyectado para almacenar del orden de 2.176.000 m3 de relaves filtrados, alcanzando al final de su vida \u00fatil una altura m\u00e1xima de 20 metros.<\/p>\n<p style=\"text-align: justify;\">Este caso tiene como origen una serie de inspecciones ambientales realizadas en abril y julio de 2021, agosto de 2022 y febrero de 2023 por fiscalizadores de la Oficina Regional de la SMA de Ays\u00e9n, en conjunto con fiscalizadores del SAG, la DGA y de la Seremi de Salud de Ays\u00e9n, donde se pudo constatar variados incumplimientos establecidos en las obligaciones ambientales del proyecto minero.<\/p>\n<p style=\"text-align: justify;\">En base a estos antecedentes, la Superintendencia del Medio Ambiente, a trav\u00e9s de la Divisi\u00f3n de Sanci\u00f3n y Cumplimiento (DSC) formul\u00f3 cuatro cargos contra el titular tras constatar como primera infracci\u00f3n que la empresa no realiz\u00f3 la limpieza de la Piscina de Sedimentaci\u00f3n, seg\u00fan las condiciones comprometidas en la evaluaci\u00f3n ambiental.<\/p>\n<p style=\"text-align: justify;\">La segunda infracci\u00f3n se sustenta porque el titular present\u00f3 una operaci\u00f3n deficiente del transporte y posterior disposici\u00f3n de los relaves del proyecto desde la Planta de Espesados hacia el Dep\u00f3sito de relaves Do\u00f1a Rosa.<\/p>\n<p style=\"text-align: justify;\">A lo anterior, se suma una tercera infracci\u00f3n debido que la compa\u00f1\u00eda no activ\u00f3 el Plan de Alerta Temprana, consistente en realizar el env\u00edo de aguas de contacto recolectadas por el Sistema de Drenaje Basal, hacia la Piscina de Sedimentaci\u00f3n, en las condiciones definidas en la evaluaci\u00f3n ambiental.<\/p>\n<p style=\"text-align: justify;\">Y, respecto a la cuarta infracci\u00f3n, esta se sustenta porque la minera realiz\u00f3 disposici\u00f3n de aguas de contacto y sedimentos de relave fuera de la cubeta del dep\u00f3sito Do\u00f1a Rosa, en un \u00e1rea no autorizada.<\/p>\n<p style=\"text-align: justify;\">Al respecto, el jefe regional de la SMA en Ays\u00e9n, Oscal Leal explic\u00f3 que\u00a0<i>\u00abla formulaci\u00f3n de cargos contra la empresa se justifica porque en las tres inspecciones ambientales realizadas por fiscalizadores de esta oficina regional de la SMA, en conjunto con otros organismos sectoriales, detectamos una serie de incumplimientos ambientales y que no se ajustaban a lo establecido en la resoluci\u00f3n de calificaci\u00f3n ambiental otorgado a este proyecto minero\u00bb.<\/i><\/p>\n<p style=\"text-align: justify;\">Por su parte, la Superintendenta del Medio Ambiente (s), Claudia Pastore agreg\u00f3 que\u00a0<i>\u00abes importante recordar a los titulares de los proyectos que no basta con contar con un permiso ambiental. El cumplimiento de estos es un imperativo, es decir, las empresas deben cumplir con los compromisos que establecen para poder funcionar. Es parte de las reglas del juego\u00bb.<\/i><\/p>\n<p style=\"text-align: justify;\">Cabe se\u00f1alar que, en el caso de las infracciones clasificadas como graves, el titular puede ser objeto de la revocaci\u00f3n de su RCA, clausura, o multa de hasta 5.000 UTA. En este sancionatorio, la empresa Sociedad Minera Pac\u00edfico del Sur SpA arriesga una multa de hasta 20 mil UTAs, equivalentes a m\u00e1s de $15.411 millones.<\/p>\n<p style=\"text-align: justify;\">La empresa tendr\u00e1 un plazo de 10 d\u00edas h\u00e1biles para presentar un Programa de Cumplimiento (PdC) y de 15 d\u00edas h\u00e1biles para formular sus descargos tras la notificaci\u00f3n del presente sancionatorio.<\/p>\n<p class=\"v1elementToProof\" style=\"text-align: justify;\">*M\u00e1s informaci\u00f3n en el Sistema Nacional de Informaci\u00f3n de Fiscalizaci\u00f3n Ambiental (SNIFA):\u00a0<a id=\"v1OWA65da7069-0ca3-38a8-dcc6-aa17c15c9abc\" class=\"v1OWAAutoLink\" href=\"https:\/\/snifa.sma.gob.cl\/Sancionatorio\/Ficha\/3547\" target=\"_blank\" rel=\"noopener noreferrer\">https:\/\/snifa.sma.gob.cl\/Sancionatorio\/Ficha\/3547<\/a><\/p>\n<\/div><\/section><\/div>\n<div  style='height:50px' class='hr hr-invisible   avia-builder-el-6  el_after_av_one_full  el_before_av_social_share '><span class='hr-inner ' ><span class='hr-inner-style'><\/span><\/span><\/div>\n<div  class='av-social-sharing-box  avia-builder-el-7  el_after_av_hr  el_before_av_hr  '><div class='av-share-box'><h5 class='av-share-link-description av-no-toc '>Compartir esta noticia<\/h5><ul class='av-share-box-list noLightbox'><li class='av-share-link av-social-link-facebook' ><a target=\"_blank\" aria-label=\"Compartir en Facebook\" href='https:\/\/www.facebook.com\/sharer.php?u=https:\/\/radiorevelacionfm.cl\/?p=38028&#038;t=Ays%C3%A9n%3A%20SMA%20formula%204%20cargos%20graves%20contra%20la%20empresa%20Sociedad%20Minera%20Pac%C3%ADfico%20del%20Sur%20SpA%20titular%20de%20la%20minera%20El%20Toqui' aria-hidden='false' data-av_icon='\ue8f3' data-av_iconfont='entypo-fontello' title='' data-avia-related-tooltip='Compartir en Facebook' rel=\"noopener\"><span class='avia_hidden_link_text'>Compartir en Facebook<\/span><\/a><\/li><li class='av-share-link av-social-link-twitter' ><a target=\"_blank\" aria-label=\"Compartir en Twitter\" href='https:\/\/twitter.com\/share?text=Ays%C3%A9n%3A%20SMA%20formula%204%20cargos%20graves%20contra%20la%20empresa%20Sociedad%20Minera%20Pac%C3%ADfico%20del%20Sur%20SpA%20titular%20de%20la%20minera%20El%20Toqui&#038;url=https:\/\/radiorevelacionfm.cl\/?p=38028' aria-hidden='false' data-av_icon='\ue8f1' data-av_iconfont='entypo-fontello' title='' data-avia-related-tooltip='Compartir en Twitter' rel=\"noopener\"><span class='avia_hidden_link_text'>Compartir en Twitter<\/span><\/a><\/li><li class='av-share-link av-social-link-whatsapp' ><a target=\"_blank\" aria-label=\"Compartir en Whatsapp\" href='https:\/\/api.whatsapp.com\/send?text=https:\/\/radiorevelacionfm.cl\/?p=38028' aria-hidden='false' data-av_icon='\uf232' data-av_iconfont='entypo-fontello' title='' data-avia-related-tooltip='Compartir en Whatsapp' rel=\"noopener\"><span class='avia_hidden_link_text'>Compartir en Whatsapp<\/span><\/a><\/li><li class='av-share-link av-social-link-linkedin' ><a target=\"_blank\" aria-label=\"Compartir en LinkedIn\" href='https:\/\/linkedin.com\/shareArticle?mini=true&#038;title=Ays%C3%A9n%3A%20SMA%20formula%204%20cargos%20graves%20contra%20la%20empresa%20Sociedad%20Minera%20Pac%C3%ADfico%20del%20Sur%20SpA%20titular%20de%20la%20minera%20El%20Toqui&#038;url=https:\/\/radiorevelacionfm.cl\/?p=38028' aria-hidden='false' data-av_icon='\ue8fc' data-av_iconfont='entypo-fontello' title='' data-avia-related-tooltip='Compartir en LinkedIn' rel=\"noopener\"><span class='avia_hidden_link_text'>Compartir en LinkedIn<\/span><\/a><\/li><li class='av-share-link av-social-link-mail' ><a  aria-label=\"Compartir por correo\" href='mailto:?subject=Ays%C3%A9n%3A%20SMA%20formula%204%20cargos%20graves%20contra%20la%20empresa%20Sociedad%20Minera%20Pac%C3%ADfico%20del%20Sur%20SpA%20titular%20de%20la%20minera%20El%20Toqui&#038;body=https:\/\/radiorevelacionfm.cl\/?p=38028' aria-hidden='false' data-av_icon='\ue805' data-av_iconfont='entypo-fontello' title='' data-avia-related-tooltip='Compartir por correo'><span class='avia_hidden_link_text'>Compartir por correo<\/span><\/a><\/li><\/ul><\/div><\/div>\n<div  style='height:50px' class='hr hr-invisible   avia-builder-el-8  el_after_av_social_share  el_before_av_comments_list '><span class='hr-inner ' ><span class='hr-inner-style'><\/span><\/span><\/div>\n<div  class='av-buildercomment  av-blog-meta-html-info-disabled av-blog-meta-tag-disabled  '><\/div>\n","protected":false},"excerpt":{"rendered":"","protected":false},"author":1,"featured_media":38029,"comment_status":"open","ping_status":"open","sticky":false,"template":"","format":"standard","meta":{"footnotes":""},"categories":[38],"tags":[],"class_list":["post-38028","post","type-post","status-publish","format-standard","has-post-thumbnail","hentry","category-regional"],"jetpack_featured_media_url":"https:\/\/radiorevelacionfm.cl\/wp-content\/uploads\/2023\/12\/3-92-2-1_optimized.jpg","_links":{"self":[{"href":"https:\/\/radiorevelacionfm.cl\/index.php?rest_route=\/wp\/v2\/posts\/38028","targetHints":{"allow":["GET"]}}],"collection":[{"href":"https:\/\/radiorevelacionfm.cl\/index.php?rest_route=\/wp\/v2\/posts"}],"about":[{"href":"https:\/\/radiorevelacionfm.cl\/index.php?rest_route=\/wp\/v2\/types\/post"}],"author":[{"embeddable":true,"href":"https:\/\/radiorevelacionfm.cl\/index.php?rest_route=\/wp\/v2\/users\/1"}],"replies":[{"embeddable":true,"href":"https:\/\/radiorevelacionfm.cl\/index.php?rest_route=%2Fwp%2Fv2%2Fcomments&post=38028"}],"version-history":[{"count":1,"href":"https:\/\/radiorevelacionfm.cl\/index.php?rest_route=\/wp\/v2\/posts\/38028\/revisions"}],"predecessor-version":[{"id":38030,"href":"https:\/\/radiorevelacionfm.cl\/index.php?rest_route=\/wp\/v2\/posts\/38028\/revisions\/38030"}],"wp:featuredmedia":[{"embeddable":true,"href":"https:\/\/radiorevelacionfm.cl\/index.php?rest_route=\/wp\/v2\/media\/38029"}],"wp:attachment":[{"href":"https:\/\/radiorevelacionfm.cl\/index.php?rest_route=%2Fwp%2Fv2%2Fmedia&parent=38028"}],"wp:term":[{"taxonomy":"category","embeddable":true,"href":"https:\/\/radiorevelacionfm.cl\/index.php?rest_route=%2Fwp%2Fv2%2Fcategories&post=38028"},{"taxonomy":"post_tag","embeddable":true,"href":"https:\/\/radiorevelacionfm.cl\/index.php?rest_route=%2Fwp%2Fv2%2Ftags&post=38028"}],"curies":[{"name":"wp","href":"https:\/\/api.w.org\/{rel}","templated":true}]}}