{"id":38022,"date":"2023-12-15T10:32:07","date_gmt":"2023-12-15T13:32:07","guid":{"rendered":"https:\/\/radiorevelacionfm.cl\/?p=38022"},"modified":"2023-12-15T10:32:07","modified_gmt":"2023-12-15T13:32:07","slug":"plebiscito-17-de-diciembre-direccion-del-trabajo-aysen-aclara-que-quienes-trabajen-tienen-un-permiso-de-a-lo-menos-2-horas-para-asistir-a-votar","status":"publish","type":"post","link":"https:\/\/radiorevelacionfm.cl\/?p=38022","title":{"rendered":"Plebiscito 17 de diciembre: Direcci\u00f3n del Trabajo Ays\u00e9n aclara que quienes trabajen tienen un permiso de a lo menos 2 horas para asistir a votar"},"content":{"rendered":"<div class=\"flex_column av_one_full  flex_column_div av-zero-column-padding first  avia-builder-el-0  el_before_av_one_full  avia-builder-el-first  \" style='border-radius:0px; '><div  class='avia-image-container  av-styling-    avia-builder-el-1  avia-builder-el-no-sibling  avia-align-center '  itemprop=\"image\" itemscope=\"itemscope\" itemtype=\"https:\/\/schema.org\/ImageObject\"  ><div class='avia-image-container-inner'><div class='avia-image-overlay-wrap'><img decoding=\"async\" class='wp-image-38023 avia-img-lazy-loading-not-38023 avia_image' src=\"https:\/\/radiorevelacionfm.cl\/wp-content\/uploads\/2023\/12\/Recorrido_Comercio_PermisoPlebiscito-2-1-1.jpg\" alt='' title='Recorrido_Comercio_PermisoPlebiscito (2) (1) (1)' height=\"600\" width=\"653\"  itemprop=\"thumbnailUrl\" srcset=\"https:\/\/radiorevelacionfm.cl\/wp-content\/uploads\/2023\/12\/Recorrido_Comercio_PermisoPlebiscito-2-1-1.jpg 653w, https:\/\/radiorevelacionfm.cl\/wp-content\/uploads\/2023\/12\/Recorrido_Comercio_PermisoPlebiscito-2-1-1-300x276.jpg 300w, https:\/\/radiorevelacionfm.cl\/wp-content\/uploads\/2023\/12\/Recorrido_Comercio_PermisoPlebiscito-2-1-1-450x413.jpg 450w, https:\/\/radiorevelacionfm.cl\/wp-content\/uploads\/2023\/12\/Recorrido_Comercio_PermisoPlebiscito-2-1-1-600x551.jpg 600w\" sizes=\"(max-width: 653px) 100vw, 653px\" \/><\/div><\/div><\/div><\/div><div class=\"flex_column av_one_full  flex_column_div av-zero-column-padding first  avia-builder-el-2  el_after_av_one_full  el_before_av_one_full  column-top-margin\" style='border-radius:0px; '><section class=\"av_textblock_section \"  itemscope=\"itemscope\" itemtype=\"https:\/\/schema.org\/BlogPosting\" itemprop=\"blogPost\" ><div class='avia_textblock  '   itemprop=\"text\" ><h2 class=\"title\" style=\"text-align: center;\"><span style=\"font-size: 18pt;\"><b><span lang=\"ES-TRAD\">Plebiscito 17 de diciembre: Direcci\u00f3n del Trabajo Ays\u00e9n aclara que quienes trabajen tienen un permiso de a lo menos 2 horas para asistir a votar<\/span><\/b><\/span><\/h2>\n<div id=\"gtx-trans\" style=\"position: absolute; left: -50px; top: 4.31534px;\">\n<div class=\"gtx-trans-icon\"><\/div>\n<\/div>\n<\/div><\/section><\/div><div class=\"flex_column av_one_full  flex_column_div av-zero-column-padding first  avia-builder-el-4  el_after_av_one_full  el_before_av_hr  column-top-margin\" style='border-radius:0px; '><section class=\"av_textblock_section \"  itemscope=\"itemscope\" itemtype=\"https:\/\/schema.org\/BlogPosting\" itemprop=\"blogPost\" ><div class='avia_textblock  '   itemprop=\"text\" ><p class=\"v1gmail-MsoListParagraphCxSpMiddle\" style=\"text-align: justify;\"><em><span lang=\"ES-MX\">Dicho permiso es un derecho laboral a sufragar, de al menos 2 horas, ya que debe considerar el traslado a los lugares de votaci\u00f3n.<\/span><\/em><\/p>\n<p class=\"v1gmail-MsoListParagraphCxSpLast\" style=\"text-align: justify;\"><em><span lang=\"ES-MX\">En el caso del comercio, solo los malls y strip centers deben cerrar, lo que no es aplicable en nuestra regi\u00f3n\u00bb<\/span><\/em><\/p>\n<p class=\"v1MsoNormal\" style=\"text-align: justify;\"><span lang=\"ES\">El director regional(s) Christian Aros Troncoso, de la Direcci\u00f3n del Trabajo (DT) junto al Seremi de Trabajo y Previsi\u00f3n Social, Rodrigo D\u00edaz Cordaro realizaron un recorrido por el comercio en Coyhaique, constatando dudas y confusi\u00f3n entre empleadores\/as y trabajadores\/as sobre el permiso laboral para el plebiscito constitucional de este domingo 17 de diciembre 2023.<\/span><\/p>\n<p class=\"v1MsoNormal\" style=\"text-align: justify;\"><span lang=\"ES\">En este sentido, el Seremi Rodrigo D\u00edaz explic\u00f3, \u00abComo Seremi del Trabajo y Previsi\u00f3n Social, les debo decir que hemos tenido muchas consultas, muchas dudas de las personas, respecto del plebiscito de este domingo, este d\u00eda, no pueden abrir los mall y los retails que est\u00e9n en formato strip center, que ac\u00e1 en la regi\u00f3n no tenemos, por lo tanto, aqu\u00ed va a funcionar como cualquier d\u00eda domingo. Lo importante eso s\u00ed, es que se programen las empresas, los administradores, los gerentes, para dar permiso a sus trabajadores y trabajadoras, de al menos dos horas para que puedan votar\u00bb, afirm\u00f3 la autoridad laboral.<\/span><\/p>\n<p class=\"v1MsoNormal\" style=\"text-align: justify;\"><span lang=\"ES\">Por su parte, el Director regional(s) de la DT, Christian Aros, mencion\u00f3 sobre las denuncias, \u00abComo Direcci\u00f3n del Trabajo vamos a estar fiscalizando el d\u00eda 17 de diciembre, que se otorgue a los trabajadores y trabajadoras que est\u00e9n trabajando ese d\u00eda. Es un m\u00ednimo de dos horas de permiso para que puedan concurrir a sus lugares de votaci\u00f3n. Vamos a estar recibiendo denuncias adem\u00e1s en\u00a0<a href=\"http:\/\/www.xn--direccindeltrabajo-w1b.cl\/\" target=\"_blank\" rel=\"noopener noreferrer\">www.direcci\u00f3ndeltrabajo.cl<\/a>. Aclaro que estas dos horas es un tiempo m\u00ednimo, porque tambi\u00e9n se debe considerar los tiempos de traslado hacia los lugares de votaci\u00f3n\u00bb, sostuvo.<\/span><\/p>\n<p class=\"v1MsoNormal\" style=\"text-align: justify;\"><span lang=\"ES\">\u00abAc\u00e1 hemos estado en terreno y es importante que se programen, se planifiquen de tal manera que las empresas que vayan a abrir, lo hagan sin problemas, pero respetando -como dijo el Director del Trabajo- el plazo para ir a votar de al menos dos horas para que puedan cumplir con este deber c\u00edvico que adem\u00e1s es obligatorio en este plebiscito\u00bb, reiter\u00f3 el Seremi de Trabajo y Previsi\u00f3n Social, Rodrigo D\u00edaz Cordaro.<\/span><\/p>\n<p class=\"v1MsoNormal\" style=\"text-align: justify;\"><span lang=\"ES\">Con respecto a quienes sean designados vocales de mesa, delegados de la Junta Electoral o miembros de los colegios escrutadores, podr\u00e1n ausentarse por todo el tiempo que sea necesario para el adecuado desempe\u00f1o de dichas funciones. El tiempo de ausencia laboral no podr\u00e1 ser objeto de descuento remuneracional.<\/span><\/p>\n<p class=\"v1MsoNormal\" style=\"text-align: justify;\"><span lang=\"ES\">Sobre las sanciones, las multas a las que se exponen los empleadores\/as que no otorguen este permiso para sufragar, van de 5 a 60 UTM ($321.080 a $3.852.960 en la actualidad) dependiendo del tama\u00f1o de la empresa.<\/span><\/p>\n<\/div><\/section><\/div><div  style='height:50px' class='hr hr-invisible   avia-builder-el-6  el_after_av_one_full  el_before_av_social_share '><span class='hr-inner ' ><span class='hr-inner-style'><\/span><\/span><\/div><\/p>\n<div  class='av-social-sharing-box  avia-builder-el-7  el_after_av_hr  el_before_av_hr  '><div class='av-share-box'><h5 class='av-share-link-description av-no-toc '>Compartir esta noticia<\/h5><ul class='av-share-box-list noLightbox'><li class='av-share-link av-social-link-facebook' ><a target=\"_blank\" aria-label=\"Compartir en Facebook\" href='https:\/\/www.facebook.com\/sharer.php?u=https:\/\/radiorevelacionfm.cl\/?p=38022&#038;t=Plebiscito%2017%20de%20diciembre%3A%20Direcci%C3%B3n%20del%20Trabajo%20Ays%C3%A9n%20aclara%20que%20quienes%20trabajen%20tienen%20un%20permiso%20de%20a%20lo%20menos%202%20horas%20para%20asistir%20a%20votar' aria-hidden='false' data-av_icon='\ue8f3' data-av_iconfont='entypo-fontello' title='' data-avia-related-tooltip='Compartir en Facebook' rel=\"noopener\"><span class='avia_hidden_link_text'>Compartir en Facebook<\/span><\/a><\/li><li class='av-share-link av-social-link-twitter' ><a target=\"_blank\" aria-label=\"Compartir en Twitter\" href='https:\/\/twitter.com\/share?text=Plebiscito%2017%20de%20diciembre%3A%20Direcci%C3%B3n%20del%20Trabajo%20Ays%C3%A9n%20aclara%20que%20quienes%20trabajen%20tienen%20un%20permiso%20de%20a%20lo%20menos%202%20horas%20para%20asistir%20a%20votar&#038;url=https:\/\/radiorevelacionfm.cl\/?p=38022' aria-hidden='false' data-av_icon='\ue8f1' data-av_iconfont='entypo-fontello' title='' data-avia-related-tooltip='Compartir en Twitter' rel=\"noopener\"><span class='avia_hidden_link_text'>Compartir en Twitter<\/span><\/a><\/li><li class='av-share-link av-social-link-whatsapp' ><a target=\"_blank\" aria-label=\"Compartir en Whatsapp\" href='https:\/\/api.whatsapp.com\/send?text=https:\/\/radiorevelacionfm.cl\/?p=38022' aria-hidden='false' data-av_icon='\uf232' data-av_iconfont='entypo-fontello' title='' data-avia-related-tooltip='Compartir en Whatsapp' rel=\"noopener\"><span class='avia_hidden_link_text'>Compartir en Whatsapp<\/span><\/a><\/li><li class='av-share-link av-social-link-linkedin' ><a target=\"_blank\" aria-label=\"Compartir en LinkedIn\" href='https:\/\/linkedin.com\/shareArticle?mini=true&#038;title=Plebiscito%2017%20de%20diciembre%3A%20Direcci%C3%B3n%20del%20Trabajo%20Ays%C3%A9n%20aclara%20que%20quienes%20trabajen%20tienen%20un%20permiso%20de%20a%20lo%20menos%202%20horas%20para%20asistir%20a%20votar&#038;url=https:\/\/radiorevelacionfm.cl\/?p=38022' aria-hidden='false' data-av_icon='\ue8fc' data-av_iconfont='entypo-fontello' title='' data-avia-related-tooltip='Compartir en LinkedIn' rel=\"noopener\"><span class='avia_hidden_link_text'>Compartir en LinkedIn<\/span><\/a><\/li><li class='av-share-link av-social-link-mail' ><a  aria-label=\"Compartir por correo\" href='mailto:?subject=Plebiscito%2017%20de%20diciembre%3A%20Direcci%C3%B3n%20del%20Trabajo%20Ays%C3%A9n%20aclara%20que%20quienes%20trabajen%20tienen%20un%20permiso%20de%20a%20lo%20menos%202%20horas%20para%20asistir%20a%20votar&#038;body=https:\/\/radiorevelacionfm.cl\/?p=38022' aria-hidden='false' data-av_icon='\ue805' data-av_iconfont='entypo-fontello' title='' data-avia-related-tooltip='Compartir por correo'><span class='avia_hidden_link_text'>Compartir por correo<\/span><\/a><\/li><\/ul><\/div><\/div>\n<div  style='height:50px' class='hr hr-invisible   avia-builder-el-8  el_after_av_social_share  el_before_av_comments_list '><span class='hr-inner ' ><span class='hr-inner-style'><\/span><\/span><\/div>\n<div  class='av-buildercomment  av-blog-meta-html-info-disabled av-blog-meta-tag-disabled  '><\/div>\n","protected":false},"excerpt":{"rendered":"","protected":false},"author":1,"featured_media":38023,"comment_status":"open","ping_status":"open","sticky":false,"template":"","format":"standard","meta":{"footnotes":""},"categories":[61],"tags":[],"class_list":["post-38022","post","type-post","status-publish","format-standard","has-post-thumbnail","hentry","category-nacional"],"jetpack_featured_media_url":"https:\/\/radiorevelacionfm.cl\/wp-content\/uploads\/2023\/12\/Recorrido_Comercio_PermisoPlebiscito-2-1-1.jpg","_links":{"self":[{"href":"https:\/\/radiorevelacionfm.cl\/index.php?rest_route=\/wp\/v2\/posts\/38022","targetHints":{"allow":["GET"]}}],"collection":[{"href":"https:\/\/radiorevelacionfm.cl\/index.php?rest_route=\/wp\/v2\/posts"}],"about":[{"href":"https:\/\/radiorevelacionfm.cl\/index.php?rest_route=\/wp\/v2\/types\/post"}],"author":[{"embeddable":true,"href":"https:\/\/radiorevelacionfm.cl\/index.php?rest_route=\/wp\/v2\/users\/1"}],"replies":[{"embeddable":true,"href":"https:\/\/radiorevelacionfm.cl\/index.php?rest_route=%2Fwp%2Fv2%2Fcomments&post=38022"}],"version-history":[{"count":1,"href":"https:\/\/radiorevelacionfm.cl\/index.php?rest_route=\/wp\/v2\/posts\/38022\/revisions"}],"predecessor-version":[{"id":38024,"href":"https:\/\/radiorevelacionfm.cl\/index.php?rest_route=\/wp\/v2\/posts\/38022\/revisions\/38024"}],"wp:featuredmedia":[{"embeddable":true,"href":"https:\/\/radiorevelacionfm.cl\/index.php?rest_route=\/wp\/v2\/media\/38023"}],"wp:attachment":[{"href":"https:\/\/radiorevelacionfm.cl\/index.php?rest_route=%2Fwp%2Fv2%2Fmedia&parent=38022"}],"wp:term":[{"taxonomy":"category","embeddable":true,"href":"https:\/\/radiorevelacionfm.cl\/index.php?rest_route=%2Fwp%2Fv2%2Fcategories&post=38022"},{"taxonomy":"post_tag","embeddable":true,"href":"https:\/\/radiorevelacionfm.cl\/index.php?rest_route=%2Fwp%2Fv2%2Ftags&post=38022"}],"curies":[{"name":"wp","href":"https:\/\/api.w.org\/{rel}","templated":true}]}}