{"id":38012,"date":"2023-12-14T21:40:20","date_gmt":"2023-12-15T00:40:20","guid":{"rendered":"https:\/\/radiorevelacionfm.cl\/?p=38012"},"modified":"2023-12-14T21:40:20","modified_gmt":"2023-12-15T00:40:20","slug":"oficinas-del-registro-civil-de-coyhaique-y-puerto-aysen-abriran-sus-puertas-este-sabado-para-retiro-de-cedulas-de-identidad","status":"publish","type":"post","link":"https:\/\/radiorevelacionfm.cl\/?p=38012","title":{"rendered":"Oficinas del Registro Civil de Coyhaique y Puerto Ays\u00e9n abrir\u00e1n sus puertas este s\u00e1bado para retiro de c\u00e9dulas de identidad"},"content":{"rendered":"<div class=\"flex_column av_one_full  flex_column_div av-zero-column-padding first  avia-builder-el-0  el_before_av_one_full  avia-builder-el-first  \" style='border-radius:0px; '><div  class='avia-image-container  av-styling-    avia-builder-el-1  avia-builder-el-no-sibling  avia-align-center '  itemprop=\"image\" itemscope=\"itemscope\" itemtype=\"https:\/\/schema.org\/ImageObject\"  ><div class='avia-image-container-inner'><div class='avia-image-overlay-wrap'><img decoding=\"async\" class='wp-image-38013 avia-img-lazy-loading-not-38013 avia_image' src=\"https:\/\/radiorevelacionfm.cl\/wp-content\/uploads\/2023\/12\/comunicado-apertura-oficinas-1-1.jpg\" alt='' title='comunicado apertura oficinas (1) (1)' height=\"600\" width=\"800\"  itemprop=\"thumbnailUrl\" srcset=\"https:\/\/radiorevelacionfm.cl\/wp-content\/uploads\/2023\/12\/comunicado-apertura-oficinas-1-1.jpg 800w, https:\/\/radiorevelacionfm.cl\/wp-content\/uploads\/2023\/12\/comunicado-apertura-oficinas-1-1-300x225.jpg 300w, https:\/\/radiorevelacionfm.cl\/wp-content\/uploads\/2023\/12\/comunicado-apertura-oficinas-1-1-768x576.jpg 768w, https:\/\/radiorevelacionfm.cl\/wp-content\/uploads\/2023\/12\/comunicado-apertura-oficinas-1-1-705x529.jpg 705w, https:\/\/radiorevelacionfm.cl\/wp-content\/uploads\/2023\/12\/comunicado-apertura-oficinas-1-1-450x338.jpg 450w, https:\/\/radiorevelacionfm.cl\/wp-content\/uploads\/2023\/12\/comunicado-apertura-oficinas-1-1-600x450.jpg 600w\" sizes=\"(max-width: 800px) 100vw, 800px\" \/><\/div><\/div><\/div><\/div><div class=\"flex_column av_one_full  flex_column_div av-zero-column-padding first  avia-builder-el-2  el_after_av_one_full  el_before_av_one_full  column-top-margin\" style='border-radius:0px; '><section class=\"av_textblock_section \"  itemscope=\"itemscope\" itemtype=\"https:\/\/schema.org\/BlogPosting\" itemprop=\"blogPost\" ><div class='avia_textblock  '   itemprop=\"text\" ><p style=\"text-align: center;\"><span style=\"font-size: 18pt;\"><strong>Oficinas del Registro Civil de Coyhaique y Puerto Ays\u00e9n abrir\u00e1n sus puertas este s\u00e1bado para retiro de c\u00e9dulas de identidad<\/strong><\/span><\/p>\n<div id=\"gtx-trans\" style=\"position: absolute; left: -50px; top: 4.31534px;\">\n<div class=\"gtx-trans-icon\"><\/div>\n<\/div>\n<\/div><\/section><\/div><div class=\"flex_column av_one_full  flex_column_div av-zero-column-padding first  avia-builder-el-4  el_after_av_one_full  el_before_av_hr  column-top-margin\" style='border-radius:0px; '><section class=\"av_textblock_section \"  itemscope=\"itemscope\" itemtype=\"https:\/\/schema.org\/BlogPosting\" itemprop=\"blogPost\" ><div class='avia_textblock  '   itemprop=\"text\" ><p style=\"text-align: justify;\">Esta ma\u00f1ana, el Seremi de Justicia y Derechos Humanos Samuel Navarro acompa\u00f1ado del Director Regional del Servicio de Registro Civil e Identificaci\u00f3n Rodrigo Aguilera, dieron a conocer a la comunidad la apertura de las oficinas de Puerto Ays\u00e9n y Coyhaique este d\u00eda s\u00e1bado 16 de diciembre, esto con el objetivo de que quienes hayan solicitado o renovado su c\u00e9dula con antelaci\u00f3n puedan retirarla y as\u00ed poder participar del plebiscito constitucional a realizarse este domingo.<\/p>\n<p style=\"text-align: justify;\">En la oportunidad, ambas autoridades hicieron hincapi\u00e9 en la importancia de revisar que su documento de identidad o pasaporte se encuentren vigentes, no obstante, y de manera excepcional podr\u00e1n sufragar quienes tengan dichos documentos vencidos, pero a partir del 1 de enero de 2020.<\/p>\n<p style=\"text-align: justify;\">En la oportunidad, el Seremi de Justicia y Derechos Humanos, Samuel Navarro Castro indic\u00f3 que \u201ces importante recordar que en este proceso plebiscitario del domingo 17 de diciembre solo se puede votar con la c\u00e9dula de identidad o pasaporte, excepcionalmente al igual que la jornada del 7 de mayo se puede votar con una c\u00e9dula de identidad o pasaporte vencido, pero ese vencimiento tiene que ser del 1 de enero del 2020 en adelante, si venci\u00f3 antes de esa fecha no va a poder votar, entonces lo importante es revisar el documento que se encuentre vigente para poder sufragar, este es un proceso obligatorio y lo importante es favorecer y estimular la participaci\u00f3n ciudadana, adem\u00e1s de ser muy importante definir el marco constitucional que nos va a regir\u201d.<\/p>\n<p style=\"text-align: justify;\">Respecto a la apertura de las oficinas del Servicio de Registro Civil e Identificaci\u00f3n este s\u00e1bado 16, su director regional Rodrigo Aguilera se\u00f1al\u00f3 que \u201cnosotros para efecto de facilitar a las personas que hagan retiro de sus c\u00e9dulas de identidad vamos a abrir dos oficinas de la regi\u00f3n en este caso la oficina de Coyhaique y Puerto Ays\u00e9n, estas dos oficinas se van a abrir el d\u00eda s\u00e1bado 16 para efecto s\u00f3lo de retiro de cedulas de identidad de aquellas personas que hayan alcanzado a hacer el tr\u00e1mite con anterioridad\u201d.<\/p>\n<p style=\"text-align: justify;\">Finalmente, mencionar que el horario de atenci\u00f3n de ambas oficinas ser\u00e1 de 09:00 a 14:00 horas y que la apertura solo est\u00e1 considerada para el retiro de c\u00e9dulas de identidad.<\/p>\n<\/div><\/section><\/div><div  style='height:50px' class='hr hr-invisible   avia-builder-el-6  el_after_av_one_full  el_before_av_social_share '><span class='hr-inner ' ><span class='hr-inner-style'><\/span><\/span><\/div><\/p>\n<div  class='av-social-sharing-box  avia-builder-el-7  el_after_av_hr  el_before_av_hr  '><div class='av-share-box'><h5 class='av-share-link-description av-no-toc '>Compartir esta noticia<\/h5><ul class='av-share-box-list noLightbox'><li class='av-share-link av-social-link-facebook' ><a target=\"_blank\" aria-label=\"Compartir en Facebook\" href='https:\/\/www.facebook.com\/sharer.php?u=https:\/\/radiorevelacionfm.cl\/?p=38012&#038;t=Oficinas%20del%20Registro%20Civil%20de%20Coyhaique%20y%20Puerto%20Ays%C3%A9n%20abrir%C3%A1n%20sus%20puertas%20este%20s%C3%A1bado%20para%20retiro%20de%20c%C3%A9dulas%20de%20identidad' aria-hidden='false' data-av_icon='\ue8f3' data-av_iconfont='entypo-fontello' title='' data-avia-related-tooltip='Compartir en Facebook' rel=\"noopener\"><span class='avia_hidden_link_text'>Compartir en Facebook<\/span><\/a><\/li><li class='av-share-link av-social-link-twitter' ><a target=\"_blank\" aria-label=\"Compartir en Twitter\" href='https:\/\/twitter.com\/share?text=Oficinas%20del%20Registro%20Civil%20de%20Coyhaique%20y%20Puerto%20Ays%C3%A9n%20abrir%C3%A1n%20sus%20puertas%20este%20s%C3%A1bado%20para%20retiro%20de%20c%C3%A9dulas%20de%20identidad&#038;url=https:\/\/radiorevelacionfm.cl\/?p=38012' aria-hidden='false' data-av_icon='\ue8f1' data-av_iconfont='entypo-fontello' title='' data-avia-related-tooltip='Compartir en Twitter' rel=\"noopener\"><span class='avia_hidden_link_text'>Compartir en Twitter<\/span><\/a><\/li><li class='av-share-link av-social-link-whatsapp' ><a target=\"_blank\" aria-label=\"Compartir en Whatsapp\" href='https:\/\/api.whatsapp.com\/send?text=https:\/\/radiorevelacionfm.cl\/?p=38012' aria-hidden='false' data-av_icon='\uf232' data-av_iconfont='entypo-fontello' title='' data-avia-related-tooltip='Compartir en Whatsapp' rel=\"noopener\"><span class='avia_hidden_link_text'>Compartir en Whatsapp<\/span><\/a><\/li><li class='av-share-link av-social-link-linkedin' ><a target=\"_blank\" aria-label=\"Compartir en LinkedIn\" href='https:\/\/linkedin.com\/shareArticle?mini=true&#038;title=Oficinas%20del%20Registro%20Civil%20de%20Coyhaique%20y%20Puerto%20Ays%C3%A9n%20abrir%C3%A1n%20sus%20puertas%20este%20s%C3%A1bado%20para%20retiro%20de%20c%C3%A9dulas%20de%20identidad&#038;url=https:\/\/radiorevelacionfm.cl\/?p=38012' aria-hidden='false' data-av_icon='\ue8fc' data-av_iconfont='entypo-fontello' title='' data-avia-related-tooltip='Compartir en LinkedIn' rel=\"noopener\"><span class='avia_hidden_link_text'>Compartir en LinkedIn<\/span><\/a><\/li><li class='av-share-link av-social-link-mail' ><a  aria-label=\"Compartir por correo\" href='mailto:?subject=Oficinas%20del%20Registro%20Civil%20de%20Coyhaique%20y%20Puerto%20Ays%C3%A9n%20abrir%C3%A1n%20sus%20puertas%20este%20s%C3%A1bado%20para%20retiro%20de%20c%C3%A9dulas%20de%20identidad&#038;body=https:\/\/radiorevelacionfm.cl\/?p=38012' aria-hidden='false' data-av_icon='\ue805' data-av_iconfont='entypo-fontello' title='' data-avia-related-tooltip='Compartir por correo'><span class='avia_hidden_link_text'>Compartir por correo<\/span><\/a><\/li><\/ul><\/div><\/div>\n<div  style='height:50px' class='hr hr-invisible   avia-builder-el-8  el_after_av_social_share  el_before_av_comments_list '><span class='hr-inner ' ><span class='hr-inner-style'><\/span><\/span><\/div>\n<div  class='av-buildercomment  av-blog-meta-html-info-disabled av-blog-meta-tag-disabled  '><\/div>\n","protected":false},"excerpt":{"rendered":"","protected":false},"author":1,"featured_media":38013,"comment_status":"open","ping_status":"open","sticky":false,"template":"","format":"standard","meta":{"footnotes":""},"categories":[38],"tags":[],"class_list":["post-38012","post","type-post","status-publish","format-standard","has-post-thumbnail","hentry","category-regional"],"jetpack_featured_media_url":"https:\/\/radiorevelacionfm.cl\/wp-content\/uploads\/2023\/12\/comunicado-apertura-oficinas-1-1.jpg","_links":{"self":[{"href":"https:\/\/radiorevelacionfm.cl\/index.php?rest_route=\/wp\/v2\/posts\/38012","targetHints":{"allow":["GET"]}}],"collection":[{"href":"https:\/\/radiorevelacionfm.cl\/index.php?rest_route=\/wp\/v2\/posts"}],"about":[{"href":"https:\/\/radiorevelacionfm.cl\/index.php?rest_route=\/wp\/v2\/types\/post"}],"author":[{"embeddable":true,"href":"https:\/\/radiorevelacionfm.cl\/index.php?rest_route=\/wp\/v2\/users\/1"}],"replies":[{"embeddable":true,"href":"https:\/\/radiorevelacionfm.cl\/index.php?rest_route=%2Fwp%2Fv2%2Fcomments&post=38012"}],"version-history":[{"count":1,"href":"https:\/\/radiorevelacionfm.cl\/index.php?rest_route=\/wp\/v2\/posts\/38012\/revisions"}],"predecessor-version":[{"id":38014,"href":"https:\/\/radiorevelacionfm.cl\/index.php?rest_route=\/wp\/v2\/posts\/38012\/revisions\/38014"}],"wp:featuredmedia":[{"embeddable":true,"href":"https:\/\/radiorevelacionfm.cl\/index.php?rest_route=\/wp\/v2\/media\/38013"}],"wp:attachment":[{"href":"https:\/\/radiorevelacionfm.cl\/index.php?rest_route=%2Fwp%2Fv2%2Fmedia&parent=38012"}],"wp:term":[{"taxonomy":"category","embeddable":true,"href":"https:\/\/radiorevelacionfm.cl\/index.php?rest_route=%2Fwp%2Fv2%2Fcategories&post=38012"},{"taxonomy":"post_tag","embeddable":true,"href":"https:\/\/radiorevelacionfm.cl\/index.php?rest_route=%2Fwp%2Fv2%2Ftags&post=38012"}],"curies":[{"name":"wp","href":"https:\/\/api.w.org\/{rel}","templated":true}]}}