{"id":3801,"date":"2021-05-04T19:42:52","date_gmt":"2021-05-04T22:42:52","guid":{"rendered":"https:\/\/radiorevelacionfm.cl\/?p=3801"},"modified":"2021-05-04T19:52:14","modified_gmt":"2021-05-04T22:52:14","slug":"fundacion-ninos-primero-sostuvo-reunion-de-trabajo-con-gobernador-de-aysen","status":"publish","type":"post","link":"https:\/\/radiorevelacionfm.cl\/?p=3801","title":{"rendered":"Fundaci\u00f3n Ni\u00f1os Primero sostuvo reuni\u00f3n de trabajo con Gobernador de Ays\u00e9n"},"content":{"rendered":"<div class=\"flex_column av_one_full  flex_column_div av-zero-column-padding first  avia-builder-el-0  el_before_av_one_full  avia-builder-el-first  \" style='border-radius:0px; '><div  class='avia-image-container  av-styling-    avia-builder-el-1  avia-builder-el-no-sibling  avia-align-center '  itemprop=\"image\" itemscope=\"itemscope\" itemtype=\"https:\/\/schema.org\/ImageObject\"  ><div class='avia-image-container-inner'><div class='avia-image-overlay-wrap'><img decoding=\"async\" class='wp-image-0 avia-img-lazy-loading-not-0 avia_image' src=\"https:\/\/radiorevelacionfm.cl\/wp-content\/uploads\/2021\/05\/Fundacion-Reunion-1-1.jpg\" alt='' title=''   itemprop=\"thumbnailUrl\"  \/><\/div><\/div><\/div><\/div><div class=\"flex_column av_one_full  flex_column_div av-zero-column-padding first  avia-builder-el-2  el_after_av_one_full  el_before_av_one_full  column-top-margin\" style='border-radius:0px; '><section class=\"av_textblock_section \"  itemscope=\"itemscope\" itemtype=\"https:\/\/schema.org\/BlogPosting\" itemprop=\"blogPost\" ><div class='avia_textblock  '   itemprop=\"text\" ><p style=\"text-align: center;\"><strong><span style=\"font-size: 18pt;\">Fundaci\u00f3n Ni\u00f1os Primero sostuvo reuni\u00f3n de trabajo con Gobernador de Ays\u00e9n<\/span><\/strong><\/p>\n<div id=\"gtx-trans\" style=\"position: absolute; left: -50px; top: 4.31534px;\">\n<div class=\"gtx-trans-icon\"><\/div>\n<\/div>\n<\/div><\/section><\/div><div class=\"flex_column av_one_full  flex_column_div av-zero-column-padding first  avia-builder-el-4  el_after_av_one_full  el_before_av_hr  column-top-margin\" style='border-radius:0px; '><section class=\"av_textblock_section \"  itemscope=\"itemscope\" itemtype=\"https:\/\/schema.org\/BlogPosting\" itemprop=\"blogPost\" ><div class='avia_textblock  '   itemprop=\"text\" ><p style=\"text-align: justify;\">Desde el a\u00f1o pasado profesionales de esta Fundaci\u00f3n Social realizan un cercano trabajo con familias ayseninas.<\/p>\n<p style=\"text-align: justify;\">De forma silenciosa y con mucho esfuerzo Roc\u00edo N\u00fa\u00f1ez y Andrea Cort\u00e9s ambas profesionales de la Fundaci\u00f3n Ni\u00f1os Primero realizaron un interesante trabajo el a\u00f1o reci\u00e9n pasado en la comuna de Ays\u00e9n en donde su principal foco de atenci\u00f3n fueron las familias que tuvieran ni\u00f1os\/as preescolares en donde se empodera a los padres o cuidadores como primeros educadores.<\/p>\n<p style=\"text-align: justify;\">Producto de este exitoso trabajo desarrollado a trav\u00e9s del programa de educaci\u00f3n y acompa\u00f1amiento virtual \u201cfamilias power\u201d esto volver\u00e1 a replicarse este 2021, es por esta raz\u00f3n que las profesionales llegaron hasta la gobernaci\u00f3n de Ays\u00e9n para difundir esta iniciativa ante el Gobernador de Ays\u00e9n, encontrando seg\u00fan Roc\u00edo N\u00fa\u00f1ez Jefa de Zona de la Fundaci\u00f3n una muy buena recepci\u00f3n por parte de la autoridad \u201cfue muy entretenido este encuentro, \u00e9l ya sab\u00eda de nuestra fundaci\u00f3n, as\u00ed que le contamos, pudimos conversar, pudimos llegar a acuerdos de difusi\u00f3n donde nos brindar\u00e1 su ayuda para poder llegar a m\u00e1s familias, por eso estamos muy agradecidas como fundaci\u00f3n\u201d.<\/p>\n<p style=\"text-align: justify;\">En tanto el Gobernador Manuel Ortiz agradeci\u00f3 que exista estas importantes iniciativas que ayudan a las familias m\u00e1s vulnerables de la comuna \u201cagradecer la visita de esta organizaci\u00f3n tan importante que est\u00e1 instalada en nuestra comuna que presta ayuda y que est\u00e1 permanentemente apoyando el desarrollo integral de nuestros ni\u00f1os\/as principalmente los que est\u00e1n entre los 3 y 5 a\u00f1os de edad y que por alguna raz\u00f3n no est\u00e1n incorporados en alg\u00fan jard\u00edn infantil m\u00e1s aun en este tiempo de pandemia, as\u00ed es que les ofrecimos todo nuestro apoyo de difusi\u00f3n para que puedan llegar a m\u00e1s familias con este hermoso programa social\u201d.<\/p>\n<p style=\"text-align: justify;\">Para saber m\u00e1s en que consiste este trabajo pueden visitar la p\u00e1gina web <a href=\"https:\/\/www.ninosprimero.cl\/\">https:\/\/www.ninosprimero.cl\/<\/a> o enviar un email a <a href=\"mailto:rocionunezmiranda@gmail.com\">rocionunezmiranda@gmail.com<\/a><\/p>\n<\/div><\/section><\/div><div  style='height:50px' class='hr hr-invisible   avia-builder-el-6  el_after_av_one_full  el_before_av_social_share '><span class='hr-inner ' ><span class='hr-inner-style'><\/span><\/span><\/div><\/p>\n<div  class='av-social-sharing-box  avia-builder-el-7  el_after_av_hr  el_before_av_hr  '><div class='av-share-box'><h5 class='av-share-link-description av-no-toc '>Compartir esta noticia<\/h5><ul class='av-share-box-list noLightbox'><li class='av-share-link av-social-link-facebook' ><a target=\"_blank\" aria-label=\"Compartir en Facebook\" href='https:\/\/www.facebook.com\/sharer.php?u=https:\/\/radiorevelacionfm.cl\/?p=3801&#038;t=Fundaci%C3%B3n%20Ni%C3%B1os%20Primero%20sostuvo%20reuni%C3%B3n%20de%20trabajo%20con%20Gobernador%20de%20Ays%C3%A9n' aria-hidden='false' data-av_icon='\ue8f3' data-av_iconfont='entypo-fontello' title='' data-avia-related-tooltip='Compartir en Facebook' rel=\"noopener\"><span class='avia_hidden_link_text'>Compartir en Facebook<\/span><\/a><\/li><li class='av-share-link av-social-link-twitter' ><a target=\"_blank\" aria-label=\"Compartir en Twitter\" href='https:\/\/twitter.com\/share?text=Fundaci%C3%B3n%20Ni%C3%B1os%20Primero%20sostuvo%20reuni%C3%B3n%20de%20trabajo%20con%20Gobernador%20de%20Ays%C3%A9n&#038;url=https:\/\/radiorevelacionfm.cl\/?p=3801' aria-hidden='false' data-av_icon='\ue8f1' data-av_iconfont='entypo-fontello' title='' data-avia-related-tooltip='Compartir en Twitter' rel=\"noopener\"><span class='avia_hidden_link_text'>Compartir en Twitter<\/span><\/a><\/li><li class='av-share-link av-social-link-whatsapp' ><a target=\"_blank\" aria-label=\"Compartir en Whatsapp\" href='https:\/\/api.whatsapp.com\/send?text=https:\/\/radiorevelacionfm.cl\/?p=3801' aria-hidden='false' data-av_icon='\uf232' data-av_iconfont='entypo-fontello' title='' data-avia-related-tooltip='Compartir en Whatsapp' rel=\"noopener\"><span class='avia_hidden_link_text'>Compartir en Whatsapp<\/span><\/a><\/li><li class='av-share-link av-social-link-linkedin' ><a target=\"_blank\" aria-label=\"Compartir en LinkedIn\" href='https:\/\/linkedin.com\/shareArticle?mini=true&#038;title=Fundaci%C3%B3n%20Ni%C3%B1os%20Primero%20sostuvo%20reuni%C3%B3n%20de%20trabajo%20con%20Gobernador%20de%20Ays%C3%A9n&#038;url=https:\/\/radiorevelacionfm.cl\/?p=3801' aria-hidden='false' data-av_icon='\ue8fc' data-av_iconfont='entypo-fontello' title='' data-avia-related-tooltip='Compartir en LinkedIn' rel=\"noopener\"><span class='avia_hidden_link_text'>Compartir en LinkedIn<\/span><\/a><\/li><li class='av-share-link av-social-link-mail' ><a  aria-label=\"Compartir por correo\" href='mailto:?subject=Fundaci%C3%B3n%20Ni%C3%B1os%20Primero%20sostuvo%20reuni%C3%B3n%20de%20trabajo%20con%20Gobernador%20de%20Ays%C3%A9n&#038;body=https:\/\/radiorevelacionfm.cl\/?p=3801' aria-hidden='false' data-av_icon='\ue805' data-av_iconfont='entypo-fontello' title='' data-avia-related-tooltip='Compartir por correo'><span class='avia_hidden_link_text'>Compartir por correo<\/span><\/a><\/li><\/ul><\/div><\/div>\n<div  style='height:50px' class='hr hr-invisible   avia-builder-el-8  el_after_av_social_share  el_before_av_comments_list '><span class='hr-inner ' ><span class='hr-inner-style'><\/span><\/span><\/div>\n<div  class='av-buildercomment  av-blog-meta-html-info-disabled av-blog-meta-tag-disabled  '><\/div>\n","protected":false},"excerpt":{"rendered":"","protected":false},"author":1,"featured_media":3804,"comment_status":"open","ping_status":"open","sticky":false,"template":"","format":"standard","meta":{"footnotes":""},"categories":[38],"tags":[],"class_list":["post-3801","post","type-post","status-publish","format-standard","has-post-thumbnail","hentry","category-regional"],"jetpack_featured_media_url":"https:\/\/radiorevelacionfm.cl\/wp-content\/uploads\/2021\/05\/Fundacion-Reunion-1-2.jpg","_links":{"self":[{"href":"https:\/\/radiorevelacionfm.cl\/index.php?rest_route=\/wp\/v2\/posts\/3801","targetHints":{"allow":["GET"]}}],"collection":[{"href":"https:\/\/radiorevelacionfm.cl\/index.php?rest_route=\/wp\/v2\/posts"}],"about":[{"href":"https:\/\/radiorevelacionfm.cl\/index.php?rest_route=\/wp\/v2\/types\/post"}],"author":[{"embeddable":true,"href":"https:\/\/radiorevelacionfm.cl\/index.php?rest_route=\/wp\/v2\/users\/1"}],"replies":[{"embeddable":true,"href":"https:\/\/radiorevelacionfm.cl\/index.php?rest_route=%2Fwp%2Fv2%2Fcomments&post=3801"}],"version-history":[{"count":1,"href":"https:\/\/radiorevelacionfm.cl\/index.php?rest_route=\/wp\/v2\/posts\/3801\/revisions"}],"predecessor-version":[{"id":3803,"href":"https:\/\/radiorevelacionfm.cl\/index.php?rest_route=\/wp\/v2\/posts\/3801\/revisions\/3803"}],"wp:featuredmedia":[{"embeddable":true,"href":"https:\/\/radiorevelacionfm.cl\/index.php?rest_route=\/wp\/v2\/media\/3804"}],"wp:attachment":[{"href":"https:\/\/radiorevelacionfm.cl\/index.php?rest_route=%2Fwp%2Fv2%2Fmedia&parent=3801"}],"wp:term":[{"taxonomy":"category","embeddable":true,"href":"https:\/\/radiorevelacionfm.cl\/index.php?rest_route=%2Fwp%2Fv2%2Fcategories&post=3801"},{"taxonomy":"post_tag","embeddable":true,"href":"https:\/\/radiorevelacionfm.cl\/index.php?rest_route=%2Fwp%2Fv2%2Ftags&post=3801"}],"curies":[{"name":"wp","href":"https:\/\/api.w.org\/{rel}","templated":true}]}}