{"id":38009,"date":"2023-12-14T22:32:27","date_gmt":"2023-12-15T01:32:27","guid":{"rendered":"https:\/\/radiorevelacionfm.cl\/?p=38009"},"modified":"2023-12-14T22:32:27","modified_gmt":"2023-12-15T01:32:27","slug":"seremi-de-gobierno-de-aysen-realiza-balance-de-su-cartera-durante-el-ano-2023","status":"publish","type":"post","link":"https:\/\/radiorevelacionfm.cl\/?p=38009","title":{"rendered":"Seremi de Gobierno de Ays\u00e9n realiza balance de su cartera durante el a\u00f1o 2023"},"content":{"rendered":"<div class=\"flex_column av_one_full  flex_column_div av-zero-column-padding first  avia-builder-el-0  el_before_av_one_full  avia-builder-el-first  \" style='border-radius:0px; '><div  class='avia-image-container  av-styling-    avia-builder-el-1  avia-builder-el-no-sibling  avia-align-center '  itemprop=\"image\" itemscope=\"itemscope\" itemtype=\"https:\/\/schema.org\/ImageObject\"  ><div class='avia-image-container-inner'><div class='avia-image-overlay-wrap'><img decoding=\"async\" class='wp-image-38010 avia-img-lazy-loading-not-38010 avia_image' src=\"https:\/\/radiorevelacionfm.cl\/wp-content\/uploads\/2023\/12\/foto-4-15-1-1.jpg\" alt='' title='foto 4 (15) (1) (1)' height=\"600\" width=\"900\"  itemprop=\"thumbnailUrl\" srcset=\"https:\/\/radiorevelacionfm.cl\/wp-content\/uploads\/2023\/12\/foto-4-15-1-1.jpg 900w, https:\/\/radiorevelacionfm.cl\/wp-content\/uploads\/2023\/12\/foto-4-15-1-1-300x200.jpg 300w, https:\/\/radiorevelacionfm.cl\/wp-content\/uploads\/2023\/12\/foto-4-15-1-1-768x512.jpg 768w, https:\/\/radiorevelacionfm.cl\/wp-content\/uploads\/2023\/12\/foto-4-15-1-1-705x470.jpg 705w, https:\/\/radiorevelacionfm.cl\/wp-content\/uploads\/2023\/12\/foto-4-15-1-1-450x300.jpg 450w, https:\/\/radiorevelacionfm.cl\/wp-content\/uploads\/2023\/12\/foto-4-15-1-1-600x400.jpg 600w\" sizes=\"(max-width: 900px) 100vw, 900px\" \/><\/div><\/div><\/div><\/div><div class=\"flex_column av_one_full  flex_column_div av-zero-column-padding first  avia-builder-el-2  el_after_av_one_full  el_before_av_one_full  column-top-margin\" style='border-radius:0px; '><section class=\"av_textblock_section \"  itemscope=\"itemscope\" itemtype=\"https:\/\/schema.org\/BlogPosting\" itemprop=\"blogPost\" ><div class='avia_textblock  '   itemprop=\"text\" ><p style=\"text-align: center;\"><span style=\"font-size: 18pt;\"><strong>Seremi de Gobierno de Ays\u00e9n realiza <\/strong><strong>balance de su cartera durante el a\u00f1o 2023<\/strong><\/span><\/p>\n<div id=\"gtx-trans\" style=\"position: absolute; left: -50px; top: 4.31534px;\">\n<div class=\"gtx-trans-icon\"><\/div>\n<\/div>\n<\/div><\/section><\/div><div class=\"flex_column av_one_full  flex_column_div av-zero-column-padding first  avia-builder-el-4  el_after_av_one_full  el_before_av_hr  column-top-margin\" style='border-radius:0px; '><section class=\"av_textblock_section \"  itemscope=\"itemscope\" itemtype=\"https:\/\/schema.org\/BlogPosting\" itemprop=\"blogPost\" ><div class='avia_textblock  '   itemprop=\"text\" ><p style=\"text-align: justify;\">El a\u00f1o 2023 ha sido un a\u00f1o muy positivo para la Secretaria Regional Ministerial de Gobierno de la regi\u00f3n de Ays\u00e9n, Tatiana Pl\u00e1, sobre todo en lo que tiene relaci\u00f3n con promoci\u00f3n y protecci\u00f3n de derechos de la sociedad civil y la coordinaci\u00f3n de espacios de interacci\u00f3n y comunicaci\u00f3n entre el gobierno y la ciudadan\u00eda.<\/p>\n<p style=\"text-align: justify;\">\u201cEste a\u00f1o hemos cumplido a cabalidad con los objetivos del ministerio de Secretaria General de Gobierno, que tienen que ver con propender a que el gobierno, en sus diferentes reparticiones, impulse el contacto directo con la sociedad chilena, promoviendo canales de participaci\u00f3n, as\u00ed como tambi\u00e9n el desarrollo de herramientas y mecanismos para el fortalecimiento de la sociedad civil, apoyando la ejecuci\u00f3n de iniciativas regionales, provinciales y comunales, destinadas a fomentar el pluralismo informativo y la libertad de expresi\u00f3n\u201d, asever\u00f3 Tatiana Pl\u00e1, Seremi de Gobierno de Ays\u00e9n.<\/p>\n<p style=\"text-align: justify;\">Para poder cumplir algunos de los objetivos m\u00e1s arriba descritos, la Secretar\u00eda Regional Ministerial de Gobierno de la regi\u00f3n de Ays\u00e9n ejecuta, a\u00f1o a a\u00f1o, dos fondos: el Fondo de Medios de Comunicaci\u00f3n Social regional, provincial y comunal, y el Fondo de Fortalecimiento de Organizaciones de Inter\u00e9s P\u00fablico (FFOIP). \u201cEstamos muy conformes porque este a\u00f1o 2023, tanto las organizaciones que se adjudicaron FFOIP, como los medios de comunicaci\u00f3n que obtuvieron\u00a0 Fondo de Medios, nos manifestaron lo importante que ha sido el poder contar con una ayuda financiera para poder sacar adelante proyectos, efectuar mejoras, obtener tecnolog\u00eda, hacer capacitaciones, realizar talleres, adquirir mejores equipos tecnol\u00f3gicos o informar de mejor manera a la ciudadan\u00eda, entre otras cosas. Es decir, hemos podido hacer entrega de herramientas a estas organizaciones y medios de comunicaci\u00f3n, para que as\u00ed puedan fortalecerse y mejorar sus labores, y eso es, justamente, lo que buscamos como gobierno\u201d, declar\u00f3 la seremi Tatiana Pl\u00e1.<\/p>\n<p style=\"text-align: justify;\"><strong><u>Adjudicaci\u00f3n de fondos a nivel regional <\/u><\/strong><\/p>\n<p style=\"text-align: justify;\"><strong><u>Fondo de Medios de Comunicaci\u00f3n 2023 <\/u><\/strong><\/p>\n<p style=\"text-align: justify;\">El Fondo de Fomento de Medios de Comunicaci\u00f3n Social 2023, otorgado por el Ministerio Secretar\u00eda General de Gobierno, cumpli\u00f3 23 a\u00f1os apoyando a medios regionales, provinciales, comunales y comunitarios. En esta versi\u00f3n 2023, de los 36 medios que postularon, 25\u00a0 medios recibieron fondos en la regi\u00f3n de Ays\u00e9n, 16 de ellos radiales, cinco digitales, tres canales de TV y un medio impreso.<\/p>\n<p style=\"text-align: justify;\">El objetivo de este fondo, que se entrega todos los a\u00f1os, es financiar en forma complementaria, proyectos relativos a la realizaci\u00f3n, edici\u00f3n y difusi\u00f3n de programas o suplementos de car\u00e1cter regional o local que refuercen el rol de la comunicaci\u00f3n en el desarrollo social y cultural de nuestro pa\u00eds, rescatando la identidad propia de cada regi\u00f3n, informando sobre su acontecer econ\u00f3mico, social y cultural, fortaleciendo los procesos y estrategias educacionales de cada zona o regi\u00f3n.<\/p>\n<p style=\"text-align: justify;\">Este a\u00f1o, la cobertura geogr\u00e1fica de adjudicaci\u00f3n cubri\u00f3 las 4 provincias de nuestra regi\u00f3n: en la provincia de Coyhaique, las comunas de Coyhaique, Lago Verde (Villa Amengual). En la provincia de Ays\u00e9n, las comunas de Ays\u00e9n, Cisnes, Guaitecas. En la provincia de General Carrera, las comunas de Chile Chico, R\u00edo Ib\u00e1\u00f1ez. En la provincia de Capit\u00e1n Prat, la comuna de Villa O\u2019Higgins. El monto total asignado a la regi\u00f3n de Ays\u00e9n fue de <strong>$97.610.219<\/strong><\/p>\n<p style=\"text-align: justify;\">Roberto Bustamante, director de Ays\u00e9n TV, uno de los medios de comunicaci\u00f3n beneficiado con el Fondo de Medios, nos coment\u00f3 de qu\u00e9 forma el Fondo de Medios benefici\u00f3 a su canal de tv. \u201cPor segundo a\u00f1o consecutivo, Ays\u00e9n TV, se pudo adjudicar el Fondo de Medios y, como lo hemos conversado muchas veces y la gente se ha podido dar cuenta, este fondo nos ha dado la posibilidad de invertir en equipamiento tecnol\u00f3gico: nuevas c\u00e1maras, nuevos equipos de sonido, mejoras en la iluminaci\u00f3n, y todas estas ayudas han permitido que podamos llevar a la comunidad una mejor imagen, con c\u00e1maras de \u00faltima tecnolog\u00eda, con sistemas automatizados. Estas mejoras tambi\u00e9n han ayudado a sumar otros espacios, junto a la comunidad, o mejorando nuestro matinal \u201cEl Primer Mate\u201d, por ejemplo. Todo ha sumado para que podamos hacer un mejor trabajo para que las y los ayseninos reciban una se\u00f1al como ellos se merecen, con una buena calidad, un buen sonido y es lo que se refleja gracias a este fondo\u201d, declar\u00f3.<\/p>\n<p style=\"text-align: justify;\"><strong><u>Fondo de Fortalecimiento de Organizaciones de Inter\u00e9s P\u00fablico (FFOIP)<\/u><\/strong><\/p>\n<p style=\"text-align: justify;\">Este a\u00f1o 2023, 27 proyectos de la regi\u00f3n de Ays\u00e9n se adjudicaron el Fondo de Fortalecimiento de Organizaciones de Inter\u00e9s P\u00fablico 2023. En total, la convocatoria de los FFOIP de este a\u00f1o entreg\u00f3 un total de <strong>$53 millones<\/strong> en la Regi\u00f3n de Ays\u00e9n. A lo largo de los a\u00f1os, el Fondo de Fortalecimiento de Organizaciones de Inter\u00e9s P\u00fablico ha beneficiado a m\u00e1s 26.000 proyectos en todo Chile, apoyando la realizaci\u00f3n de proyectos que apuntan al fortalecimiento tanto de las organizaciones sociales, como de las comunidades donde se encuentran.<\/p>\n<p style=\"text-align: justify;\">Esterlina Rosas, presidenta del club \u201cCorazones J\u00f3venes\u201d de Puerto Iba\u00f1ez, club \u00a0beneficiario de un\u00a0 Fondo de Fortalecimiento de Organizaciones de Inter\u00e9s P\u00fablico, declar\u00f3: \u201cEstamos muy contentas porque al finalizar el proyecto hicimos una peque\u00f1a exposici\u00f3n donde mostramos varios trabajos que hicimos en el taller, manteles navide\u00f1os, toma ollas, cortinas de ba\u00f1o y lo mejor es que hemos seguido trabajando, estamos poniendo en pr\u00e1ctica todo lo que aprendimos. Agradecemos a la Seremi de Gobierno por la elecci\u00f3n de nuestro proyecto, esta es la segunda vez que postulamos y salimos favorecidas\u201d, expres\u00f3.<\/p>\n<p style=\"text-align: justify;\"><strong><u>Buenas noticias a nivel nacional <\/u><\/strong><\/p>\n<p style=\"text-align: justify;\">Durante este a\u00f1o, el ministerio Secretar\u00eda General de Gobierno, impuls\u00f3 y relev\u00f3 diversas iniciativas que han ido en directo beneficio de las personas, la sociedad civil y la ciudadan\u00eda, entre los que destacamos:<\/p>\n<p style=\"text-align: justify;\"><strong><u>Di\u00e1logos participativos para modernizar la Ley 20.500<\/u><\/strong><\/p>\n<p style=\"text-align: justify;\">El proceso participativo para modernizar la Ley 20.500 se est\u00e1 llevando a cabo entre octubre y diciembre de 2023, con el objetivo de presentar, en enero de 2024, una propuesta para un futuro proyecto de ley que reforme este cuerpo normativo. Es importante destacar que el primer di\u00e1logo participativo regional se realiz\u00f3 en Coyhaique, el 20 de octubre de este a\u00f1o, con la presencia del subdirector de Organizaciones Sociales, Nicol\u00e1s Hurtado, y que tuvo como objetivo recoger experiencias y opiniones de organizaciones sociales, insumos que servir\u00e1n de base para redactar la reforma.<\/p>\n<p style=\"text-align: justify;\"><strong><u>Proyecto de ley que regula la protecci\u00f3n a dirigencias sociales<\/u><\/strong><\/p>\n<p style=\"text-align: justify;\">Esta propuesta busca proteger a quienes representan a los vecinos y vecinas de los diferentes barrios del pa\u00eds, contemplando penas m\u00e1s altas cuando las v\u00edctimas de los delitos de amenazas o de lesiones, sean dirigentes o dirigentas sociales.<\/p>\n<p style=\"text-align: justify;\">El proyecto de ley\u00a0 propone una definici\u00f3n de dirigente social, que se incorpora en la Ley N\u00b020.500, sobre asociaciones y participaci\u00f3n ciudadana en la gesti\u00f3n p\u00fablica, incluyendo tambi\u00e9n a las organizaciones comunitarias funcionales, juntas de vecinos y uniones comunales conforme a la Ley N\u00b0 19.418.<\/p>\n<p style=\"text-align: justify;\"><strong><u>Portal de Fondos Concursables del Estado<\/u><\/strong><\/p>\n<p style=\"text-align: justify;\">El ministerio Secretar\u00eda General de Gobierno lanz\u00f3 la p\u00e1gina <a href=\"http:\/\/www.fondos.gob.cl\">www.fondos.gob.cl<\/a> que re\u00fane en un solo lugar la informaci\u00f3n y postulaciones a m\u00e1s de 70 opciones de financiamiento de proyectos otorgadas por diversos organismos p\u00fablicos como ministerios, subsecretar\u00edas, servicios, gobiernos regionales y municipalidades. <em>El portal ofrece un proceso de postulaci\u00f3n f\u00e1cil, con accesibilidad universal y la provisi\u00f3n autom\u00e1tica de documentos emitidos por el Registro Civil.<\/em><\/p>\n<p style=\"text-align: justify;\">Los fondos concursables disponibles en el portal se agrupan en \u00e1mbitos como deporte y vida sana; medioambiente; arte y cultura; ciudad y vivienda; ciencia y tecnolog\u00eda; participaci\u00f3n ciudadana; comunicaci\u00f3n y emprendimiento e innovaci\u00f3n, entre otras.<\/p>\n<\/div><\/section><\/div><div  style='height:50px' class='hr hr-invisible   avia-builder-el-6  el_after_av_one_full  el_before_av_social_share '><span class='hr-inner ' ><span class='hr-inner-style'><\/span><\/span><\/div><\/p>\n<div  class='av-social-sharing-box  avia-builder-el-7  el_after_av_hr  el_before_av_hr  '><div class='av-share-box'><h5 class='av-share-link-description av-no-toc '>Compartir esta noticia<\/h5><ul class='av-share-box-list noLightbox'><li class='av-share-link av-social-link-facebook' ><a target=\"_blank\" aria-label=\"Compartir en Facebook\" href='https:\/\/www.facebook.com\/sharer.php?u=https:\/\/radiorevelacionfm.cl\/?p=38009&#038;t=Seremi%20de%20Gobierno%20de%20Ays%C3%A9n%20realiza%20balance%20de%20su%20cartera%20durante%20el%20a%C3%B1o%202023' aria-hidden='false' data-av_icon='\ue8f3' data-av_iconfont='entypo-fontello' title='' data-avia-related-tooltip='Compartir en Facebook' rel=\"noopener\"><span class='avia_hidden_link_text'>Compartir en Facebook<\/span><\/a><\/li><li class='av-share-link av-social-link-twitter' ><a target=\"_blank\" aria-label=\"Compartir en Twitter\" href='https:\/\/twitter.com\/share?text=Seremi%20de%20Gobierno%20de%20Ays%C3%A9n%20realiza%20balance%20de%20su%20cartera%20durante%20el%20a%C3%B1o%202023&#038;url=https:\/\/radiorevelacionfm.cl\/?p=38009' aria-hidden='false' data-av_icon='\ue8f1' data-av_iconfont='entypo-fontello' title='' data-avia-related-tooltip='Compartir en Twitter' rel=\"noopener\"><span class='avia_hidden_link_text'>Compartir en Twitter<\/span><\/a><\/li><li class='av-share-link av-social-link-whatsapp' ><a target=\"_blank\" aria-label=\"Compartir en Whatsapp\" href='https:\/\/api.whatsapp.com\/send?text=https:\/\/radiorevelacionfm.cl\/?p=38009' aria-hidden='false' data-av_icon='\uf232' data-av_iconfont='entypo-fontello' title='' data-avia-related-tooltip='Compartir en Whatsapp' rel=\"noopener\"><span class='avia_hidden_link_text'>Compartir en Whatsapp<\/span><\/a><\/li><li class='av-share-link av-social-link-linkedin' ><a target=\"_blank\" aria-label=\"Compartir en LinkedIn\" href='https:\/\/linkedin.com\/shareArticle?mini=true&#038;title=Seremi%20de%20Gobierno%20de%20Ays%C3%A9n%20realiza%20balance%20de%20su%20cartera%20durante%20el%20a%C3%B1o%202023&#038;url=https:\/\/radiorevelacionfm.cl\/?p=38009' aria-hidden='false' data-av_icon='\ue8fc' data-av_iconfont='entypo-fontello' title='' data-avia-related-tooltip='Compartir en LinkedIn' rel=\"noopener\"><span class='avia_hidden_link_text'>Compartir en LinkedIn<\/span><\/a><\/li><li class='av-share-link av-social-link-mail' ><a  aria-label=\"Compartir por correo\" href='mailto:?subject=Seremi%20de%20Gobierno%20de%20Ays%C3%A9n%20realiza%20balance%20de%20su%20cartera%20durante%20el%20a%C3%B1o%202023&#038;body=https:\/\/radiorevelacionfm.cl\/?p=38009' aria-hidden='false' data-av_icon='\ue805' data-av_iconfont='entypo-fontello' title='' data-avia-related-tooltip='Compartir por correo'><span class='avia_hidden_link_text'>Compartir por correo<\/span><\/a><\/li><\/ul><\/div><\/div>\n<div  style='height:50px' class='hr hr-invisible   avia-builder-el-8  el_after_av_social_share  el_before_av_comments_list '><span class='hr-inner ' ><span class='hr-inner-style'><\/span><\/span><\/div>\n<div  class='av-buildercomment  av-blog-meta-html-info-disabled av-blog-meta-tag-disabled  '><\/div>\n","protected":false},"excerpt":{"rendered":"","protected":false},"author":1,"featured_media":38010,"comment_status":"open","ping_status":"open","sticky":false,"template":"","format":"standard","meta":{"footnotes":""},"categories":[38],"tags":[],"class_list":["post-38009","post","type-post","status-publish","format-standard","has-post-thumbnail","hentry","category-regional"],"jetpack_featured_media_url":"https:\/\/radiorevelacionfm.cl\/wp-content\/uploads\/2023\/12\/foto-4-15-1-1.jpg","_links":{"self":[{"href":"https:\/\/radiorevelacionfm.cl\/index.php?rest_route=\/wp\/v2\/posts\/38009","targetHints":{"allow":["GET"]}}],"collection":[{"href":"https:\/\/radiorevelacionfm.cl\/index.php?rest_route=\/wp\/v2\/posts"}],"about":[{"href":"https:\/\/radiorevelacionfm.cl\/index.php?rest_route=\/wp\/v2\/types\/post"}],"author":[{"embeddable":true,"href":"https:\/\/radiorevelacionfm.cl\/index.php?rest_route=\/wp\/v2\/users\/1"}],"replies":[{"embeddable":true,"href":"https:\/\/radiorevelacionfm.cl\/index.php?rest_route=%2Fwp%2Fv2%2Fcomments&post=38009"}],"version-history":[{"count":1,"href":"https:\/\/radiorevelacionfm.cl\/index.php?rest_route=\/wp\/v2\/posts\/38009\/revisions"}],"predecessor-version":[{"id":38011,"href":"https:\/\/radiorevelacionfm.cl\/index.php?rest_route=\/wp\/v2\/posts\/38009\/revisions\/38011"}],"wp:featuredmedia":[{"embeddable":true,"href":"https:\/\/radiorevelacionfm.cl\/index.php?rest_route=\/wp\/v2\/media\/38010"}],"wp:attachment":[{"href":"https:\/\/radiorevelacionfm.cl\/index.php?rest_route=%2Fwp%2Fv2%2Fmedia&parent=38009"}],"wp:term":[{"taxonomy":"category","embeddable":true,"href":"https:\/\/radiorevelacionfm.cl\/index.php?rest_route=%2Fwp%2Fv2%2Fcategories&post=38009"},{"taxonomy":"post_tag","embeddable":true,"href":"https:\/\/radiorevelacionfm.cl\/index.php?rest_route=%2Fwp%2Fv2%2Ftags&post=38009"}],"curies":[{"name":"wp","href":"https:\/\/api.w.org\/{rel}","templated":true}]}}