{"id":38006,"date":"2023-12-15T09:57:44","date_gmt":"2023-12-15T12:57:44","guid":{"rendered":"https:\/\/radiorevelacionfm.cl\/?p=38006"},"modified":"2023-12-15T09:57:44","modified_gmt":"2023-12-15T12:57:44","slug":"carabineros-desplegara-cerca-de-90-efectivos-para-resguardar-la-seguridad-del-plebiscito-constitucional-2023-en-la-region-de-aysen","status":"publish","type":"post","link":"https:\/\/radiorevelacionfm.cl\/?p=38006","title":{"rendered":"Carabineros desplegar\u00e1 cerca de 90 efectivos para resguardar la seguridad del plebiscito constitucional 2023 en la regi\u00f3n de Ays\u00e9n"},"content":{"rendered":"<div class=\"flex_column av_one_full  flex_column_div av-zero-column-padding first  avia-builder-el-0  el_before_av_one_full  avia-builder-el-first  \" style='border-radius:0px; '><div  class='avia-image-container  av-styling-    avia-builder-el-1  avia-builder-el-no-sibling  avia-align-center '  itemprop=\"image\" itemscope=\"itemscope\" itemtype=\"https:\/\/schema.org\/ImageObject\"  ><div class='avia-image-container-inner'><div class='avia-image-overlay-wrap'><img decoding=\"async\" class='wp-image-38007 avia-img-lazy-loading-not-38007 avia_image' src=\"https:\/\/radiorevelacionfm.cl\/wp-content\/uploads\/2023\/12\/IMG_8077-1-1.jpg\" alt='' title='IMG_8077 (1) (1)' height=\"600\" width=\"800\"  itemprop=\"thumbnailUrl\" srcset=\"https:\/\/radiorevelacionfm.cl\/wp-content\/uploads\/2023\/12\/IMG_8077-1-1.jpg 800w, https:\/\/radiorevelacionfm.cl\/wp-content\/uploads\/2023\/12\/IMG_8077-1-1-300x225.jpg 300w, https:\/\/radiorevelacionfm.cl\/wp-content\/uploads\/2023\/12\/IMG_8077-1-1-768x576.jpg 768w, https:\/\/radiorevelacionfm.cl\/wp-content\/uploads\/2023\/12\/IMG_8077-1-1-705x529.jpg 705w, https:\/\/radiorevelacionfm.cl\/wp-content\/uploads\/2023\/12\/IMG_8077-1-1-450x338.jpg 450w, https:\/\/radiorevelacionfm.cl\/wp-content\/uploads\/2023\/12\/IMG_8077-1-1-600x450.jpg 600w\" sizes=\"(max-width: 800px) 100vw, 800px\" \/><\/div><\/div><\/div><\/div><div class=\"flex_column av_one_full  flex_column_div av-zero-column-padding first  avia-builder-el-2  el_after_av_one_full  el_before_av_one_full  column-top-margin\" style='border-radius:0px; '><section class=\"av_textblock_section \"  itemscope=\"itemscope\" itemtype=\"https:\/\/schema.org\/BlogPosting\" itemprop=\"blogPost\" ><div class='avia_textblock  '   itemprop=\"text\" ><h2 class=\"title\" style=\"text-align: center;\"><span style=\"font-size: 18pt;\"><b>Carabineros desplegar\u00e1 cerca de 90 efectivos para resguardar la seguridad del plebiscito constitucional 2023 en la regi\u00f3n de Ays\u00e9n<\/b><\/span><\/h2>\n<div id=\"gtx-trans\" style=\"position: absolute; left: -50px; top: 4.31534px;\">\n<div class=\"gtx-trans-icon\"><\/div>\n<\/div>\n<\/div><\/section><\/div><div class=\"flex_column av_one_full  flex_column_div av-zero-column-padding first  avia-builder-el-4  el_after_av_one_full  el_before_av_hr  column-top-margin\" style='border-radius:0px; '><section class=\"av_textblock_section \"  itemscope=\"itemscope\" itemtype=\"https:\/\/schema.org\/BlogPosting\" itemprop=\"blogPost\" ><div class='avia_textblock  '   itemprop=\"text\" ><p align=\"justify\"><em><span style=\"font-family: Arial, sans-serif;\">La Instituci\u00f3n cumplir\u00e1 un rol facilitador y de orientaci\u00f3n en el per\u00edmetro exterior en los 37 locales de votaci\u00f3n dispuestos en las 10 comunas de la regi\u00f3n.<\/span><\/em><\/p>\n<p align=\"justify\"><em><span style=\"font-family: Arial, sans-serif;\">Solo se recibir\u00e1 constancias excusatorias por estar a m\u00e1s de 200 km del local de votaci\u00f3n. El tr\u00e1mite se podr\u00e1 realizar en la Comisar\u00eda Virtual y validar luego el c\u00f3digo de verificaci\u00f3n en la Unidad de Carabineros m\u00e1s cercana.<\/span><\/em><\/p>\n<p align=\"justify\"><em><span style=\"font-family: Arial, sans-serif;\">En Coyhaique han sido dispuestos m\u00f3dulos en Gimnasio Municipal y 5ta Comisar\u00eda COP. En Puerto Ays\u00e9n dicho proceso se podr\u00e1 efectuar en el Centro Cultural.<\/span><\/em><\/p>\n<p align=\"justify\"><span style=\"font-family: Arial, sans-serif;\">Cerca de 90 Carabineros ser\u00e1n desplegados por la Instituci\u00f3n en la regi\u00f3n de Ays\u00e9n para resguardar la seguridad del plebiscito constitucional de salida 2023 que se realizar\u00e1 el pr\u00f3ximo 17 de diciembre.<\/span><\/p>\n<p align=\"justify\"><span style=\"font-family: Arial, sans-serif;\">El Jefe de Zona Ays\u00e9n, General Patricio Javier Santos Poblete indic\u00f3 que tal como en procesos anteriores, Carabineros resguardar\u00e1n desde primera hora la seguridad en el per\u00edmetro exterior de los 37 locales de votaci\u00f3n dispuestos a lo largo de la regi\u00f3n, cumpliendo un rol facilitador en esta jornada.<\/span><\/p>\n<p align=\"justify\">\u00ab<span style=\"font-family: Arial, sans-serif;\">Vamos a orientar a las personas en medidas de autocuidado, facilitando la concurrencia a los locales de votaci\u00f3n y tambi\u00e9n manteniendo el orden y la seguridad p\u00fablica, sin descuidar la seguridad territorial que en la regi\u00f3n se da en dos comunas con plan cuadrante de seguridad preventiva, me refiero a Coyhaique y Ays\u00e9n y, a trav\u00e9s de la oferta de las unidades territoriales en las dem\u00e1s comunas de la regi\u00f3n\u00bb, indic\u00f3.<\/span><\/p>\n<p align=\"justify\"><span style=\"font-family: Arial, sans-serif;\"><b>Excusas<\/b><\/span><\/p>\n<p align=\"justify\"><span style=\"font-family: Arial, sans-serif;\">Respecto al proceso anterior, el Jefe de Zona record\u00f3 que se desarroll\u00f3 en completa normalidad, ocasi\u00f3n en que Carabineros acogi\u00f3 cerca de 10 mil constancias excusatorias.<\/span><\/p>\n<p align=\"justify\">\u00ab<span style=\"font-family: Arial, sans-serif;\">El voto es obligatorio, es un deber c\u00edvico de todos los ciudadanos y nosotros como Instituci\u00f3n vamos a facilitar que eso ocurra\u00bb, a\u00f1adi\u00f3.<\/span><\/p>\n<p align=\"justify\"><span style=\"font-family: Arial, sans-serif;\">Existen cuatro excusas que los votantes podr\u00e1n esgrimir el pr\u00f3ximo 17 diciembre, de las cuales s\u00f3lo aquella que dice relaci\u00f3n con encontrarse a m\u00e1s de 200 km del local de votaci\u00f3n, debe se presenta de manera presencial ante Carabineros.<\/span><\/p>\n<p align=\"justify\">\u00ab<span style=\"font-family: Arial, sans-serif;\">Existe un elemento facilitador que es el acceder a la Comisar\u00eda Virtual y realizar el tr\u00e1mite excusatorio -que se desarrolla s\u00f3lo durante el d\u00eda de la votaci\u00f3n- se entrega un c\u00f3digo de verificaci\u00f3n, el cual se debe presentar en la Unidad de Carabineros m\u00e1s cercana el d\u00eda de la votaci\u00f3n\u00bb, explic\u00f3 el General Santos.<\/span><\/p>\n<p align=\"justify\"><span style=\"font-family: Arial, sans-serif;\">Para tal efecto en Coyhaique Carabineros instalar\u00e1 m\u00f3dulos de atenci\u00f3n en el Gimnasio Municipal, en tanto que en Ays\u00e9n se har\u00e1 lo propio en el sector del Centro Cultural, espacios que cuentan con las comodidades para desarrollar este proceso, permitiendo optimizar los tiempos y descongestionar las comisar\u00edas.<\/span><\/p>\n<p align=\"justify\"><span style=\"font-family: Arial, sans-serif;\">Asimismo existen otras tres causales de excusatorias como son el padecer una enfermedad grave, encontrarse fuera del pa\u00eds u otro impedimento grave que sea debidamente comprobado como por ejemplo la muerte de un familiar.<\/span><\/p>\n<p align=\"justify\">\u00ab<span style=\"font-family: Arial, sans-serif;\">Las personas van a ser citadas a dar explicaciones al Tribunal, quien ponderar\u00e1 si esa situaci\u00f3n lo excusa de la responsabilidad legal del voto obligatorio\u00bb, indic\u00f3 el General Santos.<\/span><\/p>\n<p align=\"justify\"><span style=\"font-family: Arial, sans-serif;\">En la regi\u00f3n de Ays\u00e9n el padr\u00f3n electoral es de cerca de 87 mil personas, en tanto que en el proceso anterior, cerca del 12% de los electores se excus\u00f3 en Carabineros a trav\u00e9s de las constancias.<\/span><\/p>\n<p align=\"justify\"><span style=\"font-family: Arial, sans-serif;\"><b>Horario de atenci\u00f3n<\/b><\/span><\/p>\n<p align=\"justify\">\u00ab<span style=\"font-family: Arial, sans-serif;\">Los m\u00f3dulos de atenci\u00f3n de p\u00fablico para las constancias van a estar abiertos desde las 08:00 horas hasta el cierre del d\u00eda. El tr\u00e1mite por Comisar\u00eda Virtual va a estar habilitado desde las 00:00 hrs desde el d\u00eda 17 de diciembre hasta las 23:59 hrs. Reitero, ese tr\u00e1mite por Comisar\u00eda Virtual se termina a trav\u00e9s de la entrega del c\u00f3digo de verificaci\u00f3n en la Comisar\u00eda o en los recintos que en Coyhaique y en Ays\u00e9n tenemos habilitados para dicho efecto\u00bb, recalc\u00f3.<\/span><\/p>\n<p align=\"justify\"><span style=\"font-family: Arial, sans-serif;\">Asimismo, el General Santos a\u00f1adi\u00f3 que ha sido dispuesto la instalaci\u00f3n de un punto para recibir este tipo de constancias por estar a m\u00e1s de 200 km del local de votaci\u00f3n en el cuartel de la 5ta Comisar\u00eda de Control del Orden P\u00fablico ubicada en calle Almirante Simpson a la altura del N\u00ba 2530 en la ciudad de Coyhaique, facilitando el proceso a los vecinos del sector alto de la ciudad.\u00a0\u00a0<\/span><\/p>\n<\/div><\/section><\/div><div  style='height:50px' class='hr hr-invisible   avia-builder-el-6  el_after_av_one_full  el_before_av_social_share '><span class='hr-inner ' ><span class='hr-inner-style'><\/span><\/span><\/div><\/p>\n<div  class='av-social-sharing-box  avia-builder-el-7  el_after_av_hr  el_before_av_hr  '><div class='av-share-box'><h5 class='av-share-link-description av-no-toc '>Compartir esta noticia<\/h5><ul class='av-share-box-list noLightbox'><li class='av-share-link av-social-link-facebook' ><a target=\"_blank\" aria-label=\"Compartir en Facebook\" href='https:\/\/www.facebook.com\/sharer.php?u=https:\/\/radiorevelacionfm.cl\/?p=38006&#038;t=Carabineros%20desplegar%C3%A1%20cerca%20de%2090%20efectivos%20para%20resguardar%20la%20seguridad%20del%20plebiscito%20constitucional%202023%20en%20la%20regi%C3%B3n%20de%20Ays%C3%A9n' aria-hidden='false' data-av_icon='\ue8f3' data-av_iconfont='entypo-fontello' title='' data-avia-related-tooltip='Compartir en Facebook' rel=\"noopener\"><span class='avia_hidden_link_text'>Compartir en Facebook<\/span><\/a><\/li><li class='av-share-link av-social-link-twitter' ><a target=\"_blank\" aria-label=\"Compartir en Twitter\" href='https:\/\/twitter.com\/share?text=Carabineros%20desplegar%C3%A1%20cerca%20de%2090%20efectivos%20para%20resguardar%20la%20seguridad%20del%20plebiscito%20constitucional%202023%20en%20la%20regi%C3%B3n%20de%20Ays%C3%A9n&#038;url=https:\/\/radiorevelacionfm.cl\/?p=38006' aria-hidden='false' data-av_icon='\ue8f1' data-av_iconfont='entypo-fontello' title='' data-avia-related-tooltip='Compartir en Twitter' rel=\"noopener\"><span class='avia_hidden_link_text'>Compartir en Twitter<\/span><\/a><\/li><li class='av-share-link av-social-link-whatsapp' ><a target=\"_blank\" aria-label=\"Compartir en Whatsapp\" href='https:\/\/api.whatsapp.com\/send?text=https:\/\/radiorevelacionfm.cl\/?p=38006' aria-hidden='false' data-av_icon='\uf232' data-av_iconfont='entypo-fontello' title='' data-avia-related-tooltip='Compartir en Whatsapp' rel=\"noopener\"><span class='avia_hidden_link_text'>Compartir en Whatsapp<\/span><\/a><\/li><li class='av-share-link av-social-link-linkedin' ><a target=\"_blank\" aria-label=\"Compartir en LinkedIn\" href='https:\/\/linkedin.com\/shareArticle?mini=true&#038;title=Carabineros%20desplegar%C3%A1%20cerca%20de%2090%20efectivos%20para%20resguardar%20la%20seguridad%20del%20plebiscito%20constitucional%202023%20en%20la%20regi%C3%B3n%20de%20Ays%C3%A9n&#038;url=https:\/\/radiorevelacionfm.cl\/?p=38006' aria-hidden='false' data-av_icon='\ue8fc' data-av_iconfont='entypo-fontello' title='' data-avia-related-tooltip='Compartir en LinkedIn' rel=\"noopener\"><span class='avia_hidden_link_text'>Compartir en LinkedIn<\/span><\/a><\/li><li class='av-share-link av-social-link-mail' ><a  aria-label=\"Compartir por correo\" href='mailto:?subject=Carabineros%20desplegar%C3%A1%20cerca%20de%2090%20efectivos%20para%20resguardar%20la%20seguridad%20del%20plebiscito%20constitucional%202023%20en%20la%20regi%C3%B3n%20de%20Ays%C3%A9n&#038;body=https:\/\/radiorevelacionfm.cl\/?p=38006' aria-hidden='false' data-av_icon='\ue805' data-av_iconfont='entypo-fontello' title='' data-avia-related-tooltip='Compartir por correo'><span class='avia_hidden_link_text'>Compartir por correo<\/span><\/a><\/li><\/ul><\/div><\/div>\n<div  style='height:50px' class='hr hr-invisible   avia-builder-el-8  el_after_av_social_share  el_before_av_comments_list '><span class='hr-inner ' ><span class='hr-inner-style'><\/span><\/span><\/div>\n<div  class='av-buildercomment  av-blog-meta-html-info-disabled av-blog-meta-tag-disabled  '><\/div>\n","protected":false},"excerpt":{"rendered":"","protected":false},"author":1,"featured_media":38007,"comment_status":"open","ping_status":"open","sticky":false,"template":"","format":"standard","meta":{"footnotes":""},"categories":[36],"tags":[],"class_list":["post-38006","post","type-post","status-publish","format-standard","has-post-thumbnail","hentry","category-policial"],"jetpack_featured_media_url":"https:\/\/radiorevelacionfm.cl\/wp-content\/uploads\/2023\/12\/IMG_8077-1-1.jpg","_links":{"self":[{"href":"https:\/\/radiorevelacionfm.cl\/index.php?rest_route=\/wp\/v2\/posts\/38006","targetHints":{"allow":["GET"]}}],"collection":[{"href":"https:\/\/radiorevelacionfm.cl\/index.php?rest_route=\/wp\/v2\/posts"}],"about":[{"href":"https:\/\/radiorevelacionfm.cl\/index.php?rest_route=\/wp\/v2\/types\/post"}],"author":[{"embeddable":true,"href":"https:\/\/radiorevelacionfm.cl\/index.php?rest_route=\/wp\/v2\/users\/1"}],"replies":[{"embeddable":true,"href":"https:\/\/radiorevelacionfm.cl\/index.php?rest_route=%2Fwp%2Fv2%2Fcomments&post=38006"}],"version-history":[{"count":1,"href":"https:\/\/radiorevelacionfm.cl\/index.php?rest_route=\/wp\/v2\/posts\/38006\/revisions"}],"predecessor-version":[{"id":38008,"href":"https:\/\/radiorevelacionfm.cl\/index.php?rest_route=\/wp\/v2\/posts\/38006\/revisions\/38008"}],"wp:featuredmedia":[{"embeddable":true,"href":"https:\/\/radiorevelacionfm.cl\/index.php?rest_route=\/wp\/v2\/media\/38007"}],"wp:attachment":[{"href":"https:\/\/radiorevelacionfm.cl\/index.php?rest_route=%2Fwp%2Fv2%2Fmedia&parent=38006"}],"wp:term":[{"taxonomy":"category","embeddable":true,"href":"https:\/\/radiorevelacionfm.cl\/index.php?rest_route=%2Fwp%2Fv2%2Fcategories&post=38006"},{"taxonomy":"post_tag","embeddable":true,"href":"https:\/\/radiorevelacionfm.cl\/index.php?rest_route=%2Fwp%2Fv2%2Ftags&post=38006"}],"curies":[{"name":"wp","href":"https:\/\/api.w.org\/{rel}","templated":true}]}}