{"id":38003,"date":"2023-12-14T20:58:44","date_gmt":"2023-12-14T23:58:44","guid":{"rendered":"https:\/\/radiorevelacionfm.cl\/?p=38003"},"modified":"2023-12-14T23:39:18","modified_gmt":"2023-12-15T02:39:18","slug":"389-nuevos-carabineros-de-orden-y-seguridad-se-sumaran-a-labores-policiales-a-nivel-nacional","status":"publish","type":"post","link":"https:\/\/radiorevelacionfm.cl\/?p=38003","title":{"rendered":"389 nuevos Carabineros de orden y seguridad se sumar\u00e1n a labores policiales a nivel nacional"},"content":{"rendered":"<div class=\"flex_column av_one_full  flex_column_div av-zero-column-padding first  avia-builder-el-0  el_before_av_one_full  avia-builder-el-first  \" style='border-radius:0px; '><div  class='avia-image-container  av-styling-    avia-builder-el-1  avia-builder-el-no-sibling  avia-align-center '  itemprop=\"image\" itemscope=\"itemscope\" itemtype=\"https:\/\/schema.org\/ImageObject\"  ><div class='avia-image-container-inner'><div class='avia-image-overlay-wrap'><img decoding=\"async\" class='wp-image-38025 avia-img-lazy-loading-not-38025 avia_image' src=\"https:\/\/radiorevelacionfm.cl\/wp-content\/uploads\/2023\/12\/image-153-2.jpg\" alt='' title='image-153-2' height=\"686\" width=\"800\"  itemprop=\"thumbnailUrl\" srcset=\"https:\/\/radiorevelacionfm.cl\/wp-content\/uploads\/2023\/12\/image-153-2.jpg 800w, https:\/\/radiorevelacionfm.cl\/wp-content\/uploads\/2023\/12\/image-153-2-300x257.jpg 300w, https:\/\/radiorevelacionfm.cl\/wp-content\/uploads\/2023\/12\/image-153-2-768x659.jpg 768w, https:\/\/radiorevelacionfm.cl\/wp-content\/uploads\/2023\/12\/image-153-2-705x605.jpg 705w, https:\/\/radiorevelacionfm.cl\/wp-content\/uploads\/2023\/12\/image-153-2-450x386.jpg 450w, https:\/\/radiorevelacionfm.cl\/wp-content\/uploads\/2023\/12\/image-153-2-600x515.jpg 600w\" sizes=\"(max-width: 800px) 100vw, 800px\" \/><\/div><\/div><\/div><\/div><div class=\"flex_column av_one_full  flex_column_div av-zero-column-padding first  avia-builder-el-2  el_after_av_one_full  el_before_av_one_full  column-top-margin\" style='border-radius:0px; '><section class=\"av_textblock_section \"  itemscope=\"itemscope\" itemtype=\"https:\/\/schema.org\/BlogPosting\" itemprop=\"blogPost\" ><div class='avia_textblock  '   itemprop=\"text\" ><h2 class=\"title\" style=\"text-align: center;\"><span style=\"font-size: 18pt;\"><b>389 n<\/b><b>uevos\u00a0<\/b><b>C<\/b><b>arabineros de orden y seguridad se sumar\u00e1n a labores policiales a nivel nacional<\/b><\/span><\/h2>\n<div id=\"gtx-trans\" style=\"position: absolute; left: -50px; top: 4.31534px;\">\n<div class=\"gtx-trans-icon\"><\/div>\n<\/div>\n<\/div><\/section><\/div><div class=\"flex_column av_one_full  flex_column_div av-zero-column-padding first  avia-builder-el-4  el_after_av_one_full  el_before_av_hr  column-top-margin\" style='border-radius:0px; '><section class=\"av_textblock_section \"  itemscope=\"itemscope\" itemtype=\"https:\/\/schema.org\/BlogPosting\" itemprop=\"blogPost\" ><div class='avia_textblock  '   itemprop=\"text\" ><p style=\"text-align: justify;\"><em>La ceremonia de egreso se llev\u00f3 a cabo en la Escuela de Formaci\u00f3n de Carabineros y fue encabezada por la Ministra del Interior Carolina Toh\u00e1 y General Director Ricardo Y\u00e1\u00f1ez.<\/em><\/p>\n<p style=\"text-align: justify;\">Fueron dos a\u00f1os de preparaci\u00f3n que, finalmente, concluyeron el 13 de diciembre cuando en una ceremonia cargada de simbolismo; alumnas y alumnos realizar\u00e1n un solemne juramento a la bandera, para resguardar a la patria y a todos sus habitantes.<\/p>\n<p style=\"text-align: justify;\">Estos nuevos carabineros ser\u00e1n destinados a distintas comisar\u00edas de todo Chile.<\/p>\n<p style=\"text-align: justify;\">\u00abEs una gran alegr\u00eda y, a la vez, una gran responsabilidad ver a estos Carabineros Alumnos cumplir su sue\u00f1o de convertirse en servidores p\u00fablicos; adem\u00e1s de haber tenido la oportunidad de compartir, con sus familias, el orgullo de formarlos con valores, principios y \u00e9tica\u00bb coment\u00f3 el Director de la Escuela de Formaci\u00f3n de Carabineros, Teniente Coronel Jaime A. Parraguez Robles.<\/p>\n<p style=\"text-align: justify;\">Estos nuevos carabineros fueron formados en varias \u00e1reas, bajo los nuevos lineamientos de modernizaci\u00f3n institucional, los cuales se orientan hacia la consolidaci\u00f3n de un polic\u00eda m\u00e1s preparado intelectualmente para el desarrollo de su funci\u00f3n con irrestricto apego a los Derechos Humanos.<\/p>\n<p style=\"text-align: justify;\">Fueron dos a\u00f1os de preparaci\u00f3n acad\u00e9mica que se realizaron con los m\u00e1s altos est\u00e1ndares de calidad, innovaci\u00f3n y pertinencia, incluyendo una pr\u00e1ctica policial de 700 horas en unidades operativas y 2.948 horas pedag\u00f3gicas.<\/p>\n<p style=\"text-align: justify;\"><b>R<\/b><b>econocida por ley<\/b><br \/>\nEl 21 de noviembre de 2023, la Esfocar es reconocida por ley y se convierte en un Centro de Formaci\u00f3n T\u00e9cnico (CFT), esto implica que debe cumplir con los est\u00e1ndares establecidos por la Comisi\u00f3n Nacional de Acreditaci\u00f3n (CNA) como todos los CFT en Chile.<\/p>\n<p style=\"text-align: justify;\">Estos modelos exigen, como requisito m\u00ednimo, la homogenizaci\u00f3n del plan de estudio en todas las sedes a nivel pa\u00eds, por lo que se ha establecido infraestructura indispensable para dar cumplimiento a dicho plan de estudio.<\/p>\n<p style=\"text-align: justify;\"><b>C<\/b><b>eremonia<\/b><br \/>\nEn la ceremonia, que se realiz\u00f3 en la Escuela de Formaci\u00f3n de Carabineros, egresaron 389 alumnos, &#8211; 235 son mujeres (60,4%) y de ellas 24 son madres; en tanto 154 son hombres (39,6%) y 20 son pap\u00e1s.- Del total de los futuros carabineros 16 pertenecen a pueblos originarios, 35 cuentan con un t\u00edtulo profesional o t\u00e9cnico; adem\u00e1s se agrega que 107 de ellos (27,5%) tienen tatuajes.<\/p>\n<\/div><\/section><\/div><div  style='height:50px' class='hr hr-invisible   avia-builder-el-6  el_after_av_one_full  el_before_av_social_share '><span class='hr-inner ' ><span class='hr-inner-style'><\/span><\/span><\/div><\/p>\n<div  class='av-social-sharing-box  avia-builder-el-7  el_after_av_hr  el_before_av_hr  '><div class='av-share-box'><h5 class='av-share-link-description av-no-toc '>Compartir esta noticia<\/h5><ul class='av-share-box-list noLightbox'><li class='av-share-link av-social-link-facebook' ><a target=\"_blank\" aria-label=\"Compartir en Facebook\" href='https:\/\/www.facebook.com\/sharer.php?u=https:\/\/radiorevelacionfm.cl\/?p=38003&#038;t=389%20nuevos%20Carabineros%20de%20orden%20y%20seguridad%20se%20sumar%C3%A1n%20a%20labores%20policiales%20a%20nivel%20nacional' aria-hidden='false' data-av_icon='\ue8f3' data-av_iconfont='entypo-fontello' title='' data-avia-related-tooltip='Compartir en Facebook' rel=\"noopener\"><span class='avia_hidden_link_text'>Compartir en Facebook<\/span><\/a><\/li><li class='av-share-link av-social-link-twitter' ><a target=\"_blank\" aria-label=\"Compartir en Twitter\" href='https:\/\/twitter.com\/share?text=389%20nuevos%20Carabineros%20de%20orden%20y%20seguridad%20se%20sumar%C3%A1n%20a%20labores%20policiales%20a%20nivel%20nacional&#038;url=https:\/\/radiorevelacionfm.cl\/?p=38003' aria-hidden='false' data-av_icon='\ue8f1' data-av_iconfont='entypo-fontello' title='' data-avia-related-tooltip='Compartir en Twitter' rel=\"noopener\"><span class='avia_hidden_link_text'>Compartir en Twitter<\/span><\/a><\/li><li class='av-share-link av-social-link-whatsapp' ><a target=\"_blank\" aria-label=\"Compartir en Whatsapp\" href='https:\/\/api.whatsapp.com\/send?text=https:\/\/radiorevelacionfm.cl\/?p=38003' aria-hidden='false' data-av_icon='\uf232' data-av_iconfont='entypo-fontello' title='' data-avia-related-tooltip='Compartir en Whatsapp' rel=\"noopener\"><span class='avia_hidden_link_text'>Compartir en Whatsapp<\/span><\/a><\/li><li class='av-share-link av-social-link-linkedin' ><a target=\"_blank\" aria-label=\"Compartir en LinkedIn\" href='https:\/\/linkedin.com\/shareArticle?mini=true&#038;title=389%20nuevos%20Carabineros%20de%20orden%20y%20seguridad%20se%20sumar%C3%A1n%20a%20labores%20policiales%20a%20nivel%20nacional&#038;url=https:\/\/radiorevelacionfm.cl\/?p=38003' aria-hidden='false' data-av_icon='\ue8fc' data-av_iconfont='entypo-fontello' title='' data-avia-related-tooltip='Compartir en LinkedIn' rel=\"noopener\"><span class='avia_hidden_link_text'>Compartir en LinkedIn<\/span><\/a><\/li><li class='av-share-link av-social-link-mail' ><a  aria-label=\"Compartir por correo\" href='mailto:?subject=389%20nuevos%20Carabineros%20de%20orden%20y%20seguridad%20se%20sumar%C3%A1n%20a%20labores%20policiales%20a%20nivel%20nacional&#038;body=https:\/\/radiorevelacionfm.cl\/?p=38003' aria-hidden='false' data-av_icon='\ue805' data-av_iconfont='entypo-fontello' title='' data-avia-related-tooltip='Compartir por correo'><span class='avia_hidden_link_text'>Compartir por correo<\/span><\/a><\/li><\/ul><\/div><\/div>\n<div  style='height:50px' class='hr hr-invisible   avia-builder-el-8  el_after_av_social_share  el_before_av_comments_list '><span class='hr-inner ' ><span class='hr-inner-style'><\/span><\/span><\/div>\n<div  class='av-buildercomment  av-blog-meta-html-info-disabled av-blog-meta-tag-disabled  '><\/div>\n","protected":false},"excerpt":{"rendered":"","protected":false},"author":1,"featured_media":38025,"comment_status":"open","ping_status":"open","sticky":false,"template":"","format":"standard","meta":{"footnotes":""},"categories":[36],"tags":[],"class_list":["post-38003","post","type-post","status-publish","format-standard","has-post-thumbnail","hentry","category-policial"],"jetpack_featured_media_url":"https:\/\/radiorevelacionfm.cl\/wp-content\/uploads\/2023\/12\/image-153-2.jpg","_links":{"self":[{"href":"https:\/\/radiorevelacionfm.cl\/index.php?rest_route=\/wp\/v2\/posts\/38003","targetHints":{"allow":["GET"]}}],"collection":[{"href":"https:\/\/radiorevelacionfm.cl\/index.php?rest_route=\/wp\/v2\/posts"}],"about":[{"href":"https:\/\/radiorevelacionfm.cl\/index.php?rest_route=\/wp\/v2\/types\/post"}],"author":[{"embeddable":true,"href":"https:\/\/radiorevelacionfm.cl\/index.php?rest_route=\/wp\/v2\/users\/1"}],"replies":[{"embeddable":true,"href":"https:\/\/radiorevelacionfm.cl\/index.php?rest_route=%2Fwp%2Fv2%2Fcomments&post=38003"}],"version-history":[{"count":3,"href":"https:\/\/radiorevelacionfm.cl\/index.php?rest_route=\/wp\/v2\/posts\/38003\/revisions"}],"predecessor-version":[{"id":38027,"href":"https:\/\/radiorevelacionfm.cl\/index.php?rest_route=\/wp\/v2\/posts\/38003\/revisions\/38027"}],"wp:featuredmedia":[{"embeddable":true,"href":"https:\/\/radiorevelacionfm.cl\/index.php?rest_route=\/wp\/v2\/media\/38025"}],"wp:attachment":[{"href":"https:\/\/radiorevelacionfm.cl\/index.php?rest_route=%2Fwp%2Fv2%2Fmedia&parent=38003"}],"wp:term":[{"taxonomy":"category","embeddable":true,"href":"https:\/\/radiorevelacionfm.cl\/index.php?rest_route=%2Fwp%2Fv2%2Fcategories&post=38003"},{"taxonomy":"post_tag","embeddable":true,"href":"https:\/\/radiorevelacionfm.cl\/index.php?rest_route=%2Fwp%2Fv2%2Ftags&post=38003"}],"curies":[{"name":"wp","href":"https:\/\/api.w.org\/{rel}","templated":true}]}}