{"id":38000,"date":"2023-12-14T19:34:44","date_gmt":"2023-12-14T22:34:44","guid":{"rendered":"https:\/\/radiorevelacionfm.cl\/?p=38000"},"modified":"2023-12-14T19:34:44","modified_gmt":"2023-12-14T22:34:44","slug":"anuncian-reapertura-de-puente-piedra-del-indio-en-coyhaique","status":"publish","type":"post","link":"https:\/\/radiorevelacionfm.cl\/?p=38000","title":{"rendered":"Anuncian reapertura de puente Piedra del Indio en Coyhaique"},"content":{"rendered":"<div class=\"flex_column av_one_full  flex_column_div av-zero-column-padding first  avia-builder-el-0  el_before_av_one_full  avia-builder-el-first  \" style='border-radius:0px; '><div  class='avia-image-container  av-styling-    avia-builder-el-1  avia-builder-el-no-sibling  avia-align-center '  itemprop=\"image\" itemscope=\"itemscope\" itemtype=\"https:\/\/schema.org\/ImageObject\"  ><div class='avia-image-container-inner'><div class='avia-image-overlay-wrap'><img decoding=\"async\" class='wp-image-38001 avia-img-lazy-loading-not-38001 avia_image' src=\"https:\/\/radiorevelacionfm.cl\/wp-content\/uploads\/2023\/12\/whatsapp-image-2023-12-14-at-3_optimized.51.07-pm-1-2.jpeg\" alt='' title='whatsapp-image-2023-12-14-at-3_optimized.51.07-pm-(1)-2' height=\"600\" width=\"1069\"  itemprop=\"thumbnailUrl\" srcset=\"https:\/\/radiorevelacionfm.cl\/wp-content\/uploads\/2023\/12\/whatsapp-image-2023-12-14-at-3_optimized.51.07-pm-1-2.jpeg 1069w, https:\/\/radiorevelacionfm.cl\/wp-content\/uploads\/2023\/12\/whatsapp-image-2023-12-14-at-3_optimized.51.07-pm-1-2-300x168.jpeg 300w, https:\/\/radiorevelacionfm.cl\/wp-content\/uploads\/2023\/12\/whatsapp-image-2023-12-14-at-3_optimized.51.07-pm-1-2-1030x578.jpeg 1030w, https:\/\/radiorevelacionfm.cl\/wp-content\/uploads\/2023\/12\/whatsapp-image-2023-12-14-at-3_optimized.51.07-pm-1-2-768x431.jpeg 768w, https:\/\/radiorevelacionfm.cl\/wp-content\/uploads\/2023\/12\/whatsapp-image-2023-12-14-at-3_optimized.51.07-pm-1-2-705x396.jpeg 705w, https:\/\/radiorevelacionfm.cl\/wp-content\/uploads\/2023\/12\/whatsapp-image-2023-12-14-at-3_optimized.51.07-pm-1-2-450x253.jpeg 450w, https:\/\/radiorevelacionfm.cl\/wp-content\/uploads\/2023\/12\/whatsapp-image-2023-12-14-at-3_optimized.51.07-pm-1-2-600x337.jpeg 600w\" sizes=\"(max-width: 1069px) 100vw, 1069px\" \/><\/div><\/div><\/div><\/div><div class=\"flex_column av_one_full  flex_column_div av-zero-column-padding first  avia-builder-el-2  el_after_av_one_full  el_before_av_one_full  column-top-margin\" style='border-radius:0px; '><section class=\"av_textblock_section \"  itemscope=\"itemscope\" itemtype=\"https:\/\/schema.org\/BlogPosting\" itemprop=\"blogPost\" ><div class='avia_textblock  '   itemprop=\"text\" ><p style=\"text-align: center;\"><strong><span style=\"font-size: 18pt;\">Anuncian reapertura de puente Piedra del Indio en Coyhaique<\/span><\/strong><\/p>\n<div id=\"gtx-trans\" style=\"position: absolute; left: -50px; top: 4.31534px;\">\n<div class=\"gtx-trans-icon\"><\/div>\n<\/div>\n<\/div><\/section><\/div><div class=\"flex_column av_one_full  flex_column_div av-zero-column-padding first  avia-builder-el-4  el_after_av_one_full  el_before_av_hr  column-top-margin\" style='border-radius:0px; '><section class=\"av_textblock_section \"  itemscope=\"itemscope\" itemtype=\"https:\/\/schema.org\/BlogPosting\" itemprop=\"blogPost\" ><div class='avia_textblock  '   itemprop=\"text\" ><p style=\"text-align: justify;\">El Departamento de Puentes de la Direcci\u00f3n de Vialidad del Ministerio de Obras P\u00fablicas concluy\u00f3 la inexistencia de da\u00f1o estructural en los puentes Piedra del Indio y Mundaca, en Coyhaique, estableciendo las labores requeridas para un tr\u00e1nsito vehicular seguro en ambos casos.<\/p>\n<p style=\"text-align: justify;\">As\u00ed lo informaron este jueves el Delegado Presidencial Regional, Rodrigo Araya, el alcalde de Coyhaique, Carlos Gatica y el seremi de Obras P\u00fablicas, Patricio Sanhueza, quienes subrayaron la importancia de tener la certeza t\u00e9cnica, que garantice la seguridad de tr\u00e1nsito.<\/p>\n<p style=\"text-align: justify;\">\u201cQueremos brindar a las personas informaci\u00f3n con respecto a la seguridad del uso de esos puentes. El Ministerio de Obras P\u00fablicas en un compromiso con el municipio de Coyhaique, materializ\u00f3 la visita de ingenieros estructurales especialistas en puentes, quienes vinieron a hacer la evaluaci\u00f3n con la que podemos dar la certeza a la comunidad despu\u00e9s de recibir el informe-, de que ambos puentes no tienen da\u00f1o estructural y pueden ser usados para el tr\u00e1nsito vehicular\u201d, inform\u00f3 Rodrigo Araya.<\/p>\n<p style=\"text-align: justify;\">El puente Piedra del Indio es de tipo colgante, tiene 62,4 metros de extensi\u00f3n entre sus dos torres, con tablero met\u00e1lico unidireccional y es soportado por 29 pares de p\u00e9ndolas ancladas al tablero mediante pernos.<\/p>\n<p style=\"text-align: justify;\">En tanto, el puente Mundaca tiene 40 metros de largo, est\u00e1 apoyado en vigas de acero, considera un ancho total del tablero\/losa de hormig\u00f3n de 7.55 metros y una capacidad m\u00e1xima de carga de 45 toneladas.<\/p>\n<p style=\"text-align: justify;\">\u201cVamos a tener una reuni\u00f3n de trabajo y van a comenzar obras de reparaci\u00f3n del puente Piedra del Indio y de conservaci\u00f3n previo al levantamiento de proyectos por parte del municipio. Tenemos que firmar un convenio de colaboraci\u00f3n entre la Direcci\u00f3n de Vialidad del Ministerio de Obras P\u00fablicas y el Municipio, porque el municipio tiene que aportar recursos para que esto pueda habilitarse, consistentes en alrededor diecis\u00e9is millones de pesos\u201d, detall\u00f3 el alcalde Carlos Gatica.<\/p>\n<p style=\"text-align: justify;\">El seremi Patricio Sanhueza destac\u00f3 que la Direcci\u00f3n Regional de Vialidad reprogramar\u00e1 las actividades de la cuadrilla de puentes de la Oficina Provincial de Vialidad Ays\u00e9n, para desarrollo de labores durante el mes de enero.<\/p>\n<p style=\"text-align: justify;\">\u201cConcurriremos como Vialidad, de manera extraordinaria y excepcional a reparar la Pasarela Puente del Indio, ya se ha buscado el camino administrativo, que es un convenio de colaboraci\u00f3n entre el municipio y la Direcci\u00f3n de Vialidad, lo que nos permita reparar la estructura con la cuadrilla de puentes que tenemos en la oficina provincial de Ays\u00e9n. Esperamos que estas acciones tomen alrededor de un mes. Esta cuadrilla tiene que atender m\u00faltiples situaciones en toda la regi\u00f3n, pero entendemos que es necesario aportemos en resolver las actuales condiciones de tr\u00e1nsito de los sectores rurales que transitan desde y hacia la capital regional\u201d, agreg\u00f3 el seremi de Obras P\u00fablicas.<\/p>\n<p style=\"text-align: justify;\">En el puente Piedra del Indio se considera una intervenci\u00f3n espec\u00edfica, entre lo que se contempla un reaprete de p\u00e9ndolas, canalizaci\u00f3n de escorrent\u00eda y reposici\u00f3n de piezas, adem\u00e1s de limpieza y pintado de elementos de acero y de hormig\u00f3n. Finalizados estos trabajos, el puente podr\u00e1 operar con restricci\u00f3n de carga y solo para de veh\u00edculos menores de hasta cinco toneladas, y se instalar\u00e1 un p\u00f3rtico de 2,5 metros de alto para asegurar que no transiten por \u00e9l veh\u00edculos que sobrepasen la carga m\u00e1xima solicitada, con el objeto de cuidar este puente, que mantiene conectados a los vecinos y vecinas de Coyhaique por este sector, as\u00ed como tambi\u00e9n se levanta como hito tur\u00edstico que identifica a la capital regional.<\/p>\n<p style=\"text-align: justify;\">En tanto, respecto al puente Mundaca existe, entre otros, deterioro del pavimento del tablero, cuya conservaci\u00f3n ser\u00e1 abordada previa elaboraci\u00f3n del proyecto respectivo por parte del municipio de Coyhaique.<\/p>\n<\/div><\/section><\/div><div  style='height:50px' class='hr hr-invisible   avia-builder-el-6  el_after_av_one_full  el_before_av_social_share '><span class='hr-inner ' ><span class='hr-inner-style'><\/span><\/span><\/div><\/p>\n<div  class='av-social-sharing-box  avia-builder-el-7  el_after_av_hr  el_before_av_hr  '><div class='av-share-box'><h5 class='av-share-link-description av-no-toc '>Compartir esta noticia<\/h5><ul class='av-share-box-list noLightbox'><li class='av-share-link av-social-link-facebook' ><a target=\"_blank\" aria-label=\"Compartir en Facebook\" href='https:\/\/www.facebook.com\/sharer.php?u=https:\/\/radiorevelacionfm.cl\/?p=38000&#038;t=Anuncian%20reapertura%20de%20puente%20Piedra%20del%20Indio%20en%20Coyhaique' aria-hidden='false' data-av_icon='\ue8f3' data-av_iconfont='entypo-fontello' title='' data-avia-related-tooltip='Compartir en Facebook' rel=\"noopener\"><span class='avia_hidden_link_text'>Compartir en Facebook<\/span><\/a><\/li><li class='av-share-link av-social-link-twitter' ><a target=\"_blank\" aria-label=\"Compartir en Twitter\" href='https:\/\/twitter.com\/share?text=Anuncian%20reapertura%20de%20puente%20Piedra%20del%20Indio%20en%20Coyhaique&#038;url=https:\/\/radiorevelacionfm.cl\/?p=38000' aria-hidden='false' data-av_icon='\ue8f1' data-av_iconfont='entypo-fontello' title='' data-avia-related-tooltip='Compartir en Twitter' rel=\"noopener\"><span class='avia_hidden_link_text'>Compartir en Twitter<\/span><\/a><\/li><li class='av-share-link av-social-link-whatsapp' ><a target=\"_blank\" aria-label=\"Compartir en Whatsapp\" href='https:\/\/api.whatsapp.com\/send?text=https:\/\/radiorevelacionfm.cl\/?p=38000' aria-hidden='false' data-av_icon='\uf232' data-av_iconfont='entypo-fontello' title='' data-avia-related-tooltip='Compartir en Whatsapp' rel=\"noopener\"><span class='avia_hidden_link_text'>Compartir en Whatsapp<\/span><\/a><\/li><li class='av-share-link av-social-link-linkedin' ><a target=\"_blank\" aria-label=\"Compartir en LinkedIn\" href='https:\/\/linkedin.com\/shareArticle?mini=true&#038;title=Anuncian%20reapertura%20de%20puente%20Piedra%20del%20Indio%20en%20Coyhaique&#038;url=https:\/\/radiorevelacionfm.cl\/?p=38000' aria-hidden='false' data-av_icon='\ue8fc' data-av_iconfont='entypo-fontello' title='' data-avia-related-tooltip='Compartir en LinkedIn' rel=\"noopener\"><span class='avia_hidden_link_text'>Compartir en LinkedIn<\/span><\/a><\/li><li class='av-share-link av-social-link-mail' ><a  aria-label=\"Compartir por correo\" href='mailto:?subject=Anuncian%20reapertura%20de%20puente%20Piedra%20del%20Indio%20en%20Coyhaique&#038;body=https:\/\/radiorevelacionfm.cl\/?p=38000' aria-hidden='false' data-av_icon='\ue805' data-av_iconfont='entypo-fontello' title='' data-avia-related-tooltip='Compartir por correo'><span class='avia_hidden_link_text'>Compartir por correo<\/span><\/a><\/li><\/ul><\/div><\/div>\n<div  style='height:50px' class='hr hr-invisible   avia-builder-el-8  el_after_av_social_share  el_before_av_comments_list '><span class='hr-inner ' ><span class='hr-inner-style'><\/span><\/span><\/div>\n<div  class='av-buildercomment  av-blog-meta-html-info-disabled av-blog-meta-tag-disabled  '><\/div>\n","protected":false},"excerpt":{"rendered":"","protected":false},"author":1,"featured_media":38001,"comment_status":"open","ping_status":"open","sticky":false,"template":"","format":"standard","meta":{"footnotes":""},"categories":[38],"tags":[],"class_list":["post-38000","post","type-post","status-publish","format-standard","has-post-thumbnail","hentry","category-regional"],"jetpack_featured_media_url":"https:\/\/radiorevelacionfm.cl\/wp-content\/uploads\/2023\/12\/whatsapp-image-2023-12-14-at-3_optimized.51.07-pm-1-2.jpeg","_links":{"self":[{"href":"https:\/\/radiorevelacionfm.cl\/index.php?rest_route=\/wp\/v2\/posts\/38000","targetHints":{"allow":["GET"]}}],"collection":[{"href":"https:\/\/radiorevelacionfm.cl\/index.php?rest_route=\/wp\/v2\/posts"}],"about":[{"href":"https:\/\/radiorevelacionfm.cl\/index.php?rest_route=\/wp\/v2\/types\/post"}],"author":[{"embeddable":true,"href":"https:\/\/radiorevelacionfm.cl\/index.php?rest_route=\/wp\/v2\/users\/1"}],"replies":[{"embeddable":true,"href":"https:\/\/radiorevelacionfm.cl\/index.php?rest_route=%2Fwp%2Fv2%2Fcomments&post=38000"}],"version-history":[{"count":1,"href":"https:\/\/radiorevelacionfm.cl\/index.php?rest_route=\/wp\/v2\/posts\/38000\/revisions"}],"predecessor-version":[{"id":38002,"href":"https:\/\/radiorevelacionfm.cl\/index.php?rest_route=\/wp\/v2\/posts\/38000\/revisions\/38002"}],"wp:featuredmedia":[{"embeddable":true,"href":"https:\/\/radiorevelacionfm.cl\/index.php?rest_route=\/wp\/v2\/media\/38001"}],"wp:attachment":[{"href":"https:\/\/radiorevelacionfm.cl\/index.php?rest_route=%2Fwp%2Fv2%2Fmedia&parent=38000"}],"wp:term":[{"taxonomy":"category","embeddable":true,"href":"https:\/\/radiorevelacionfm.cl\/index.php?rest_route=%2Fwp%2Fv2%2Fcategories&post=38000"},{"taxonomy":"post_tag","embeddable":true,"href":"https:\/\/radiorevelacionfm.cl\/index.php?rest_route=%2Fwp%2Fv2%2Ftags&post=38000"}],"curies":[{"name":"wp","href":"https:\/\/api.w.org\/{rel}","templated":true}]}}