{"id":37992,"date":"2023-12-14T16:16:52","date_gmt":"2023-12-14T19:16:52","guid":{"rendered":"https:\/\/radiorevelacionfm.cl\/?p=37992"},"modified":"2023-12-14T17:49:32","modified_gmt":"2023-12-14T20:49:32","slug":"gobierno-y-servel-promueven-el-voto-asistido-y-medidas-para-personas-con-discapacidad-en-el-plebiscito-constitucional-2023","status":"publish","type":"post","link":"https:\/\/radiorevelacionfm.cl\/?p=37992","title":{"rendered":"Promueven el Voto Asistido y medidas para personas con discapacidad en el Plebiscito Constitucional 2023"},"content":{"rendered":"<div class=\"flex_column av_one_full  flex_column_div av-zero-column-padding first  avia-builder-el-0  el_before_av_one_full  avia-builder-el-first  \" style='border-radius:0px; '><div  class='avia-image-container  av-styling-    avia-builder-el-1  avia-builder-el-no-sibling  avia-align-center '  itemprop=\"image\" itemscope=\"itemscope\" itemtype=\"https:\/\/schema.org\/ImageObject\"  ><div class='avia-image-container-inner'><div class='avia-image-overlay-wrap'><img decoding=\"async\" class='wp-image-37994 avia-img-lazy-loading-not-37994 avia_image' src=\"https:\/\/radiorevelacionfm.cl\/wp-content\/uploads\/2023\/12\/grupal-1-1.jpeg\" alt='' title='grupal (1) (1)' height=\"600\" width=\"770\"  itemprop=\"thumbnailUrl\" srcset=\"https:\/\/radiorevelacionfm.cl\/wp-content\/uploads\/2023\/12\/grupal-1-1.jpeg 770w, https:\/\/radiorevelacionfm.cl\/wp-content\/uploads\/2023\/12\/grupal-1-1-300x234.jpeg 300w, https:\/\/radiorevelacionfm.cl\/wp-content\/uploads\/2023\/12\/grupal-1-1-768x598.jpeg 768w, https:\/\/radiorevelacionfm.cl\/wp-content\/uploads\/2023\/12\/grupal-1-1-705x549.jpeg 705w, https:\/\/radiorevelacionfm.cl\/wp-content\/uploads\/2023\/12\/grupal-1-1-450x351.jpeg 450w, https:\/\/radiorevelacionfm.cl\/wp-content\/uploads\/2023\/12\/grupal-1-1-600x468.jpeg 600w\" sizes=\"(max-width: 770px) 100vw, 770px\" \/><\/div><\/div><\/div><\/div>\n<div class=\"flex_column av_one_full  flex_column_div av-zero-column-padding first  avia-builder-el-2  el_after_av_one_full  el_before_av_one_full  column-top-margin\" style='border-radius:0px; '><section class=\"av_textblock_section \"  itemscope=\"itemscope\" itemtype=\"https:\/\/schema.org\/BlogPosting\" itemprop=\"blogPost\" ><div class='avia_textblock  '   itemprop=\"text\" ><h2 class=\"title\" style=\"text-align: center;\"><span style=\"font-size: 18pt;\"><b>Promueven el Voto Asistido y medidas para personas con discapacidad en el Plebiscito Constitucional 2023\u00a0<\/b><\/span><\/h2>\n<div id=\"gtx-trans\" style=\"position: absolute; left: -50px; top: 4.31534px;\">\n<div class=\"gtx-trans-icon\"><\/div>\n<\/div>\n<\/div><\/section><\/div><div class=\"flex_column av_one_full  flex_column_div av-zero-column-padding first  avia-builder-el-4  el_after_av_one_full  el_before_av_hr  column-top-margin\" style='border-radius:0px; '><section class=\"av_textblock_section \"  itemscope=\"itemscope\" itemtype=\"https:\/\/schema.org\/BlogPosting\" itemprop=\"blogPost\" ><div class='avia_textblock  '   itemprop=\"text\" ><div class=\"v1elementToProof\" style=\"text-align: justify;\"><i>Autoridades y el Consejo de la Sociedad Civil del Senadis, se refirieron al voto asistido y al uso de la plantilla ranurada y con sistema Braille, que estar\u00e1n disponibles en los locales de votaci\u00f3n. Las autoridades recordaron adem\u00e1s que el voto es obligatorio.\u00a0<\/i><\/div>\n<p style=\"text-align: justify;\">En el frontis del Liceo Josefina Aguirre Montenegro de Coyhaique, habilitado como local de votaci\u00f3n,\u00a0autoridades de gobierno, sociedad civil y el Servicio Electoral, dieron a conocer las medidas dispuestas para la participaci\u00f3n de las personas con discapacidad en el Plebiscito Constitucional 2023 de este domingo 17 de diciembre.<\/p>\n<p style=\"text-align: justify;\">En la ocasi\u00f3n explicaron el voto asistido e informaron respecto de las medidas establecidas en la legislaci\u00f3n vigente para facilitar el derecho a voto de las personas con discapacidad. Adem\u00e1s, presentaron las plantillas ranuradas y con sistema Braille, que estar\u00e1n disponibles en los locales de votaci\u00f3n para las personas ciegas y de baja visi\u00f3n que as\u00ed lo requieran.<\/p>\n<p class=\"v1elementToProof\" style=\"text-align: justify;\">As\u00ed lo destac\u00f3 la Seremi de Desarrollo Social y Familia Karina Acevedo \u00abHemos hecho un trabajo con las asociaciones de personas con discapacidad a lo largo de todo el territorio y se ha trabajado con seriedad y justamente con Senadis y Servel para poder aplicar tecnolog\u00eda y dar cabida a este derecho ciudadano para todas las personas con discapacidad que puedan ejercerlo este d\u00eda 17, recordar que es voto obligatorio. Est\u00e1 garantizado a quienes est\u00e9n con alg\u00fan tipo de implementaci\u00f3n como silla de ruedas, que tengan que discapacidad cognitiva, personas ciegas o sordas, puedan ejercer su derecho con total garant\u00eda\u00bb.<\/p>\n<p style=\"text-align: justify;\">La normativa vigente establece que las personas con discapacidad pueden hacer uso de su derecho al voto asistido, para lo cual, pueden ir acompa\u00f1adas de una persona mayor de 18 a\u00f1os de su confianza, que puede ingresar a la c\u00e1mara secreta. En caso de acudir solos, pueden solicitar asistencia al presidente de la mesa, quien debe esperar fuera de la c\u00e1mara para doblar y cerrar el voto, resguardando el secreto del sufragio.<\/p>\n<p class=\"v1elementToProof\" style=\"text-align: justify;\">En todos los casos debe quedar constancia en el acta de mesa el nombre del elector que utiliza el voto asistido y de quien lo acompa\u00f1a.<\/p>\n<p style=\"text-align: justify;\">La directora regional del SENADIS, Viviana Mu\u00f1oz hizo un llamado a las personas con discapacidad a participar de este proceso eleccionario \u00abcomo Estado, Senado y el Servel hemos estado llevando a cabo desde hace bastante tiempo un trabajo para generar los ajustes necesarios que permitan precisamente que las personas con discapacidad puedan ejercer su derecho a voto en igualdad de condiciones que las dem\u00e1s ciudadanas y ciudadanos de nuestro pa\u00eds y de nuestra regi\u00f3n.\u00a0Por lo tanto, desde nuestro servicio, la invitaci\u00f3n es a que participen de este proceso que es obligatorio, est\u00e1n los ajustes necesarios, est\u00e1 el voto asistido, entre otros\u00bb.<\/p>\n<p style=\"text-align: justify;\">En el caso de las personas con discapacidad visual, podr\u00e1n solicitar al presidente de la mesa la plantilla ranurada y con sistema Braille, que estar\u00e1n disponibles en cada local de votaci\u00f3n. Adem\u00e1s, se debe permitir el ingreso de perros de asistencia, los que pueden acompa\u00f1ar a sus due\u00f1os durante todo el proceso.<\/p>\n<p style=\"text-align: justify;\">Cristina Barrientos, presidenta del Consejo de la Sociedad Civil del SENADIS reforz\u00f3 el llamado \u00abhago el llamado a todas las personas con discapacidad, no olvidemos que esta regi\u00f3n tiene un 19.6% de personas con discapacidad. Hoy tienen su derecho a votar, decidir qu\u00e9 caminos toma nuestro pa\u00eds y les reitero a todas las personas con discapacidad que vayan con confianza a donde les toque votar a su mesa, porque tienen el derecho\u00bb.<\/p>\n<p style=\"text-align: justify;\">En tanto, las personas que no puedan ingresar a la c\u00e1mara secreta por usar camilla, silla de ruedas u otro motivo, estar\u00e1n autorizadas a sufragar fuera de ella, y la mesa deber\u00e1 adoptar las medidas necesarias para mantener el secreto del voto.<\/p>\n<p style=\"text-align: justify;\">En el caso de las personas sordas y las personas con discapacidad auditiva pueden expresar, a trav\u00e9s de la lengua de se\u00f1as o por escrito, que desean hacer uso del voto asistido.<\/p>\n<p style=\"text-align: justify;\">Por otra parte, el Servicio Electoral ha dispuesto en su sitio web un servicio que permite a las personas sordas acceder a la interpretaci\u00f3n en lengua de se\u00f1as simult\u00e1nea, a trav\u00e9s de la plataforma Visor, de manera gratuita, para resolver dudas, y dar apoyo en los locales de votaci\u00f3n.<\/p>\n<p class=\"v1elementToProof\" style=\"text-align: justify;\">Adicionalmente el director regional del Servel, N\u00e9stor Sep\u00falveda indic\u00f3 que \u00abYa est\u00e1 todo planificado y trabajado en el sentido de que en cada local de votaci\u00f3n podr\u00e1n apreciar un letrero donde hay dos signos QR. El primero de ellos lo lleva a una p\u00e1gina del Servicio Electoral en la cual se despliega toda la informaci\u00f3n disponible para el elector, y el segundo de ellos es una aplicaci\u00f3n que lleva a una videoconferencia con una persona que lo va a atender en lenguaje de se\u00f1as\u00bb.<\/p>\n<p class=\"v1elementToProof\" style=\"text-align: justify;\">El Delegado Presidencial Regional, Rodrigo Araya reforz\u00f3 que \u00abpara nuestro presidente Boric, abrir el acceso a todas las personas con discapacidad a poder votar este domingo 17 es muy importante y es obligaci\u00f3n que todas las instituciones p\u00fablicas que tienen relaci\u00f3n con este evento de plebiscito cumplan con su rol para garantizar la presencia de todas las personas. Les recuerdo que el voto asistido tiene varias maneras de expresarse, una de esas es la accesibilidad, por eso estamos velando por que haya transporte p\u00fablico en todo el territorio, para que las personas puedan participar y pueden llegar a los sitios electorales\u00bb.<\/p>\n<p class=\"v1elementToProof\" style=\"text-align: justify;\">Finalmente, y de acuerdo con el Tercer Estudio Nacional de la Discapacidad, III ENDISC, en la regi\u00f3n de Ays\u00e9n, el Estudio establece que el 19,6% de la poblaci\u00f3n de 18 a\u00f1os y m\u00e1s tiene discapacidad, es decir 15.748 personas.<\/p>\n<\/div><\/section><\/div><\/p>\n<div  style='height:50px' class='hr hr-invisible   avia-builder-el-6  el_after_av_one_full  el_before_av_social_share '><span class='hr-inner ' ><span class='hr-inner-style'><\/span><\/span><\/div>\n<div  class='av-social-sharing-box  avia-builder-el-7  el_after_av_hr  el_before_av_hr  '><div class='av-share-box'><h5 class='av-share-link-description av-no-toc '>Compartir esta noticia<\/h5><ul class='av-share-box-list noLightbox'><li class='av-share-link av-social-link-facebook' ><a target=\"_blank\" aria-label=\"Compartir en Facebook\" href='https:\/\/www.facebook.com\/sharer.php?u=https:\/\/radiorevelacionfm.cl\/?p=37992&#038;t=Promueven%20el%20Voto%20Asistido%20y%20medidas%20para%20personas%20con%20discapacidad%20en%20el%20Plebiscito%20Constitucional%202023' aria-hidden='false' data-av_icon='\ue8f3' data-av_iconfont='entypo-fontello' title='' data-avia-related-tooltip='Compartir en Facebook' rel=\"noopener\"><span class='avia_hidden_link_text'>Compartir en Facebook<\/span><\/a><\/li><li class='av-share-link av-social-link-twitter' ><a target=\"_blank\" aria-label=\"Compartir en Twitter\" href='https:\/\/twitter.com\/share?text=Promueven%20el%20Voto%20Asistido%20y%20medidas%20para%20personas%20con%20discapacidad%20en%20el%20Plebiscito%20Constitucional%202023&#038;url=https:\/\/radiorevelacionfm.cl\/?p=37992' aria-hidden='false' data-av_icon='\ue8f1' data-av_iconfont='entypo-fontello' title='' data-avia-related-tooltip='Compartir en Twitter' rel=\"noopener\"><span class='avia_hidden_link_text'>Compartir en Twitter<\/span><\/a><\/li><li class='av-share-link av-social-link-whatsapp' ><a target=\"_blank\" aria-label=\"Compartir en Whatsapp\" href='https:\/\/api.whatsapp.com\/send?text=https:\/\/radiorevelacionfm.cl\/?p=37992' aria-hidden='false' data-av_icon='\uf232' data-av_iconfont='entypo-fontello' title='' data-avia-related-tooltip='Compartir en Whatsapp' rel=\"noopener\"><span class='avia_hidden_link_text'>Compartir en Whatsapp<\/span><\/a><\/li><li class='av-share-link av-social-link-linkedin' ><a target=\"_blank\" aria-label=\"Compartir en LinkedIn\" href='https:\/\/linkedin.com\/shareArticle?mini=true&#038;title=Promueven%20el%20Voto%20Asistido%20y%20medidas%20para%20personas%20con%20discapacidad%20en%20el%20Plebiscito%20Constitucional%202023&#038;url=https:\/\/radiorevelacionfm.cl\/?p=37992' aria-hidden='false' data-av_icon='\ue8fc' data-av_iconfont='entypo-fontello' title='' data-avia-related-tooltip='Compartir en LinkedIn' rel=\"noopener\"><span class='avia_hidden_link_text'>Compartir en LinkedIn<\/span><\/a><\/li><li class='av-share-link av-social-link-mail' ><a  aria-label=\"Compartir por correo\" href='mailto:?subject=Promueven%20el%20Voto%20Asistido%20y%20medidas%20para%20personas%20con%20discapacidad%20en%20el%20Plebiscito%20Constitucional%202023&#038;body=https:\/\/radiorevelacionfm.cl\/?p=37992' aria-hidden='false' data-av_icon='\ue805' data-av_iconfont='entypo-fontello' title='' data-avia-related-tooltip='Compartir por correo'><span class='avia_hidden_link_text'>Compartir por correo<\/span><\/a><\/li><\/ul><\/div><\/div>\n<div  style='height:50px' class='hr hr-invisible   avia-builder-el-8  el_after_av_social_share  el_before_av_comments_list '><span class='hr-inner ' ><span class='hr-inner-style'><\/span><\/span><\/div>\n<div  class='av-buildercomment  av-blog-meta-html-info-disabled av-blog-meta-tag-disabled  '><\/div>\n","protected":false},"excerpt":{"rendered":"","protected":false},"author":1,"featured_media":37994,"comment_status":"open","ping_status":"open","sticky":false,"template":"","format":"standard","meta":{"footnotes":""},"categories":[35,38,1],"tags":[],"class_list":["post-37992","post","type-post","status-publish","format-standard","has-post-thumbnail","hentry","category-politica","category-regional","category-sin-categoria"],"jetpack_featured_media_url":"https:\/\/radiorevelacionfm.cl\/wp-content\/uploads\/2023\/12\/grupal-1-1.jpeg","_links":{"self":[{"href":"https:\/\/radiorevelacionfm.cl\/index.php?rest_route=\/wp\/v2\/posts\/37992","targetHints":{"allow":["GET"]}}],"collection":[{"href":"https:\/\/radiorevelacionfm.cl\/index.php?rest_route=\/wp\/v2\/posts"}],"about":[{"href":"https:\/\/radiorevelacionfm.cl\/index.php?rest_route=\/wp\/v2\/types\/post"}],"author":[{"embeddable":true,"href":"https:\/\/radiorevelacionfm.cl\/index.php?rest_route=\/wp\/v2\/users\/1"}],"replies":[{"embeddable":true,"href":"https:\/\/radiorevelacionfm.cl\/index.php?rest_route=%2Fwp%2Fv2%2Fcomments&post=37992"}],"version-history":[{"count":3,"href":"https:\/\/radiorevelacionfm.cl\/index.php?rest_route=\/wp\/v2\/posts\/37992\/revisions"}],"predecessor-version":[{"id":37999,"href":"https:\/\/radiorevelacionfm.cl\/index.php?rest_route=\/wp\/v2\/posts\/37992\/revisions\/37999"}],"wp:featuredmedia":[{"embeddable":true,"href":"https:\/\/radiorevelacionfm.cl\/index.php?rest_route=\/wp\/v2\/media\/37994"}],"wp:attachment":[{"href":"https:\/\/radiorevelacionfm.cl\/index.php?rest_route=%2Fwp%2Fv2%2Fmedia&parent=37992"}],"wp:term":[{"taxonomy":"category","embeddable":true,"href":"https:\/\/radiorevelacionfm.cl\/index.php?rest_route=%2Fwp%2Fv2%2Fcategories&post=37992"},{"taxonomy":"post_tag","embeddable":true,"href":"https:\/\/radiorevelacionfm.cl\/index.php?rest_route=%2Fwp%2Fv2%2Ftags&post=37992"}],"curies":[{"name":"wp","href":"https:\/\/api.w.org\/{rel}","templated":true}]}}