{"id":37989,"date":"2023-12-14T14:34:03","date_gmt":"2023-12-14T17:34:03","guid":{"rendered":"https:\/\/radiorevelacionfm.cl\/?p=37989"},"modified":"2023-12-14T14:34:03","modified_gmt":"2023-12-14T17:34:03","slug":"aremu-respalda-a-alcalde-de-guaitecas-tras-criticas-del-diputado-alinco","status":"publish","type":"post","link":"https:\/\/radiorevelacionfm.cl\/?p=37989","title":{"rendered":"AREMU respalda a alcalde de Guaitecas tras cr\u00edticas del diputado Alinco"},"content":{"rendered":"<div class=\"flex_column av_one_full  flex_column_div av-zero-column-padding first  avia-builder-el-0  el_before_av_one_full  avia-builder-el-first  \" style='border-radius:0px; '><div  class='avia-image-container  av-styling-    avia-builder-el-1  avia-builder-el-no-sibling  avia-align-center '  itemprop=\"image\" itemscope=\"itemscope\" itemtype=\"https:\/\/schema.org\/ImageObject\"  ><div class='avia-image-container-inner'><div class='avia-image-overlay-wrap'><img decoding=\"async\" class='wp-image-37990 avia-img-lazy-loading-not-37990 avia_image' src=\"https:\/\/radiorevelacionfm.cl\/wp-content\/uploads\/2023\/12\/melinka-5-1-1.jpg\" alt='' title='melinka (5) (1) (1)' height=\"600\" width=\"901\"  itemprop=\"thumbnailUrl\" srcset=\"https:\/\/radiorevelacionfm.cl\/wp-content\/uploads\/2023\/12\/melinka-5-1-1.jpg 901w, https:\/\/radiorevelacionfm.cl\/wp-content\/uploads\/2023\/12\/melinka-5-1-1-300x200.jpg 300w, https:\/\/radiorevelacionfm.cl\/wp-content\/uploads\/2023\/12\/melinka-5-1-1-768x511.jpg 768w, https:\/\/radiorevelacionfm.cl\/wp-content\/uploads\/2023\/12\/melinka-5-1-1-705x469.jpg 705w, https:\/\/radiorevelacionfm.cl\/wp-content\/uploads\/2023\/12\/melinka-5-1-1-450x300.jpg 450w, https:\/\/radiorevelacionfm.cl\/wp-content\/uploads\/2023\/12\/melinka-5-1-1-600x400.jpg 600w\" sizes=\"(max-width: 901px) 100vw, 901px\" \/><\/div><\/div><\/div><\/div><div class=\"flex_column av_one_full  flex_column_div av-zero-column-padding first  avia-builder-el-2  el_after_av_one_full  el_before_av_one_full  column-top-margin\" style='border-radius:0px; '><section class=\"av_textblock_section \"  itemscope=\"itemscope\" itemtype=\"https:\/\/schema.org\/BlogPosting\" itemprop=\"blogPost\" ><div class='avia_textblock  '   itemprop=\"text\" ><p style=\"text-align: center;\"><strong><span style=\"font-size: 18pt;\">AREMU respalda a alcalde de Guaitecas tras cr\u00edticas del diputado Alinco<\/span><\/strong><\/p>\n<div id=\"gtx-trans\" style=\"position: absolute; left: -50px; top: 4.31534px;\">\n<div class=\"gtx-trans-icon\"><\/div>\n<\/div>\n<\/div><\/section><\/div><div class=\"flex_column av_one_full  flex_column_div av-zero-column-padding first  avia-builder-el-4  el_after_av_one_full  el_before_av_hr  column-top-margin\" style='border-radius:0px; '><section class=\"av_textblock_section \"  itemscope=\"itemscope\" itemtype=\"https:\/\/schema.org\/BlogPosting\" itemprop=\"blogPost\" ><div class='avia_textblock  '   itemprop=\"text\" ><p style=\"text-align: justify;\">Los alcaldes de la Asociaci\u00f3n Regional de Municipalidades de Ays\u00e9n respaldaron al edil de Guaitecas, Marcos Silva, tras la dura cr\u00edtica realizada por el diputado Ren\u00e9 Alinco debido a la situaci\u00f3n sanitaria que presenta el liceo de la localidad de Melinka. Seg\u00fan el parlamentario \u00abla autoridad edilicia no toma las medidas pertinentes y no aparece por ninguna parte\u00bb. Ante esta situaci\u00f3n, el jefe comunal, Marcos Silva, se\u00f1al\u00f3 que \u00ablos parlamentarios de nuestra regi\u00f3n siempre han estado disponibles y presentes realizando gestiones cuando hemos requerido su ayuda, a excepci\u00f3n del diputado Ren\u00e9 Alinco que jam\u00e1s ha visitado la comuna. No conoce nuestra realidad y solo busca figurar en base a las problem\u00e1ticas que hoy nos afectan\u00bb. El alcalde agreg\u00f3 que \u00abel diputado Alinco jam\u00e1s a aportado a soluciones, solo se dedica a criticar, olvidando el importante rol que debe cumplir como parlamentario y donde adem\u00e1s deja de manifiesto su desconocimiento frente a este tema, ya que el liceo con el que hoy contamos fue una escuela b\u00e1sica donde fuimos montando infraestructura y se desplaz\u00f3 todo el sistema de alcantarillado. En resumen, las administraciones anteriores fueron tapando este problema que nosotros intentamos solucionar, por lo tanto, el desconocimiento del diputado Alinco no es de extra\u00f1arse, ya que la \u00faltima vez que hab\u00eda visitado Melinka fue cuando era presidenta Michelle Bachelet\u00bb.<\/p>\n<p style=\"text-align: justify;\">Silva agreg\u00f3 que la comuna de Guaitecas ha tenido un abandono hist\u00f3rico del Estado, \u00abno contar con luz las 24 horas y no tener sistema de alcantarillado nos parece ins\u00f3lito. Estas debieran ser las preocupaciones del diputado Alinco y no venir a la comuna a incitar a la gente al odio con un discurso incendiario\u00bb.<\/p>\n<p style=\"text-align: justify;\">Por su parte, el presidente de la Aremu, Luperciano Mu\u00f1oz, indic\u00f3 que \u00ablos parlamentarios deben ser facilitadores en la b\u00fasqueda de soluciones y no siempre ir con la cr\u00edtica destructiva por delante, tratando de figurar en base a los problemas que tenemos como regi\u00f3n. Los diputados y senadores tienen una gran herramienta pol\u00edtica que les permiten aportar a la b\u00fasqueda de soluciones concretas y ayudar a los municipios. Por esto, necesitamos al mundo parlamentario trabajando mancomunadamente con los municipios, alcaldes y comunidades, ya que esta es la \u00fanica forma de que como regi\u00f3n comencemos a avanzar\u00bb.<\/p>\n<\/div><\/section><\/div><div  style='height:50px' class='hr hr-invisible   avia-builder-el-6  el_after_av_one_full  el_before_av_social_share '><span class='hr-inner ' ><span class='hr-inner-style'><\/span><\/span><\/div><\/p>\n<div  class='av-social-sharing-box  avia-builder-el-7  el_after_av_hr  el_before_av_hr  '><div class='av-share-box'><h5 class='av-share-link-description av-no-toc '>Compartir esta noticia<\/h5><ul class='av-share-box-list noLightbox'><li class='av-share-link av-social-link-facebook' ><a target=\"_blank\" aria-label=\"Compartir en Facebook\" href='https:\/\/www.facebook.com\/sharer.php?u=https:\/\/radiorevelacionfm.cl\/?p=37989&#038;t=AREMU%20respalda%20a%20alcalde%20de%20Guaitecas%20tras%20cr%C3%ADticas%20del%20diputado%20Alinco' aria-hidden='false' data-av_icon='\ue8f3' data-av_iconfont='entypo-fontello' title='' data-avia-related-tooltip='Compartir en Facebook' rel=\"noopener\"><span class='avia_hidden_link_text'>Compartir en Facebook<\/span><\/a><\/li><li class='av-share-link av-social-link-twitter' ><a target=\"_blank\" aria-label=\"Compartir en Twitter\" href='https:\/\/twitter.com\/share?text=AREMU%20respalda%20a%20alcalde%20de%20Guaitecas%20tras%20cr%C3%ADticas%20del%20diputado%20Alinco&#038;url=https:\/\/radiorevelacionfm.cl\/?p=37989' aria-hidden='false' data-av_icon='\ue8f1' data-av_iconfont='entypo-fontello' title='' data-avia-related-tooltip='Compartir en Twitter' rel=\"noopener\"><span class='avia_hidden_link_text'>Compartir en Twitter<\/span><\/a><\/li><li class='av-share-link av-social-link-whatsapp' ><a target=\"_blank\" aria-label=\"Compartir en Whatsapp\" href='https:\/\/api.whatsapp.com\/send?text=https:\/\/radiorevelacionfm.cl\/?p=37989' aria-hidden='false' data-av_icon='\uf232' data-av_iconfont='entypo-fontello' title='' data-avia-related-tooltip='Compartir en Whatsapp' rel=\"noopener\"><span class='avia_hidden_link_text'>Compartir en Whatsapp<\/span><\/a><\/li><li class='av-share-link av-social-link-linkedin' ><a target=\"_blank\" aria-label=\"Compartir en LinkedIn\" href='https:\/\/linkedin.com\/shareArticle?mini=true&#038;title=AREMU%20respalda%20a%20alcalde%20de%20Guaitecas%20tras%20cr%C3%ADticas%20del%20diputado%20Alinco&#038;url=https:\/\/radiorevelacionfm.cl\/?p=37989' aria-hidden='false' data-av_icon='\ue8fc' data-av_iconfont='entypo-fontello' title='' data-avia-related-tooltip='Compartir en LinkedIn' rel=\"noopener\"><span class='avia_hidden_link_text'>Compartir en LinkedIn<\/span><\/a><\/li><li class='av-share-link av-social-link-mail' ><a  aria-label=\"Compartir por correo\" href='mailto:?subject=AREMU%20respalda%20a%20alcalde%20de%20Guaitecas%20tras%20cr%C3%ADticas%20del%20diputado%20Alinco&#038;body=https:\/\/radiorevelacionfm.cl\/?p=37989' aria-hidden='false' data-av_icon='\ue805' data-av_iconfont='entypo-fontello' title='' data-avia-related-tooltip='Compartir por correo'><span class='avia_hidden_link_text'>Compartir por correo<\/span><\/a><\/li><\/ul><\/div><\/div>\n<div  style='height:50px' class='hr hr-invisible   avia-builder-el-8  el_after_av_social_share  el_before_av_comments_list '><span class='hr-inner ' ><span class='hr-inner-style'><\/span><\/span><\/div>\n<div  class='av-buildercomment  av-blog-meta-html-info-disabled av-blog-meta-tag-disabled  '><\/div>\n","protected":false},"excerpt":{"rendered":"","protected":false},"author":1,"featured_media":37990,"comment_status":"open","ping_status":"open","sticky":false,"template":"","format":"standard","meta":{"footnotes":""},"categories":[35],"tags":[],"class_list":["post-37989","post","type-post","status-publish","format-standard","has-post-thumbnail","hentry","category-politica"],"jetpack_featured_media_url":"https:\/\/radiorevelacionfm.cl\/wp-content\/uploads\/2023\/12\/melinka-5-1-1.jpg","_links":{"self":[{"href":"https:\/\/radiorevelacionfm.cl\/index.php?rest_route=\/wp\/v2\/posts\/37989","targetHints":{"allow":["GET"]}}],"collection":[{"href":"https:\/\/radiorevelacionfm.cl\/index.php?rest_route=\/wp\/v2\/posts"}],"about":[{"href":"https:\/\/radiorevelacionfm.cl\/index.php?rest_route=\/wp\/v2\/types\/post"}],"author":[{"embeddable":true,"href":"https:\/\/radiorevelacionfm.cl\/index.php?rest_route=\/wp\/v2\/users\/1"}],"replies":[{"embeddable":true,"href":"https:\/\/radiorevelacionfm.cl\/index.php?rest_route=%2Fwp%2Fv2%2Fcomments&post=37989"}],"version-history":[{"count":1,"href":"https:\/\/radiorevelacionfm.cl\/index.php?rest_route=\/wp\/v2\/posts\/37989\/revisions"}],"predecessor-version":[{"id":37991,"href":"https:\/\/radiorevelacionfm.cl\/index.php?rest_route=\/wp\/v2\/posts\/37989\/revisions\/37991"}],"wp:featuredmedia":[{"embeddable":true,"href":"https:\/\/radiorevelacionfm.cl\/index.php?rest_route=\/wp\/v2\/media\/37990"}],"wp:attachment":[{"href":"https:\/\/radiorevelacionfm.cl\/index.php?rest_route=%2Fwp%2Fv2%2Fmedia&parent=37989"}],"wp:term":[{"taxonomy":"category","embeddable":true,"href":"https:\/\/radiorevelacionfm.cl\/index.php?rest_route=%2Fwp%2Fv2%2Fcategories&post=37989"},{"taxonomy":"post_tag","embeddable":true,"href":"https:\/\/radiorevelacionfm.cl\/index.php?rest_route=%2Fwp%2Fv2%2Ftags&post=37989"}],"curies":[{"name":"wp","href":"https:\/\/api.w.org\/{rel}","templated":true}]}}