{"id":37984,"date":"2023-12-14T15:31:16","date_gmt":"2023-12-14T18:31:16","guid":{"rendered":"https:\/\/radiorevelacionfm.cl\/?p=37984"},"modified":"2023-12-14T15:31:16","modified_gmt":"2023-12-14T18:31:16","slug":"mas-de-600-ninos-y-ninas-de-la-region-cierran-programa-acciona-2023-con-muestra-artistica-en-museo-regional-de-aysen","status":"publish","type":"post","link":"https:\/\/radiorevelacionfm.cl\/?p=37984","title":{"rendered":"M\u00e1s de 600 ni\u00f1os y ni\u00f1as de la regi\u00f3n cierran programa Acciona 2023 con muestra art\u00edstica en Museo Regional de Ays\u00e9n"},"content":{"rendered":"<div class=\"flex_column av_one_full  flex_column_div av-zero-column-padding first  avia-builder-el-0  el_before_av_one_full  avia-builder-el-first  \" style='border-radius:0px; '><div  class='avia-image-container  av-styling-    avia-builder-el-1  avia-builder-el-no-sibling  avia-align-center '  itemprop=\"image\" itemscope=\"itemscope\" itemtype=\"https:\/\/schema.org\/ImageObject\"  ><div class='avia-image-container-inner'><div class='avia-image-overlay-wrap'><img decoding=\"async\" class='wp-image-37985 avia-img-lazy-loading-not-37985 avia_image' src=\"https:\/\/radiorevelacionfm.cl\/wp-content\/uploads\/2023\/12\/muestra-acciona8-1-1.jpg\" alt='' title='muestra acciona8 (1) (1)' height=\"600\" width=\"899\"  itemprop=\"thumbnailUrl\" srcset=\"https:\/\/radiorevelacionfm.cl\/wp-content\/uploads\/2023\/12\/muestra-acciona8-1-1.jpg 899w, https:\/\/radiorevelacionfm.cl\/wp-content\/uploads\/2023\/12\/muestra-acciona8-1-1-300x200.jpg 300w, https:\/\/radiorevelacionfm.cl\/wp-content\/uploads\/2023\/12\/muestra-acciona8-1-1-768x513.jpg 768w, https:\/\/radiorevelacionfm.cl\/wp-content\/uploads\/2023\/12\/muestra-acciona8-1-1-705x471.jpg 705w, https:\/\/radiorevelacionfm.cl\/wp-content\/uploads\/2023\/12\/muestra-acciona8-1-1-450x300.jpg 450w, https:\/\/radiorevelacionfm.cl\/wp-content\/uploads\/2023\/12\/muestra-acciona8-1-1-600x400.jpg 600w\" sizes=\"(max-width: 899px) 100vw, 899px\" \/><\/div><\/div><\/div><\/div><div class=\"flex_column av_one_full  flex_column_div av-zero-column-padding first  avia-builder-el-2  el_after_av_one_full  el_before_av_one_full  column-top-margin\" style='border-radius:0px; '><section class=\"av_textblock_section \"  itemscope=\"itemscope\" itemtype=\"https:\/\/schema.org\/BlogPosting\" itemprop=\"blogPost\" ><div class='avia_textblock  '   itemprop=\"text\" ><h2 class=\"title\" style=\"text-align: center;\"><span style=\"font-size: 18pt;\"><b>M\u00e1s de 600 ni\u00f1os y ni\u00f1as de la regi\u00f3n cierran programa Acciona 2023 con muestra art\u00edstica en Museo Regional de Ays\u00e9n<\/b><\/span><\/h2>\n<div id=\"gtx-trans\" style=\"position: absolute; left: -50px; top: 4.31534px;\">\n<div class=\"gtx-trans-icon\"><\/div>\n<\/div>\n<\/div><\/section><\/div><div class=\"flex_column av_one_full  flex_column_div av-zero-column-padding first  avia-builder-el-4  el_after_av_one_full  el_before_av_hr  column-top-margin\" style='border-radius:0px; '><section class=\"av_textblock_section \"  itemscope=\"itemscope\" itemtype=\"https:\/\/schema.org\/BlogPosting\" itemprop=\"blogPost\" ><div class='avia_textblock  '   itemprop=\"text\" ><p style=\"text-align: justify;\"><span style=\"font-size: 12pt;\">Obras de los m\u00e1s diversos formatos y lenguajes re\u00fane la muestra Sue\u00f1os Colectivos que expone el trabajo de m\u00e1s de 600 estudiantes que participaron en las acciones, actividades y procesos que desarroll\u00f3 el programa Acciona 2023 en la Regi\u00f3n de Ays\u00e9n.<\/span><\/p>\n<p style=\"text-align: justify;\"><span style=\"font-size: 12pt;\">8 colegios y 4 jardines infantiles trabajaron comprometidos con los equipos de Acciona\u00a0 y del Departamento de Fomento a la Educaci\u00f3n Art\u00edstica de la Seremi de Culturas Ays\u00e9n desde 4 comunas: Chile Chico, Cisnes, Ays\u00e9n y Coyhaique. A saber, el Liceo Luisa Rabanal Palma de Chile Chico y la Escuela Guido G\u00f3mez de Puerto Cisnes, cuyo estudiantes accedieron este a\u00f1o al programa. Adem\u00e1s, las escuelas Baquedano, V\u00edctor Domingo Silva y Valle Simpson en Coyhaique; la Escuela Litoral Austral, Liceo Ma\u00f1ihuales y Escuela Almirante Simpson de la comuna de Ays\u00e9n. Adem\u00e1s, se suman los jardines infantiles Bamb\u00edn Ges\u00fa de Puerto Ays\u00e9n y Nueva Esperanza, Las Araucarias y Kaukalem de Coyhaique.<\/span><\/p>\n<p style=\"text-align: justify;\"><span style=\"font-size: 12pt;\">Para el coordinador del programa, el artista visual David Quinteros, a la muestra Sue\u00f1os Colectivos, \u00abqueremos llamarle de esa forma porque es un proceso en el que no sabemos lo que va a ser y a medida que vas avanzando, se van descubriendo los distintos caminos que van tomando tanto los artistas como ni\u00f1os, ni\u00f1as y docentes de manera conjunta para desarrollar y llevar adelante estos laboratorios y proyectos art\u00edstico-culturales que se desarrollan tanto en escuelas como en jardines infantiles\u00bb.<\/span><\/p>\n<p style=\"text-align: justify;\"><span style=\"font-size: 12pt;\">Acerca del m\u00e9todo, David advierte que \u00abes muy desafiante, a mi juicio, ya que lo que busca Accionar es trabajar a partir de las particularidades y los intereses de los ni\u00f1os y las ni\u00f1as. Y eso es desafiante en el sentido de que los adultos asumen un rol que no es el primario, asumen un rol m\u00e1s como de acompa\u00f1ante y facilitador, en lugar de gu\u00eda y de ser quien decide lo que va pasar en este proceso. Se espera un protagonismo de los ni\u00f1os y las ni\u00f1as, que participen determinando hacia d\u00f3nde, proponiendo ideas, asumiendo el desaf\u00edo de seleccionar cu\u00e1l es la idea m\u00e1s adecuada, sin embargo, en el proceso van apareciendo otras ideas que muchas veces tensionan eso y hay que tomar decisiones. Y es superimportante que los ni\u00f1os y las ni\u00f1as participen en la toma de sus decisiones\u00bb.<\/span><\/p>\n<p style=\"text-align: justify;\"><span style=\"font-size: 12pt;\">El seremi de Culturas Ays\u00e9n, Felipe Quiroz, cuenta que \u00abesta muestra viene a materializar todo un a\u00f1o de trabajo por parte de Acciona en los establecimientos educacionales dentro de la regi\u00f3n y releva la importancia de la educaci\u00f3n art\u00edstica. Es una experiencia profunda en contacto con la creatividad y las inquietudes de m\u00e1s de 600 ni\u00f1os que participaron este a\u00f1o en nuestro programa. Para el Ministerio de las Culturas, ha sido significativo, adem\u00e1s, porque cada a\u00f1o sumamos estudiantes de otras comunas y ese alcance es m\u00e1s acceso a la educaci\u00f3n art\u00edstica y eso se traduce en una mirada amplia que viene desde j\u00f3venes y ni\u00f1os de diferentes puntos del territorio\u00bb.<\/span><\/p>\n<p class=\"v1elementToProof\" style=\"text-align: justify;\"><span style=\"font-size: 12pt;\">La educadora Evelyn Rossel conoce el programa Acciona desde que se llamaba Okupa en 2009. Este 2023 estuvo a cargo de su implementaci\u00f3n en Ays\u00e9n: \u00abLos invitamos a conocer la exposici\u00f3n Sue\u00f1os Colectivos que resume 36 proyectos que se ejecutaron en la Regi\u00f3n de Ays\u00e9n, de los cuales 20 corresponden a ocho establecimientos educacionales y 16 a cuatro jardines infantiles. Esto representa los sue\u00f1os de m\u00e1s de 600 estudiantes que participaron en estos proyectos. Es un trabajo colaborativo con los artistas educadores en conjunto con los docentes de cada proyecto. Ac\u00e1 podemos observar distintas t\u00e9cnicas de diferentes disciplinas art\u00edsticas. Es un sue\u00f1o para Chile tener educaci\u00f3n art\u00edstica en los establecimientos p\u00fablicos para poder acercar el arte a los ni\u00f1os, ni\u00f1as, primera infancia y adolescentes. Hay mucha creatividad y los sue\u00f1os de ellos est\u00e1n aqu\u00ed plasmados, podemos ver maravillosos trabajos de animales, del contacto con la naturaleza en una regi\u00f3n donde tenemos mucha naturaleza y tenemos que saber apreciarla. Los ni\u00f1os y j\u00f3venes nos transmiten aqu\u00ed toda su imaginaci\u00f3n y toda su creatividad. Creo que es superimportante conocerlo porque es de ac\u00e1, de la Regi\u00f3n de Ays\u00e9n\u00bb.<\/span><\/p>\n<p style=\"text-align: justify;\"><span style=\"font-size: 12pt;\">Karina Ch\u00e1vez dirige el jard\u00edn infantil Bamb\u00edn Ges\u00fa de Puerto Ays\u00e9n, parte del programa Acciona este 2023: \u00abMe encant\u00f3 esta propuesta porque es transversal y re\u00fane a colegios y jardines. C\u00f3mo se entremezclan las creaciones de unos y otros me encanta. El trabajo de Acciona es el segundo a\u00f1o consecutivo en nuestro jard\u00edn infantil con los artistas y estamos muy agradecidos de este programa. Queremos seguir desarrollando la creatividad de los ni\u00f1os y las ni\u00f1as. Para los ni\u00f1os y ni\u00f1as esto es algo muy natural, el arte. Reciben muy bien a los artistas y se acoplan muy bien. Est\u00e1n muy dispuestos a trabajar y desarrollar diferentes experiencias de arte\u00bb.<\/span><\/p>\n<p class=\"v1elementToProof\" style=\"text-align: justify;\"><span style=\"font-size: 12pt;\">La muestra Sue\u00f1os Colectivos estar\u00e1 hasta mediados de enero en el Museo Regional de Ays\u00e9n. Se puede visitar de martes a viernes de\u00a010:00 a 19:00 h y los s\u00e1bado de\u00a015:00 a 19:00 h.<\/span><\/p>\n<p style=\"text-align: justify;\"><span style=\"font-size: 12pt;\">.<\/span><\/p>\n<\/div><\/section><\/div><div  style='height:50px' class='hr hr-invisible   avia-builder-el-6  el_after_av_one_full  el_before_av_social_share '><span class='hr-inner ' ><span class='hr-inner-style'><\/span><\/span><\/div><\/p>\n<div  class='av-social-sharing-box  avia-builder-el-7  el_after_av_hr  el_before_av_hr  '><div class='av-share-box'><h5 class='av-share-link-description av-no-toc '>Compartir esta noticia<\/h5><ul class='av-share-box-list noLightbox'><li class='av-share-link av-social-link-facebook' ><a target=\"_blank\" aria-label=\"Compartir en Facebook\" href='https:\/\/www.facebook.com\/sharer.php?u=https:\/\/radiorevelacionfm.cl\/?p=37984&#038;t=M%C3%A1s%20de%20600%20ni%C3%B1os%20y%20ni%C3%B1as%20de%20la%20regi%C3%B3n%20cierran%20programa%20Acciona%202023%20con%20muestra%20art%C3%ADstica%20en%20Museo%20Regional%20de%20Ays%C3%A9n' aria-hidden='false' data-av_icon='\ue8f3' data-av_iconfont='entypo-fontello' title='' data-avia-related-tooltip='Compartir en Facebook' rel=\"noopener\"><span class='avia_hidden_link_text'>Compartir en Facebook<\/span><\/a><\/li><li class='av-share-link av-social-link-twitter' ><a target=\"_blank\" aria-label=\"Compartir en Twitter\" href='https:\/\/twitter.com\/share?text=M%C3%A1s%20de%20600%20ni%C3%B1os%20y%20ni%C3%B1as%20de%20la%20regi%C3%B3n%20cierran%20programa%20Acciona%202023%20con%20muestra%20art%C3%ADstica%20en%20Museo%20Regional%20de%20Ays%C3%A9n&#038;url=https:\/\/radiorevelacionfm.cl\/?p=37984' aria-hidden='false' data-av_icon='\ue8f1' data-av_iconfont='entypo-fontello' title='' data-avia-related-tooltip='Compartir en Twitter' rel=\"noopener\"><span class='avia_hidden_link_text'>Compartir en Twitter<\/span><\/a><\/li><li class='av-share-link av-social-link-whatsapp' ><a target=\"_blank\" aria-label=\"Compartir en Whatsapp\" href='https:\/\/api.whatsapp.com\/send?text=https:\/\/radiorevelacionfm.cl\/?p=37984' aria-hidden='false' data-av_icon='\uf232' data-av_iconfont='entypo-fontello' title='' data-avia-related-tooltip='Compartir en Whatsapp' rel=\"noopener\"><span class='avia_hidden_link_text'>Compartir en Whatsapp<\/span><\/a><\/li><li class='av-share-link av-social-link-linkedin' ><a target=\"_blank\" aria-label=\"Compartir en LinkedIn\" href='https:\/\/linkedin.com\/shareArticle?mini=true&#038;title=M%C3%A1s%20de%20600%20ni%C3%B1os%20y%20ni%C3%B1as%20de%20la%20regi%C3%B3n%20cierran%20programa%20Acciona%202023%20con%20muestra%20art%C3%ADstica%20en%20Museo%20Regional%20de%20Ays%C3%A9n&#038;url=https:\/\/radiorevelacionfm.cl\/?p=37984' aria-hidden='false' data-av_icon='\ue8fc' data-av_iconfont='entypo-fontello' title='' data-avia-related-tooltip='Compartir en LinkedIn' rel=\"noopener\"><span class='avia_hidden_link_text'>Compartir en LinkedIn<\/span><\/a><\/li><li class='av-share-link av-social-link-mail' ><a  aria-label=\"Compartir por correo\" href='mailto:?subject=M%C3%A1s%20de%20600%20ni%C3%B1os%20y%20ni%C3%B1as%20de%20la%20regi%C3%B3n%20cierran%20programa%20Acciona%202023%20con%20muestra%20art%C3%ADstica%20en%20Museo%20Regional%20de%20Ays%C3%A9n&#038;body=https:\/\/radiorevelacionfm.cl\/?p=37984' aria-hidden='false' data-av_icon='\ue805' data-av_iconfont='entypo-fontello' title='' data-avia-related-tooltip='Compartir por correo'><span class='avia_hidden_link_text'>Compartir por correo<\/span><\/a><\/li><\/ul><\/div><\/div>\n<div  style='height:50px' class='hr hr-invisible   avia-builder-el-8  el_after_av_social_share  el_before_av_comments_list '><span class='hr-inner ' ><span class='hr-inner-style'><\/span><\/span><\/div>\n<div  class='av-buildercomment  av-blog-meta-html-info-disabled av-blog-meta-tag-disabled  '><\/div>\n","protected":false},"excerpt":{"rendered":"","protected":false},"author":1,"featured_media":37985,"comment_status":"open","ping_status":"open","sticky":false,"template":"","format":"standard","meta":{"footnotes":""},"categories":[52],"tags":[],"class_list":["post-37984","post","type-post","status-publish","format-standard","has-post-thumbnail","hentry","category-cultura"],"jetpack_featured_media_url":"https:\/\/radiorevelacionfm.cl\/wp-content\/uploads\/2023\/12\/muestra-acciona8-1-1.jpg","_links":{"self":[{"href":"https:\/\/radiorevelacionfm.cl\/index.php?rest_route=\/wp\/v2\/posts\/37984","targetHints":{"allow":["GET"]}}],"collection":[{"href":"https:\/\/radiorevelacionfm.cl\/index.php?rest_route=\/wp\/v2\/posts"}],"about":[{"href":"https:\/\/radiorevelacionfm.cl\/index.php?rest_route=\/wp\/v2\/types\/post"}],"author":[{"embeddable":true,"href":"https:\/\/radiorevelacionfm.cl\/index.php?rest_route=\/wp\/v2\/users\/1"}],"replies":[{"embeddable":true,"href":"https:\/\/radiorevelacionfm.cl\/index.php?rest_route=%2Fwp%2Fv2%2Fcomments&post=37984"}],"version-history":[{"count":1,"href":"https:\/\/radiorevelacionfm.cl\/index.php?rest_route=\/wp\/v2\/posts\/37984\/revisions"}],"predecessor-version":[{"id":37986,"href":"https:\/\/radiorevelacionfm.cl\/index.php?rest_route=\/wp\/v2\/posts\/37984\/revisions\/37986"}],"wp:featuredmedia":[{"embeddable":true,"href":"https:\/\/radiorevelacionfm.cl\/index.php?rest_route=\/wp\/v2\/media\/37985"}],"wp:attachment":[{"href":"https:\/\/radiorevelacionfm.cl\/index.php?rest_route=%2Fwp%2Fv2%2Fmedia&parent=37984"}],"wp:term":[{"taxonomy":"category","embeddable":true,"href":"https:\/\/radiorevelacionfm.cl\/index.php?rest_route=%2Fwp%2Fv2%2Fcategories&post=37984"},{"taxonomy":"post_tag","embeddable":true,"href":"https:\/\/radiorevelacionfm.cl\/index.php?rest_route=%2Fwp%2Fv2%2Ftags&post=37984"}],"curies":[{"name":"wp","href":"https:\/\/api.w.org\/{rel}","templated":true}]}}