{"id":37981,"date":"2023-12-13T22:17:26","date_gmt":"2023-12-14T01:17:26","guid":{"rendered":"https:\/\/radiorevelacionfm.cl\/?p=37981"},"modified":"2023-12-13T22:17:26","modified_gmt":"2023-12-14T01:17:26","slug":"diez-internos-del-ccp-coyhaique-se-certifican-tras-finalizar-curso-en-revestimiento-de-superficies-en-pintura-y-papel","status":"publish","type":"post","link":"https:\/\/radiorevelacionfm.cl\/?p=37981","title":{"rendered":"Diez internos del CCP Coyhaique se certifican tras finalizar curso en Revestimiento de superficies en pintura y papel"},"content":{"rendered":"<div class=\"flex_column av_one_full  flex_column_div av-zero-column-padding first  avia-builder-el-0  el_before_av_one_full  avia-builder-el-first  \" style='border-radius:0px; '><div  class='avia-image-container  av-styling-    avia-builder-el-1  avia-builder-el-no-sibling  avia-align-center '  itemprop=\"image\" itemscope=\"itemscope\" itemtype=\"https:\/\/schema.org\/ImageObject\"  ><div class='avia-image-container-inner'><div class='avia-image-overlay-wrap'><img decoding=\"async\" class='wp-image-37982 avia-img-lazy-loading-not-37982 avia_image' src=\"https:\/\/radiorevelacionfm.cl\/wp-content\/uploads\/2023\/12\/curso-R-2-2-2.jpg\" alt='' title='curso + R 2-2-2' height=\"600\" width=\"900\"  itemprop=\"thumbnailUrl\" srcset=\"https:\/\/radiorevelacionfm.cl\/wp-content\/uploads\/2023\/12\/curso-R-2-2-2.jpg 900w, https:\/\/radiorevelacionfm.cl\/wp-content\/uploads\/2023\/12\/curso-R-2-2-2-300x200.jpg 300w, https:\/\/radiorevelacionfm.cl\/wp-content\/uploads\/2023\/12\/curso-R-2-2-2-768x512.jpg 768w, https:\/\/radiorevelacionfm.cl\/wp-content\/uploads\/2023\/12\/curso-R-2-2-2-705x470.jpg 705w, https:\/\/radiorevelacionfm.cl\/wp-content\/uploads\/2023\/12\/curso-R-2-2-2-450x300.jpg 450w, https:\/\/radiorevelacionfm.cl\/wp-content\/uploads\/2023\/12\/curso-R-2-2-2-600x400.jpg 600w\" sizes=\"(max-width: 900px) 100vw, 900px\" \/><\/div><\/div><\/div><\/div><div class=\"flex_column av_one_full  flex_column_div av-zero-column-padding first  avia-builder-el-2  el_after_av_one_full  el_before_av_one_full  column-top-margin\" style='border-radius:0px; '><section class=\"av_textblock_section \"  itemscope=\"itemscope\" itemtype=\"https:\/\/schema.org\/BlogPosting\" itemprop=\"blogPost\" ><div class='avia_textblock  '   itemprop=\"text\" ><p style=\"text-align: center;\"><span style=\"font-size: 18pt;\"><strong>Diez internos del CCP Coyhaique se certifican tras finalizar curso en Revestimiento de superficies en pintura y papel<\/strong><\/span><\/p>\n<div id=\"gtx-trans\" style=\"position: absolute; left: -50px; top: 4.31534px;\">\n<div class=\"gtx-trans-icon\"><\/div>\n<\/div>\n<\/div><\/section><\/div><div class=\"flex_column av_one_full  flex_column_div av-zero-column-padding first  avia-builder-el-4  el_after_av_one_full  el_before_av_hr  column-top-margin\" style='border-radius:0px; '><section class=\"av_textblock_section \"  itemscope=\"itemscope\" itemtype=\"https:\/\/schema.org\/BlogPosting\" itemprop=\"blogPost\" ><div class='avia_textblock  '   itemprop=\"text\" ><p style=\"text-align: justify;\">En una solemne ceremonia llevada a cabo este mi\u00e9rcoles en dependencias del Centro de Cumplimiento Penitenciario de Coyhaique, nueve hombres y una mujer recibieron su diploma de certificaci\u00f3n tras concluir el curso denominado \u201cRevestimiento de superficies en pintura y papel\u201d, iniciativa enmarcada en el Proyecto +R a\u00f1o 2023.<\/p>\n<p style=\"text-align: justify;\">Cabe mencionar que esta actividad se ejecut\u00f3 en el marco del programa F\u00f3rmate para el Trabajo, l\u00ednea Infractores de Ley, Proyecto +R 2023, que es implementada en conjunto con el Ministerio de Justicia y Derechos Humanos, Gendarmer\u00eda de Chile y el sector privado y que tiene como objetivo instaurar una pol\u00edtica p\u00fablica que ponga \u00e9nfasis en la alianza p\u00fablica-privada, mediante un modelo de gesti\u00f3n integral, que incorpora procesos de intervenci\u00f3n, preparaci\u00f3n para el egreso y de integraci\u00f3n a la comunidad.<\/p>\n<p style=\"text-align: justify;\">Uno de los alumnos de este curso, Juan Pinilla explic\u00f3 que \u201ces muy importante porque me va a servir para desempe\u00f1arme en alguna labor, porque la verdad es que yo se trabajar en hartas cosas, pero en este caso por haber cometido un delito a uno se le manchan los papeles y es dificil encontrar una empresa que nos acoja y nos de trabajo por nuestros antecedentes, entonces que se haya dado esta oportunidad y que hayan pensado en el presente de los internos y capacitarnos para mi fue una muy buena idea y saqu\u00e9 todo lo que pude de provecho al curso, y hoy nos estamos recibiendo, as\u00ed que espero reinsertarme prontamente en la sociedad y tener un cupo laboral que en este caso es para sacar adelante a nuestras familias\u201d.<\/p>\n<p style=\"text-align: justify;\">Mientras que el Seremi de Justicia y Derechos Humanos, Samuel Navarro se\u00f1al\u00f3 que \u201cconsideramos que esta oferta de capacitaci\u00f3n apunta en la direcci\u00f3n correcta de avanzar en una reinserci\u00f3n social de entregar herramientas, elementos, y estas entregas que no solamente es una capacitaci\u00f3n, sino una certificaci\u00f3n adem\u00e1s en una alianza p\u00fablico privada con una empresa externa, con el Sence tambi\u00e9n, que considera adem\u00e1s la eventual colocaci\u00f3n laboral de las personas que realizan esta capacitaci\u00f3n, por lo tanto es una oportunidad, una ventana integral para que en este caso personas privadas de libertad que desarrollan estas habilidades y competencias, y que con posterioridad pueden tener una colocaci\u00f3n laboral una vez que cumplan sus condenas y egresen del sistema penitenciario\u201d.<\/p>\n<p style=\"text-align: justify;\">Por su parte, el Director Regional del Servicio de Capacitaci\u00f3n y Empleo (SENCE) Nelson Garrido se\u00f1al\u00f3 que \u201ces una tremenda motivaci\u00f3n para el servicio, sabemos que son muchas las l\u00edneas del SENCE y esta es una l\u00ednea muy querida porque tiene que ver con la inclusi\u00f3n y hoy d\u00eda adem\u00e1s estamos hablando de que el concepto de g\u00e9nero lo hemos podido tener en esta l\u00ednea, y lo que queremos hacer es un apoyo m\u00e1s para entregarle herramientas en su reinserci\u00f3n en poder enmendar el camino y ser un apoyo desde el Servicio Nacional de Capacitaci\u00f3n y Empleo en conjunto con otros organismos del estado\u201d.<\/p>\n<p style=\"text-align: justify;\">En tanto, el alcaide del Centro de Cumplimiento Penitenciario de Coyhaique Teniente Coronel Alvaro L\u00f3pez Acu\u00f1a se\u00f1al\u00f3 que este es un trabajo en conjunto nosolamente de Gendarmer\u00eda, contamos con el apoyo de la empresa privada, del Ministerio de Justicia y Derechos Humanos, el Sence, son muchos otros actores que a veces en el papel no est\u00e1n pero que ayudan a quienes m\u00e1s lo necesitan, hoy d\u00eda el capacitar a las personas, entregarles conocimiento una vez que salgan de ac\u00e1 y que puedan desarrollar un trabajo honesto y poder ayudar a sus familias es algo muy importante\u201d.<\/p>\n<p style=\"text-align: justify;\">Finalmente, cabe mencionar que el curso de capacitaci\u00f3n denominado \u00abRevestimiento de superficies con pintura y papel\u00bb se inici\u00f3 en septiembre pasado, consider\u00f3 236 horas en su ejecuci\u00f3n y estuvo a cargo de la OTEC Gestcap Chile Ltda.<\/p>\n<\/div><\/section><\/div><div  style='height:50px' class='hr hr-invisible   avia-builder-el-6  el_after_av_one_full  el_before_av_social_share '><span class='hr-inner ' ><span class='hr-inner-style'><\/span><\/span><\/div><\/p>\n<div  class='av-social-sharing-box  avia-builder-el-7  el_after_av_hr  el_before_av_hr  '><div class='av-share-box'><h5 class='av-share-link-description av-no-toc '>Compartir esta noticia<\/h5><ul class='av-share-box-list noLightbox'><li class='av-share-link av-social-link-facebook' ><a target=\"_blank\" aria-label=\"Compartir en Facebook\" href='https:\/\/www.facebook.com\/sharer.php?u=https:\/\/radiorevelacionfm.cl\/?p=37981&#038;t=Diez%20internos%20del%20CCP%20Coyhaique%20se%20certifican%20tras%20finalizar%20curso%20en%20Revestimiento%20de%20superficies%20en%20pintura%20y%20papel' aria-hidden='false' data-av_icon='\ue8f3' data-av_iconfont='entypo-fontello' title='' data-avia-related-tooltip='Compartir en Facebook' rel=\"noopener\"><span class='avia_hidden_link_text'>Compartir en Facebook<\/span><\/a><\/li><li class='av-share-link av-social-link-twitter' ><a target=\"_blank\" aria-label=\"Compartir en Twitter\" href='https:\/\/twitter.com\/share?text=Diez%20internos%20del%20CCP%20Coyhaique%20se%20certifican%20tras%20finalizar%20curso%20en%20Revestimiento%20de%20superficies%20en%20pintura%20y%20papel&#038;url=https:\/\/radiorevelacionfm.cl\/?p=37981' aria-hidden='false' data-av_icon='\ue8f1' data-av_iconfont='entypo-fontello' title='' data-avia-related-tooltip='Compartir en Twitter' rel=\"noopener\"><span class='avia_hidden_link_text'>Compartir en Twitter<\/span><\/a><\/li><li class='av-share-link av-social-link-whatsapp' ><a target=\"_blank\" aria-label=\"Compartir en Whatsapp\" href='https:\/\/api.whatsapp.com\/send?text=https:\/\/radiorevelacionfm.cl\/?p=37981' aria-hidden='false' data-av_icon='\uf232' data-av_iconfont='entypo-fontello' title='' data-avia-related-tooltip='Compartir en Whatsapp' rel=\"noopener\"><span class='avia_hidden_link_text'>Compartir en Whatsapp<\/span><\/a><\/li><li class='av-share-link av-social-link-linkedin' ><a target=\"_blank\" aria-label=\"Compartir en LinkedIn\" href='https:\/\/linkedin.com\/shareArticle?mini=true&#038;title=Diez%20internos%20del%20CCP%20Coyhaique%20se%20certifican%20tras%20finalizar%20curso%20en%20Revestimiento%20de%20superficies%20en%20pintura%20y%20papel&#038;url=https:\/\/radiorevelacionfm.cl\/?p=37981' aria-hidden='false' data-av_icon='\ue8fc' data-av_iconfont='entypo-fontello' title='' data-avia-related-tooltip='Compartir en LinkedIn' rel=\"noopener\"><span class='avia_hidden_link_text'>Compartir en LinkedIn<\/span><\/a><\/li><li class='av-share-link av-social-link-mail' ><a  aria-label=\"Compartir por correo\" href='mailto:?subject=Diez%20internos%20del%20CCP%20Coyhaique%20se%20certifican%20tras%20finalizar%20curso%20en%20Revestimiento%20de%20superficies%20en%20pintura%20y%20papel&#038;body=https:\/\/radiorevelacionfm.cl\/?p=37981' aria-hidden='false' data-av_icon='\ue805' data-av_iconfont='entypo-fontello' title='' data-avia-related-tooltip='Compartir por correo'><span class='avia_hidden_link_text'>Compartir por correo<\/span><\/a><\/li><\/ul><\/div><\/div>\n<div  style='height:50px' class='hr hr-invisible   avia-builder-el-8  el_after_av_social_share  el_before_av_comments_list '><span class='hr-inner ' ><span class='hr-inner-style'><\/span><\/span><\/div>\n<div  class='av-buildercomment  av-blog-meta-html-info-disabled av-blog-meta-tag-disabled  '><\/div>\n","protected":false},"excerpt":{"rendered":"","protected":false},"author":1,"featured_media":37982,"comment_status":"open","ping_status":"open","sticky":false,"template":"","format":"standard","meta":{"footnotes":""},"categories":[38],"tags":[],"class_list":["post-37981","post","type-post","status-publish","format-standard","has-post-thumbnail","hentry","category-regional"],"jetpack_featured_media_url":"https:\/\/radiorevelacionfm.cl\/wp-content\/uploads\/2023\/12\/curso-R-2-2-2.jpg","_links":{"self":[{"href":"https:\/\/radiorevelacionfm.cl\/index.php?rest_route=\/wp\/v2\/posts\/37981","targetHints":{"allow":["GET"]}}],"collection":[{"href":"https:\/\/radiorevelacionfm.cl\/index.php?rest_route=\/wp\/v2\/posts"}],"about":[{"href":"https:\/\/radiorevelacionfm.cl\/index.php?rest_route=\/wp\/v2\/types\/post"}],"author":[{"embeddable":true,"href":"https:\/\/radiorevelacionfm.cl\/index.php?rest_route=\/wp\/v2\/users\/1"}],"replies":[{"embeddable":true,"href":"https:\/\/radiorevelacionfm.cl\/index.php?rest_route=%2Fwp%2Fv2%2Fcomments&post=37981"}],"version-history":[{"count":1,"href":"https:\/\/radiorevelacionfm.cl\/index.php?rest_route=\/wp\/v2\/posts\/37981\/revisions"}],"predecessor-version":[{"id":37983,"href":"https:\/\/radiorevelacionfm.cl\/index.php?rest_route=\/wp\/v2\/posts\/37981\/revisions\/37983"}],"wp:featuredmedia":[{"embeddable":true,"href":"https:\/\/radiorevelacionfm.cl\/index.php?rest_route=\/wp\/v2\/media\/37982"}],"wp:attachment":[{"href":"https:\/\/radiorevelacionfm.cl\/index.php?rest_route=%2Fwp%2Fv2%2Fmedia&parent=37981"}],"wp:term":[{"taxonomy":"category","embeddable":true,"href":"https:\/\/radiorevelacionfm.cl\/index.php?rest_route=%2Fwp%2Fv2%2Fcategories&post=37981"},{"taxonomy":"post_tag","embeddable":true,"href":"https:\/\/radiorevelacionfm.cl\/index.php?rest_route=%2Fwp%2Fv2%2Ftags&post=37981"}],"curies":[{"name":"wp","href":"https:\/\/api.w.org\/{rel}","templated":true}]}}