{"id":37976,"date":"2023-12-13T21:49:34","date_gmt":"2023-12-14T00:49:34","guid":{"rendered":"https:\/\/radiorevelacionfm.cl\/?p=37976"},"modified":"2023-12-13T21:49:34","modified_gmt":"2023-12-14T00:49:34","slug":"destacada-participacion-de-esgrimistas-de-escuela-14-aysen-en-campeonato-chile","status":"publish","type":"post","link":"https:\/\/radiorevelacionfm.cl\/?p=37976","title":{"rendered":"Destacada participaci\u00f3n de esgrimistas de Escuela 14 Ays\u00e9n en Campeonato Chile"},"content":{"rendered":"<div class=\"flex_column av_one_full  flex_column_div av-zero-column-padding first  avia-builder-el-0  el_before_av_one_full  avia-builder-el-first  \" style='border-radius:0px; '><div  class='avia-image-container  av-styling-    avia-builder-el-1  avia-builder-el-no-sibling  avia-align-center '  itemprop=\"image\" itemscope=\"itemscope\" itemtype=\"https:\/\/schema.org\/ImageObject\"  ><div class='avia-image-container-inner'><div class='avia-image-overlay-wrap'><img decoding=\"async\" class='wp-image-37978 avia-img-lazy-loading-not-37978 avia_image' src=\"https:\/\/radiorevelacionfm.cl\/wp-content\/uploads\/2023\/12\/foto3-8-1-1.jpg\" alt='' title='foto3 (8) (1) (1)' height=\"600\" width=\"1336\"  itemprop=\"thumbnailUrl\" srcset=\"https:\/\/radiorevelacionfm.cl\/wp-content\/uploads\/2023\/12\/foto3-8-1-1.jpg 1336w, https:\/\/radiorevelacionfm.cl\/wp-content\/uploads\/2023\/12\/foto3-8-1-1-300x135.jpg 300w, https:\/\/radiorevelacionfm.cl\/wp-content\/uploads\/2023\/12\/foto3-8-1-1-1030x463.jpg 1030w, https:\/\/radiorevelacionfm.cl\/wp-content\/uploads\/2023\/12\/foto3-8-1-1-768x345.jpg 768w, https:\/\/radiorevelacionfm.cl\/wp-content\/uploads\/2023\/12\/foto3-8-1-1-705x317.jpg 705w, https:\/\/radiorevelacionfm.cl\/wp-content\/uploads\/2023\/12\/foto3-8-1-1-450x202.jpg 450w, https:\/\/radiorevelacionfm.cl\/wp-content\/uploads\/2023\/12\/foto3-8-1-1-600x269.jpg 600w\" sizes=\"(max-width: 1336px) 100vw, 1336px\" \/><\/div><\/div><\/div><\/div><div class=\"flex_column av_one_full  flex_column_div av-zero-column-padding first  avia-builder-el-2  el_after_av_one_full  el_before_av_one_full  column-top-margin\" style='border-radius:0px; '><section class=\"av_textblock_section \"  itemscope=\"itemscope\" itemtype=\"https:\/\/schema.org\/BlogPosting\" itemprop=\"blogPost\" ><div class='avia_textblock  '   itemprop=\"text\" ><h2 class=\"title\" style=\"text-align: center;\"><span style=\"font-size: 18pt;\"><b>Destacada participaci\u00f3n de esgrimistas de Escuela 14 Ays\u00e9n en Campeonato Chile<\/b><\/span><\/h2>\n<div id=\"gtx-trans\" style=\"position: absolute; left: -50px; top: 4.31534px;\">\n<div class=\"gtx-trans-icon\"><\/div>\n<\/div>\n<\/div><\/section><\/div><div class=\"flex_column av_one_full  flex_column_div av-zero-column-padding first  avia-builder-el-4  el_after_av_one_full  el_before_av_hr  column-top-margin\" style='border-radius:0px; '><section class=\"av_textblock_section \"  itemscope=\"itemscope\" itemtype=\"https:\/\/schema.org\/BlogPosting\" itemprop=\"blogPost\" ><div class='avia_textblock  '   itemprop=\"text\" ><p style=\"text-align: justify;\">El fin de semana pasado, en las dependencias de la Federaci\u00f3n Chilena de Esgrima (FECHE) en Santiago y con la presencia de deportistas de todo el pa\u00eds, se realiz\u00f3 el Campeonato Chile, donde las y los representantes de Coyhaique obtuvieron importantes logros. Con esto, la Escuela de Esgrima de nuestra regi\u00f3n, contin\u00faa posicion\u00e1ndose como uno de los mejores clubes del pa\u00eds en cuanto a desempe\u00f1o en competencias nacionales.<br \/>\nMart\u00edn Matamala se coron\u00f3 como Doble Campe\u00f3n de Chile, obteniendo medalla de oro en dos armas distintas, Espada y Florete, ambas en categor\u00eda Pre-cadete.<br \/>\nPor su parte Sara Pinilla Zabala, Campeona de Chile, obtuvo medalla de oro en Florete Sub11; y Josefa S\u00e1ez G\u00f3mez, tambi\u00e9n Campeona de Chile, alcanz\u00f3 la medalla de oro en Espada Pre-cadete<br \/>\nLa tambi\u00e9n deportista de la Escuela 14 Ays\u00e9n, ahora estudiante universitaria Ignacia Ja\u00f1a Oyarz\u00fan, se coron\u00f3 como Vice-Campeona Nacional en Florete Juvenil.<br \/>\nOtros deportistas que tambi\u00e9n alcanzaron podio en este Campeonato fueron:<\/p>\n<ul style=\"text-align: justify;\">\n<li>Victoria S\u00e1ez G\u00f3mez, medalla de plata, Espada Sub11 y medalla de bronce Espada Sub13<\/li>\n<li>Ignacio Godoy Campos, medalla de plata Espada Sub11.<\/li>\n<li>Sof\u00eda Vargas Nahuelqu\u00edn, medalla de bronce, Florete Sub11.<\/li>\n<li>Nicol Jaque Vega, medalla de bronce, Florete Cadete.<\/li>\n<li>Felipe Sol\u00eds D\u00edaz, medalla de bronce, Florete Sub11.<\/li>\n<li>Sara Pinilla y Sofia Vargas, medalla de bronce Espada Sub11.<\/li>\n<\/ul>\n<div style=\"text-align: justify;\"><\/div>\n<\/div><\/section><\/div><div  style='height:50px' class='hr hr-invisible   avia-builder-el-6  el_after_av_one_full  el_before_av_social_share '><span class='hr-inner ' ><span class='hr-inner-style'><\/span><\/span><\/div><\/p>\n<div  class='av-social-sharing-box  avia-builder-el-7  el_after_av_hr  el_before_av_hr  '><div class='av-share-box'><h5 class='av-share-link-description av-no-toc '>Compartir esta noticia<\/h5><ul class='av-share-box-list noLightbox'><li class='av-share-link av-social-link-facebook' ><a target=\"_blank\" aria-label=\"Compartir en Facebook\" href='https:\/\/www.facebook.com\/sharer.php?u=https:\/\/radiorevelacionfm.cl\/?p=37976&#038;t=Destacada%20participaci%C3%B3n%20de%20esgrimistas%20de%20Escuela%2014%20Ays%C3%A9n%20en%20Campeonato%20Chile' aria-hidden='false' data-av_icon='\ue8f3' data-av_iconfont='entypo-fontello' title='' data-avia-related-tooltip='Compartir en Facebook' rel=\"noopener\"><span class='avia_hidden_link_text'>Compartir en Facebook<\/span><\/a><\/li><li class='av-share-link av-social-link-twitter' ><a target=\"_blank\" aria-label=\"Compartir en Twitter\" href='https:\/\/twitter.com\/share?text=Destacada%20participaci%C3%B3n%20de%20esgrimistas%20de%20Escuela%2014%20Ays%C3%A9n%20en%20Campeonato%20Chile&#038;url=https:\/\/radiorevelacionfm.cl\/?p=37976' aria-hidden='false' data-av_icon='\ue8f1' data-av_iconfont='entypo-fontello' title='' data-avia-related-tooltip='Compartir en Twitter' rel=\"noopener\"><span class='avia_hidden_link_text'>Compartir en Twitter<\/span><\/a><\/li><li class='av-share-link av-social-link-whatsapp' ><a target=\"_blank\" aria-label=\"Compartir en Whatsapp\" href='https:\/\/api.whatsapp.com\/send?text=https:\/\/radiorevelacionfm.cl\/?p=37976' aria-hidden='false' data-av_icon='\uf232' data-av_iconfont='entypo-fontello' title='' data-avia-related-tooltip='Compartir en Whatsapp' rel=\"noopener\"><span class='avia_hidden_link_text'>Compartir en Whatsapp<\/span><\/a><\/li><li class='av-share-link av-social-link-linkedin' ><a target=\"_blank\" aria-label=\"Compartir en LinkedIn\" href='https:\/\/linkedin.com\/shareArticle?mini=true&#038;title=Destacada%20participaci%C3%B3n%20de%20esgrimistas%20de%20Escuela%2014%20Ays%C3%A9n%20en%20Campeonato%20Chile&#038;url=https:\/\/radiorevelacionfm.cl\/?p=37976' aria-hidden='false' data-av_icon='\ue8fc' data-av_iconfont='entypo-fontello' title='' data-avia-related-tooltip='Compartir en LinkedIn' rel=\"noopener\"><span class='avia_hidden_link_text'>Compartir en LinkedIn<\/span><\/a><\/li><li class='av-share-link av-social-link-mail' ><a  aria-label=\"Compartir por correo\" href='mailto:?subject=Destacada%20participaci%C3%B3n%20de%20esgrimistas%20de%20Escuela%2014%20Ays%C3%A9n%20en%20Campeonato%20Chile&#038;body=https:\/\/radiorevelacionfm.cl\/?p=37976' aria-hidden='false' data-av_icon='\ue805' data-av_iconfont='entypo-fontello' title='' data-avia-related-tooltip='Compartir por correo'><span class='avia_hidden_link_text'>Compartir por correo<\/span><\/a><\/li><\/ul><\/div><\/div>\n<div  style='height:50px' class='hr hr-invisible   avia-builder-el-8  el_after_av_social_share  el_before_av_comments_list '><span class='hr-inner ' ><span class='hr-inner-style'><\/span><\/span><\/div>\n<div  class='av-buildercomment  av-blog-meta-html-info-disabled av-blog-meta-tag-disabled  '><\/div>\n","protected":false},"excerpt":{"rendered":"","protected":false},"author":1,"featured_media":37978,"comment_status":"open","ping_status":"open","sticky":false,"template":"","format":"standard","meta":{"footnotes":""},"categories":[40],"tags":[],"class_list":["post-37976","post","type-post","status-publish","format-standard","has-post-thumbnail","hentry","category-deportes"],"jetpack_featured_media_url":"https:\/\/radiorevelacionfm.cl\/wp-content\/uploads\/2023\/12\/foto3-8-1-1.jpg","_links":{"self":[{"href":"https:\/\/radiorevelacionfm.cl\/index.php?rest_route=\/wp\/v2\/posts\/37976","targetHints":{"allow":["GET"]}}],"collection":[{"href":"https:\/\/radiorevelacionfm.cl\/index.php?rest_route=\/wp\/v2\/posts"}],"about":[{"href":"https:\/\/radiorevelacionfm.cl\/index.php?rest_route=\/wp\/v2\/types\/post"}],"author":[{"embeddable":true,"href":"https:\/\/radiorevelacionfm.cl\/index.php?rest_route=\/wp\/v2\/users\/1"}],"replies":[{"embeddable":true,"href":"https:\/\/radiorevelacionfm.cl\/index.php?rest_route=%2Fwp%2Fv2%2Fcomments&post=37976"}],"version-history":[{"count":1,"href":"https:\/\/radiorevelacionfm.cl\/index.php?rest_route=\/wp\/v2\/posts\/37976\/revisions"}],"predecessor-version":[{"id":37980,"href":"https:\/\/radiorevelacionfm.cl\/index.php?rest_route=\/wp\/v2\/posts\/37976\/revisions\/37980"}],"wp:featuredmedia":[{"embeddable":true,"href":"https:\/\/radiorevelacionfm.cl\/index.php?rest_route=\/wp\/v2\/media\/37978"}],"wp:attachment":[{"href":"https:\/\/radiorevelacionfm.cl\/index.php?rest_route=%2Fwp%2Fv2%2Fmedia&parent=37976"}],"wp:term":[{"taxonomy":"category","embeddable":true,"href":"https:\/\/radiorevelacionfm.cl\/index.php?rest_route=%2Fwp%2Fv2%2Fcategories&post=37976"},{"taxonomy":"post_tag","embeddable":true,"href":"https:\/\/radiorevelacionfm.cl\/index.php?rest_route=%2Fwp%2Fv2%2Ftags&post=37976"}],"curies":[{"name":"wp","href":"https:\/\/api.w.org\/{rel}","templated":true}]}}