{"id":37973,"date":"2023-12-13T21:49:31","date_gmt":"2023-12-14T00:49:31","guid":{"rendered":"https:\/\/radiorevelacionfm.cl\/?p=37973"},"modified":"2023-12-13T21:49:31","modified_gmt":"2023-12-14T00:49:31","slug":"seremi-de-agricultura-invita-a-productores-y-productoras-de-aysen-a-conocer-y-utilizar-agroseguros","status":"publish","type":"post","link":"https:\/\/radiorevelacionfm.cl\/?p=37973","title":{"rendered":"Seremi de Agricultura invita a productores y productoras de Ays\u00e9n a conocer y utilizar Agroseguros"},"content":{"rendered":"<div class=\"flex_column av_one_full  flex_column_div av-zero-column-padding first  avia-builder-el-0  el_before_av_one_full  avia-builder-el-first  \" style='border-radius:0px; '><div  class='avia-image-container  av-styling-    avia-builder-el-1  avia-builder-el-no-sibling  avia-align-center '  itemprop=\"image\" itemscope=\"itemscope\" itemtype=\"https:\/\/schema.org\/ImageObject\"  ><div class='avia-image-container-inner'><div class='avia-image-overlay-wrap'><img decoding=\"async\" class='wp-image-37977 avia-img-lazy-loading-not-37977 avia_image' src=\"https:\/\/radiorevelacionfm.cl\/wp-content\/uploads\/2023\/12\/image-152-2_optimized.jpg\" alt='' title='image-152-2_optimized' height=\"600\" width=\"918\"  itemprop=\"thumbnailUrl\" srcset=\"https:\/\/radiorevelacionfm.cl\/wp-content\/uploads\/2023\/12\/image-152-2_optimized.jpg 918w, https:\/\/radiorevelacionfm.cl\/wp-content\/uploads\/2023\/12\/image-152-2_optimized-300x196.jpg 300w, https:\/\/radiorevelacionfm.cl\/wp-content\/uploads\/2023\/12\/image-152-2_optimized-768x502.jpg 768w, https:\/\/radiorevelacionfm.cl\/wp-content\/uploads\/2023\/12\/image-152-2_optimized-705x461.jpg 705w, https:\/\/radiorevelacionfm.cl\/wp-content\/uploads\/2023\/12\/image-152-2_optimized-450x294.jpg 450w, https:\/\/radiorevelacionfm.cl\/wp-content\/uploads\/2023\/12\/image-152-2_optimized-600x392.jpg 600w\" sizes=\"(max-width: 918px) 100vw, 918px\" \/><\/div><\/div><\/div><\/div><div class=\"flex_column av_one_full  flex_column_div av-zero-column-padding first  avia-builder-el-2  el_after_av_one_full  el_before_av_one_full  column-top-margin\" style='border-radius:0px; '><section class=\"av_textblock_section \"  itemscope=\"itemscope\" itemtype=\"https:\/\/schema.org\/BlogPosting\" itemprop=\"blogPost\" ><div class='avia_textblock  '   itemprop=\"text\" ><p style=\"text-align: center;\"><span style=\"font-size: 18pt;\"><b>Seremi de Agricultura invita a productores y productoras de Ays\u00e9n a conocer y utilizar Agroseguros<\/b>\u00a0\u00a0<\/span><\/p>\n<div id=\"gtx-trans\" style=\"position: absolute; left: -50px; top: 4.31534px;\">\n<div class=\"gtx-trans-icon\"><\/div>\n<\/div>\n<\/div><\/section><\/div><div class=\"flex_column av_one_full  flex_column_div av-zero-column-padding first  avia-builder-el-4  el_after_av_one_full  el_before_av_hr  column-top-margin\" style='border-radius:0px; '><section class=\"av_textblock_section \"  itemscope=\"itemscope\" itemtype=\"https:\/\/schema.org\/BlogPosting\" itemprop=\"blogPost\" ><div class='avia_textblock  '   itemprop=\"text\" ><p style=\"text-align: justify;\">El Seremi de Agricultura de Ays\u00e9n, Alan Espinoza Ortiz, realiz\u00f3 un llamado a conocer y utilizar los servicios ofrecidos por Agroseguros. El cual tiene como objetivo principal indemnizar a los agricultores\/as en caso de p\u00e9rdidas ocasionadas por fen\u00f3menos clim\u00e1ticos adversos, enfermedades u otros siniestros, sin importar el tama\u00f1o o tipo de actividad agropecuaria.<\/p>\n<p style=\"text-align: justify;\">Agroseguros apoya a trav\u00e9s de un subsidio la contrataci\u00f3n de las primas de los Seguros Agropecuarios, facilitando as\u00ed el acceso de las y los agricultores a esta herramienta de protecci\u00f3n. En el caso de los usuarios de INDAP la contrataci\u00f3n del seguro corresponde al 5%, dado que el restante 95% es financiado por Agroseguros (50%) e INDAP (45%).<\/p>\n<p style=\"text-align: justify;\">\u00abEl subsidio estatal ofrecido reduce significativamente el costo del seguro, haciendo que esta herramienta sea m\u00e1s accesible para los productores. En el caso de los agricultores usuarios del INDAP, el subsidio puede alcanzar hasta un 95%, lo que permite que su contrataci\u00f3n sea m\u00e1s accesible a los peque\u00f1os productores\u00bb, se\u00f1al\u00f3 el Seremi Alan Espinoza Ortiz.<\/p>\n<p style=\"text-align: justify;\">En Ays\u00e9n, a trav\u00e9s de INDAP, se ofrece subsidio para contratar seguros en dos rubros principales: Ganado Bovino y Ganado Ovino. Ambos seguros brindan protecci\u00f3n contra muerte por accidente, enfermedad, robo\/abigeato, ataques de animales silvestres o asilvestrados, as\u00ed como eventos naturales como inundaciones y nieve.<\/p>\n<p style=\"text-align: justify;\">Tienen acceso al subsidio todos los productores agropecuarios con Iniciaci\u00f3n de Actividades ante el Servicio de Impuesto Internos (SII) y que sean contribuyentes del IVA. Tambi\u00e9n aquellos productores que no posean iniciaci\u00f3n de actividades, pero con montos asegurados que no superen la cantidad de 250 UF por temporada agr\u00edcola. Otros requisitos incluyen tener un Dispositivo de Identificaci\u00f3n Individual Oficial (DIIO), informar oportunamente el siniestro y firmar mandatos para percibir los subsidios a la prima.<\/p>\n<p style=\"text-align: justify;\">\u00abEn el caso de INDAP, super simple cedula de identidad. Por cierto, la solicitud de financiamiento cuando corresponda, la Declaraci\u00f3n de Existencia Animal, la DIIO,\u00a0 para otorgar la cobertura de la p\u00f3liza. Y aqu\u00ed hay animales que no tengan, ojal\u00e1 tener el arete para poder identificarlo en el caso sobre todo de los ovinos\u00bb, sintetiz\u00f3.<\/p>\n<p style=\"text-align: justify;\">Diversas compa\u00f1\u00edas de seguros operan en la regi\u00f3n, entre ellas HDI Seguros, Mapfre Seguros, Renta Nacional, Sura Seguros y Southbridge. Los usuarios de INDAP pueden acceder a los seguros directamente a trav\u00e9s de esa instituci\u00f3n.<\/p>\n<p style=\"text-align: justify;\">Los interesados pueden realizar el tr\u00e1mite en las Agencias de \u00c1rea de INDAP durante todo el a\u00f1o en todo el territorio nacional. Aquellos que no son usuarios pueden hacer consultas a trav\u00e9s del fono 67-212260<\/p>\n<\/div><\/section><\/div><div  style='height:50px' class='hr hr-invisible   avia-builder-el-6  el_after_av_one_full  el_before_av_social_share '><span class='hr-inner ' ><span class='hr-inner-style'><\/span><\/span><\/div><\/p>\n<div  class='av-social-sharing-box  avia-builder-el-7  el_after_av_hr  el_before_av_hr  '><div class='av-share-box'><h5 class='av-share-link-description av-no-toc '>Compartir esta noticia<\/h5><ul class='av-share-box-list noLightbox'><li class='av-share-link av-social-link-facebook' ><a target=\"_blank\" aria-label=\"Compartir en Facebook\" href='https:\/\/www.facebook.com\/sharer.php?u=https:\/\/radiorevelacionfm.cl\/?p=37973&#038;t=Seremi%20de%20Agricultura%20invita%20a%20productores%20y%20productoras%20de%20Ays%C3%A9n%20a%20conocer%20y%20utilizar%20Agroseguros' aria-hidden='false' data-av_icon='\ue8f3' data-av_iconfont='entypo-fontello' title='' data-avia-related-tooltip='Compartir en Facebook' rel=\"noopener\"><span class='avia_hidden_link_text'>Compartir en Facebook<\/span><\/a><\/li><li class='av-share-link av-social-link-twitter' ><a target=\"_blank\" aria-label=\"Compartir en Twitter\" href='https:\/\/twitter.com\/share?text=Seremi%20de%20Agricultura%20invita%20a%20productores%20y%20productoras%20de%20Ays%C3%A9n%20a%20conocer%20y%20utilizar%20Agroseguros&#038;url=https:\/\/radiorevelacionfm.cl\/?p=37973' aria-hidden='false' data-av_icon='\ue8f1' data-av_iconfont='entypo-fontello' title='' data-avia-related-tooltip='Compartir en Twitter' rel=\"noopener\"><span class='avia_hidden_link_text'>Compartir en Twitter<\/span><\/a><\/li><li class='av-share-link av-social-link-whatsapp' ><a target=\"_blank\" aria-label=\"Compartir en Whatsapp\" href='https:\/\/api.whatsapp.com\/send?text=https:\/\/radiorevelacionfm.cl\/?p=37973' aria-hidden='false' data-av_icon='\uf232' data-av_iconfont='entypo-fontello' title='' data-avia-related-tooltip='Compartir en Whatsapp' rel=\"noopener\"><span class='avia_hidden_link_text'>Compartir en Whatsapp<\/span><\/a><\/li><li class='av-share-link av-social-link-linkedin' ><a target=\"_blank\" aria-label=\"Compartir en LinkedIn\" href='https:\/\/linkedin.com\/shareArticle?mini=true&#038;title=Seremi%20de%20Agricultura%20invita%20a%20productores%20y%20productoras%20de%20Ays%C3%A9n%20a%20conocer%20y%20utilizar%20Agroseguros&#038;url=https:\/\/radiorevelacionfm.cl\/?p=37973' aria-hidden='false' data-av_icon='\ue8fc' data-av_iconfont='entypo-fontello' title='' data-avia-related-tooltip='Compartir en LinkedIn' rel=\"noopener\"><span class='avia_hidden_link_text'>Compartir en LinkedIn<\/span><\/a><\/li><li class='av-share-link av-social-link-mail' ><a  aria-label=\"Compartir por correo\" href='mailto:?subject=Seremi%20de%20Agricultura%20invita%20a%20productores%20y%20productoras%20de%20Ays%C3%A9n%20a%20conocer%20y%20utilizar%20Agroseguros&#038;body=https:\/\/radiorevelacionfm.cl\/?p=37973' aria-hidden='false' data-av_icon='\ue805' data-av_iconfont='entypo-fontello' title='' data-avia-related-tooltip='Compartir por correo'><span class='avia_hidden_link_text'>Compartir por correo<\/span><\/a><\/li><\/ul><\/div><\/div>\n<div  style='height:50px' class='hr hr-invisible   avia-builder-el-8  el_after_av_social_share  el_before_av_comments_list '><span class='hr-inner ' ><span class='hr-inner-style'><\/span><\/span><\/div>\n<div  class='av-buildercomment  av-blog-meta-html-info-disabled av-blog-meta-tag-disabled  '><\/div>\n","protected":false},"excerpt":{"rendered":"","protected":false},"author":1,"featured_media":37977,"comment_status":"open","ping_status":"open","sticky":false,"template":"","format":"standard","meta":{"footnotes":""},"categories":[58],"tags":[],"class_list":["post-37973","post","type-post","status-publish","format-standard","has-post-thumbnail","hentry","category-agricultura"],"jetpack_featured_media_url":"https:\/\/radiorevelacionfm.cl\/wp-content\/uploads\/2023\/12\/image-152-2_optimized.jpg","_links":{"self":[{"href":"https:\/\/radiorevelacionfm.cl\/index.php?rest_route=\/wp\/v2\/posts\/37973","targetHints":{"allow":["GET"]}}],"collection":[{"href":"https:\/\/radiorevelacionfm.cl\/index.php?rest_route=\/wp\/v2\/posts"}],"about":[{"href":"https:\/\/radiorevelacionfm.cl\/index.php?rest_route=\/wp\/v2\/types\/post"}],"author":[{"embeddable":true,"href":"https:\/\/radiorevelacionfm.cl\/index.php?rest_route=\/wp\/v2\/users\/1"}],"replies":[{"embeddable":true,"href":"https:\/\/radiorevelacionfm.cl\/index.php?rest_route=%2Fwp%2Fv2%2Fcomments&post=37973"}],"version-history":[{"count":1,"href":"https:\/\/radiorevelacionfm.cl\/index.php?rest_route=\/wp\/v2\/posts\/37973\/revisions"}],"predecessor-version":[{"id":37979,"href":"https:\/\/radiorevelacionfm.cl\/index.php?rest_route=\/wp\/v2\/posts\/37973\/revisions\/37979"}],"wp:featuredmedia":[{"embeddable":true,"href":"https:\/\/radiorevelacionfm.cl\/index.php?rest_route=\/wp\/v2\/media\/37977"}],"wp:attachment":[{"href":"https:\/\/radiorevelacionfm.cl\/index.php?rest_route=%2Fwp%2Fv2%2Fmedia&parent=37973"}],"wp:term":[{"taxonomy":"category","embeddable":true,"href":"https:\/\/radiorevelacionfm.cl\/index.php?rest_route=%2Fwp%2Fv2%2Fcategories&post=37973"},{"taxonomy":"post_tag","embeddable":true,"href":"https:\/\/radiorevelacionfm.cl\/index.php?rest_route=%2Fwp%2Fv2%2Ftags&post=37973"}],"curies":[{"name":"wp","href":"https:\/\/api.w.org\/{rel}","templated":true}]}}