{"id":37972,"date":"2023-12-14T12:18:28","date_gmt":"2023-12-14T15:18:28","guid":{"rendered":"https:\/\/radiorevelacionfm.cl\/?p=37972"},"modified":"2023-12-14T12:18:28","modified_gmt":"2023-12-14T15:18:28","slug":"gobernadora-andrea-macias-ratifica-compromiso-con-los-municipios-en-presupuesto-2024","status":"publish","type":"post","link":"https:\/\/radiorevelacionfm.cl\/?p=37972","title":{"rendered":"Gobernadora Andrea Mac\u00edas ratifica compromiso con los municipios en Presupuesto 2024"},"content":{"rendered":"<div class=\"flex_column av_one_full  flex_column_div av-zero-column-padding first  avia-builder-el-0  el_before_av_one_full  avia-builder-el-first  \" style='border-radius:0px; '><div  class='avia-image-container  av-styling-    avia-builder-el-1  avia-builder-el-no-sibling  avia-align-center '  itemprop=\"image\" itemscope=\"itemscope\" itemtype=\"https:\/\/schema.org\/ImageObject\"  ><div class='avia-image-container-inner'><div class='avia-image-overlay-wrap'><img decoding=\"async\" class='wp-image-37974 avia-img-lazy-loading-not-37974 avia_image' src=\"https:\/\/radiorevelacionfm.cl\/wp-content\/uploads\/2023\/12\/WhatsApp-Image-2023-12-13-at-11.31.24-AM-1-1.jpeg\" alt='' title='WhatsApp Image 2023-12-13 at 11.31.24 AM (1) (1)' height=\"600\" width=\"1065\"  itemprop=\"thumbnailUrl\" srcset=\"https:\/\/radiorevelacionfm.cl\/wp-content\/uploads\/2023\/12\/WhatsApp-Image-2023-12-13-at-11.31.24-AM-1-1.jpeg 1065w, https:\/\/radiorevelacionfm.cl\/wp-content\/uploads\/2023\/12\/WhatsApp-Image-2023-12-13-at-11.31.24-AM-1-1-300x169.jpeg 300w, https:\/\/radiorevelacionfm.cl\/wp-content\/uploads\/2023\/12\/WhatsApp-Image-2023-12-13-at-11.31.24-AM-1-1-1030x580.jpeg 1030w, https:\/\/radiorevelacionfm.cl\/wp-content\/uploads\/2023\/12\/WhatsApp-Image-2023-12-13-at-11.31.24-AM-1-1-768x433.jpeg 768w, https:\/\/radiorevelacionfm.cl\/wp-content\/uploads\/2023\/12\/WhatsApp-Image-2023-12-13-at-11.31.24-AM-1-1-705x397.jpeg 705w, https:\/\/radiorevelacionfm.cl\/wp-content\/uploads\/2023\/12\/WhatsApp-Image-2023-12-13-at-11.31.24-AM-1-1-450x254.jpeg 450w, https:\/\/radiorevelacionfm.cl\/wp-content\/uploads\/2023\/12\/WhatsApp-Image-2023-12-13-at-11.31.24-AM-1-1-600x338.jpeg 600w\" sizes=\"(max-width: 1065px) 100vw, 1065px\" \/><\/div><\/div><\/div><\/div><div class=\"flex_column av_one_full  flex_column_div av-zero-column-padding first  avia-builder-el-2  el_after_av_one_full  el_before_av_one_full  column-top-margin\" style='border-radius:0px; '><section class=\"av_textblock_section \"  itemscope=\"itemscope\" itemtype=\"https:\/\/schema.org\/BlogPosting\" itemprop=\"blogPost\" ><div class='avia_textblock  '   itemprop=\"text\" ><h2 class=\"title\" style=\"text-align: center;\"><strong><span style=\"font-size: 18pt;\">Gobernadora Andrea Mac\u00edas ratifica compromiso con los municipios en Presupuesto 2024<\/span><\/strong><\/h2>\n<div id=\"gtx-trans\" style=\"position: absolute; left: -50px; top: 4.31534px;\">\n<div class=\"gtx-trans-icon\"><\/div>\n<\/div>\n<\/div><\/section><\/div><div class=\"flex_column av_one_full  flex_column_div av-zero-column-padding first  avia-builder-el-4  el_after_av_one_full  el_before_av_hr  column-top-margin\" style='border-radius:0px; '><section class=\"av_textblock_section \"  itemscope=\"itemscope\" itemtype=\"https:\/\/schema.org\/BlogPosting\" itemprop=\"blogPost\" ><div class='avia_textblock  '   itemprop=\"text\" ><p dir=\"ltr\" style=\"text-align: justify;\">Esta semana comenz\u00f3 en el Consejo Regional de Ays\u00e9n la discusi\u00f3n del Presupuesto 2024 y c\u00f3mo se realizar\u00e1 la inversi\u00f3n p\u00fablica de la regi\u00f3n durante el a\u00f1o 2024, donde la Gobernadora Regional de Ays\u00e9n, Andrea Mac\u00edas Palma, y su equipo presentaron un plan de ejecuci\u00f3n que ratifica el compromiso de esta administraci\u00f3n con los 10 municipios de Ays\u00e9n como principales aliados.<\/p>\n<p dir=\"ltr\" style=\"text-align: justify;\">El ingreso total disponible para el pr\u00f3ximo a\u00f1o es de m\u00e1s de 75 mil 500 millones de pesos los que al igual que en a\u00f1os anteriores tendr\u00e1n un marcado \u00e9nfasis en proyectos que se ejecutar\u00e1n con los 10 municipios de la Regi\u00f3n, como son aquellos contenidos en el Fondo Regional de Iniciativa Local (FRIL).<\/p>\n<p dir=\"ltr\" style=\"text-align: justify;\">La Gobernadora Mac\u00edas subray\u00f3 que para esto se est\u00e1n desarrollando una serie de conversaciones en todo el territorio con los municipios, alcaldes, concejos y equipos t\u00e9cnicos, para poder responder a aquellas demandas que surgen desde los propios territorios.<\/p>\n<p dir=\"ltr\" style=\"text-align: justify;\">El foco nuestro y la convicci\u00f3n es que nuestra regi\u00f3n crece desde los territorios. Somos el Gobierno Regional aquella instituci\u00f3n que est\u00e1 mandatada a poder trabajar de manera conjunta y colaborativa como lo hemos hecho hasta la fecha\u00bb, se\u00f1al\u00f3 la m\u00e1xima autoridad regional.<\/p>\n<p dir=\"ltr\" style=\"text-align: justify;\">Por su parte, el presidente de la comisi\u00f3n de Presupuesto e Inversi\u00f3n Regional del Consejo Regional, Jorge Abello Moll, adelant\u00f3 el trabajo que se viene en las pr\u00f3ximas semanas para el cuerpo colegiado.<\/p>\n<p dir=\"ltr\" style=\"text-align: justify;\">\u00abNecesitamos construir todo el presupuesto, nos quedan un par de semanas para resolver, vamos a seguir recibiendo antecedentes. Un aspecto importante es que el presupuesto sube levemente, tanto en funcionamiento como en inversi\u00f3n regional, as\u00ed que esperamos conocer todos los antecedentes, los proyectos que mayoritariamente son de arrastre y empezar a visualizar cu\u00e1les son las posibles nuevas iniciativas que podr\u00eda contemplar este presupuesto 2024\u00bb, dijo.<\/p>\n<p dir=\"ltr\" style=\"text-align: justify;\"><strong>8% y asignaciones directas<\/strong><\/p>\n<p dir=\"ltr\" style=\"text-align: justify;\">Luego de las gestiones de los Gobernadores y Gobernadoras Regionales agrupados en AGORECHI, durante la discusi\u00f3n parlamentaria se logr\u00f3 reincorporar el concurso del 8% del FNDR para financiar iniciativas de desarrollo social y humano, a trav\u00e9s de organizaciones sociales, lo que considerar\u00e1 un peque\u00f1o margen para asignaciones directas.<\/p>\n<p dir=\"ltr\" style=\"text-align: justify;\">\u00abEstamos abriendo las conversaciones dado que es una necesidad en general del deporte, la cultura, distintas acciones que por a, b o c motivo, no pueden participar de los procesos concursales y deben acudir a estas asignaciones directas. Las participaciones en torneos de ciencia, son situaciones que surgen, que no est\u00e1n planificadas y que requieren del apoyo del Gobierno Regional,\u00a0 y por lo tanto seguimos trabajando en buscar la forma de que estas iniciativas tambi\u00e9n puedan tener cabida en estos espacios de asignaci\u00f3n\u00bb, concluy\u00f3 la Gobernadora.<\/p>\n<\/div><\/section><\/div><div  style='height:50px' class='hr hr-invisible   avia-builder-el-6  el_after_av_one_full  el_before_av_social_share '><span class='hr-inner ' ><span class='hr-inner-style'><\/span><\/span><\/div><\/p>\n<div  class='av-social-sharing-box  avia-builder-el-7  el_after_av_hr  el_before_av_hr  '><div class='av-share-box'><h5 class='av-share-link-description av-no-toc '>Compartir esta noticia<\/h5><ul class='av-share-box-list noLightbox'><li class='av-share-link av-social-link-facebook' ><a target=\"_blank\" aria-label=\"Compartir en Facebook\" href='https:\/\/www.facebook.com\/sharer.php?u=https:\/\/radiorevelacionfm.cl\/?p=37972&#038;t=Gobernadora%20Andrea%20Mac%C3%ADas%20ratifica%20compromiso%20con%20los%20municipios%20en%20Presupuesto%202024' aria-hidden='false' data-av_icon='\ue8f3' data-av_iconfont='entypo-fontello' title='' data-avia-related-tooltip='Compartir en Facebook' rel=\"noopener\"><span class='avia_hidden_link_text'>Compartir en Facebook<\/span><\/a><\/li><li class='av-share-link av-social-link-twitter' ><a target=\"_blank\" aria-label=\"Compartir en Twitter\" href='https:\/\/twitter.com\/share?text=Gobernadora%20Andrea%20Mac%C3%ADas%20ratifica%20compromiso%20con%20los%20municipios%20en%20Presupuesto%202024&#038;url=https:\/\/radiorevelacionfm.cl\/?p=37972' aria-hidden='false' data-av_icon='\ue8f1' data-av_iconfont='entypo-fontello' title='' data-avia-related-tooltip='Compartir en Twitter' rel=\"noopener\"><span class='avia_hidden_link_text'>Compartir en Twitter<\/span><\/a><\/li><li class='av-share-link av-social-link-whatsapp' ><a target=\"_blank\" aria-label=\"Compartir en Whatsapp\" href='https:\/\/api.whatsapp.com\/send?text=https:\/\/radiorevelacionfm.cl\/?p=37972' aria-hidden='false' data-av_icon='\uf232' data-av_iconfont='entypo-fontello' title='' data-avia-related-tooltip='Compartir en Whatsapp' rel=\"noopener\"><span class='avia_hidden_link_text'>Compartir en Whatsapp<\/span><\/a><\/li><li class='av-share-link av-social-link-linkedin' ><a target=\"_blank\" aria-label=\"Compartir en LinkedIn\" href='https:\/\/linkedin.com\/shareArticle?mini=true&#038;title=Gobernadora%20Andrea%20Mac%C3%ADas%20ratifica%20compromiso%20con%20los%20municipios%20en%20Presupuesto%202024&#038;url=https:\/\/radiorevelacionfm.cl\/?p=37972' aria-hidden='false' data-av_icon='\ue8fc' data-av_iconfont='entypo-fontello' title='' data-avia-related-tooltip='Compartir en LinkedIn' rel=\"noopener\"><span class='avia_hidden_link_text'>Compartir en LinkedIn<\/span><\/a><\/li><li class='av-share-link av-social-link-mail' ><a  aria-label=\"Compartir por correo\" href='mailto:?subject=Gobernadora%20Andrea%20Mac%C3%ADas%20ratifica%20compromiso%20con%20los%20municipios%20en%20Presupuesto%202024&#038;body=https:\/\/radiorevelacionfm.cl\/?p=37972' aria-hidden='false' data-av_icon='\ue805' data-av_iconfont='entypo-fontello' title='' data-avia-related-tooltip='Compartir por correo'><span class='avia_hidden_link_text'>Compartir por correo<\/span><\/a><\/li><\/ul><\/div><\/div>\n<div  style='height:50px' class='hr hr-invisible   avia-builder-el-8  el_after_av_social_share  el_before_av_comments_list '><span class='hr-inner ' ><span class='hr-inner-style'><\/span><\/span><\/div>\n<div  class='av-buildercomment  av-blog-meta-html-info-disabled av-blog-meta-tag-disabled  '><\/div>\n","protected":false},"excerpt":{"rendered":"","protected":false},"author":1,"featured_media":37974,"comment_status":"open","ping_status":"open","sticky":false,"template":"","format":"standard","meta":{"footnotes":""},"categories":[35,38],"tags":[],"class_list":["post-37972","post","type-post","status-publish","format-standard","has-post-thumbnail","hentry","category-politica","category-regional"],"jetpack_featured_media_url":"https:\/\/radiorevelacionfm.cl\/wp-content\/uploads\/2023\/12\/WhatsApp-Image-2023-12-13-at-11.31.24-AM-1-1.jpeg","_links":{"self":[{"href":"https:\/\/radiorevelacionfm.cl\/index.php?rest_route=\/wp\/v2\/posts\/37972","targetHints":{"allow":["GET"]}}],"collection":[{"href":"https:\/\/radiorevelacionfm.cl\/index.php?rest_route=\/wp\/v2\/posts"}],"about":[{"href":"https:\/\/radiorevelacionfm.cl\/index.php?rest_route=\/wp\/v2\/types\/post"}],"author":[{"embeddable":true,"href":"https:\/\/radiorevelacionfm.cl\/index.php?rest_route=\/wp\/v2\/users\/1"}],"replies":[{"embeddable":true,"href":"https:\/\/radiorevelacionfm.cl\/index.php?rest_route=%2Fwp%2Fv2%2Fcomments&post=37972"}],"version-history":[{"count":1,"href":"https:\/\/radiorevelacionfm.cl\/index.php?rest_route=\/wp\/v2\/posts\/37972\/revisions"}],"predecessor-version":[{"id":37975,"href":"https:\/\/radiorevelacionfm.cl\/index.php?rest_route=\/wp\/v2\/posts\/37972\/revisions\/37975"}],"wp:featuredmedia":[{"embeddable":true,"href":"https:\/\/radiorevelacionfm.cl\/index.php?rest_route=\/wp\/v2\/media\/37974"}],"wp:attachment":[{"href":"https:\/\/radiorevelacionfm.cl\/index.php?rest_route=%2Fwp%2Fv2%2Fmedia&parent=37972"}],"wp:term":[{"taxonomy":"category","embeddable":true,"href":"https:\/\/radiorevelacionfm.cl\/index.php?rest_route=%2Fwp%2Fv2%2Fcategories&post=37972"},{"taxonomy":"post_tag","embeddable":true,"href":"https:\/\/radiorevelacionfm.cl\/index.php?rest_route=%2Fwp%2Fv2%2Ftags&post=37972"}],"curies":[{"name":"wp","href":"https:\/\/api.w.org\/{rel}","templated":true}]}}