{"id":37969,"date":"2023-12-14T11:40:36","date_gmt":"2023-12-14T14:40:36","guid":{"rendered":"https:\/\/radiorevelacionfm.cl\/?p=37969"},"modified":"2023-12-14T11:40:36","modified_gmt":"2023-12-14T14:40:36","slug":"edelaysen-reconoce-y-premia-el-ahorro-de-energia-del-jardin-infantil-hielito-azul-de-villa-ohiggins","status":"publish","type":"post","link":"https:\/\/radiorevelacionfm.cl\/?p=37969","title":{"rendered":"Edelaysen reconoce y premia el ahorro de energ\u00eda del jard\u00edn infantil \u201cHielito Azul\u201d de Villa O\u00b4Higgins"},"content":{"rendered":"<div class=\"flex_column av_one_full  flex_column_div av-zero-column-padding first  avia-builder-el-0  el_before_av_one_full  avia-builder-el-first  \" style='border-radius:0px; '><div  class='avia-image-container  av-styling-    avia-builder-el-1  avia-builder-el-no-sibling  avia-align-center '  itemprop=\"image\" itemscope=\"itemscope\" itemtype=\"https:\/\/schema.org\/ImageObject\"  ><div class='avia-image-container-inner'><div class='avia-image-overlay-wrap'><img decoding=\"async\" class='wp-image-37970 avia-img-lazy-loading-not-37970 avia_image' src=\"https:\/\/radiorevelacionfm.cl\/wp-content\/uploads\/2023\/12\/Ganadores-eficiencia-energetica1-1-1.jpeg\" alt='' title='Ganadores eficiencia energ\u00e9tica1 (1) (1)' height=\"600\" width=\"800\"  itemprop=\"thumbnailUrl\" srcset=\"https:\/\/radiorevelacionfm.cl\/wp-content\/uploads\/2023\/12\/Ganadores-eficiencia-energetica1-1-1.jpeg 800w, https:\/\/radiorevelacionfm.cl\/wp-content\/uploads\/2023\/12\/Ganadores-eficiencia-energetica1-1-1-300x225.jpeg 300w, https:\/\/radiorevelacionfm.cl\/wp-content\/uploads\/2023\/12\/Ganadores-eficiencia-energetica1-1-1-768x576.jpeg 768w, https:\/\/radiorevelacionfm.cl\/wp-content\/uploads\/2023\/12\/Ganadores-eficiencia-energetica1-1-1-705x529.jpeg 705w, https:\/\/radiorevelacionfm.cl\/wp-content\/uploads\/2023\/12\/Ganadores-eficiencia-energetica1-1-1-450x338.jpeg 450w, https:\/\/radiorevelacionfm.cl\/wp-content\/uploads\/2023\/12\/Ganadores-eficiencia-energetica1-1-1-600x450.jpeg 600w\" sizes=\"(max-width: 800px) 100vw, 800px\" \/><\/div><\/div><\/div><\/div>\n<div class=\"flex_column av_one_full  flex_column_div av-zero-column-padding first  avia-builder-el-2  el_after_av_one_full  el_before_av_one_full  column-top-margin\" style='border-radius:0px; '><section class=\"av_textblock_section \"  itemscope=\"itemscope\" itemtype=\"https:\/\/schema.org\/BlogPosting\" itemprop=\"blogPost\" ><div class='avia_textblock  '   itemprop=\"text\" ><p style=\"text-align: center;\"><span style=\"font-size: 18pt;\"><strong>Edelaysen reconoce y premia el ahorro de energ\u00eda del jard\u00edn infantil \u201cHielito Azul\u201d de Villa O\u00b4Higgins<\/strong><\/span><\/p>\n<div id=\"gtx-trans\" style=\"position: absolute; left: -50px; top: 4.31534px;\">\n<div class=\"gtx-trans-icon\"><\/div>\n<\/div>\n<\/div><\/section><\/div>\n<div class=\"flex_column av_one_full  flex_column_div av-zero-column-padding first  avia-builder-el-4  el_after_av_one_full  el_before_av_hr  column-top-margin\" style='border-radius:0px; '><section class=\"av_textblock_section \"  itemscope=\"itemscope\" itemtype=\"https:\/\/schema.org\/BlogPosting\" itemprop=\"blogPost\" ><div class='avia_textblock  '   itemprop=\"text\" ><p style=\"text-align: justify;\"><em>Tras el concurso de eficiencia energ\u00e9tica de Grupo Saesa, el establecimiento logr\u00f3 ahorrar cerca del 40% en el consumo de energ\u00eda durante el periodo 2022-2023.<\/em><\/p>\n<p style=\"text-align: justify;\">En una ceremonia marcada por el reconocimiento a la innovaci\u00f3n y sostenibilidad, Edelaysen otorg\u00f3 el merecido premio al jard\u00edn infantil \u201cHielito Azul\u201d por su destacado compromiso con la eficiencia energ\u00e9tica. Este reconocimiento no solo celebra la dedicaci\u00f3n del jard\u00edn infantil, sino que adem\u00e1s est\u00e1 pensado en satisfacer las necesidades espec\u00edficas del establecimiento educativo y potenciar a\u00fan m\u00e1s sus esfuerzos hacia la sostenibilidad.<\/p>\n<p style=\"text-align: justify;\">Patricio Raimilla, jefe de Servicio al Cliente de Edelaysen comparti\u00f3 que: \u201cEsta soluci\u00f3n energ\u00e9tica no solo premia los logros del Jard\u00edn Infantil Hielito Azul, son que tambi\u00e9n representa nuestra colaboraci\u00f3n continua para impulsar el ahorro de energ\u00eda. Estamos comprometidos en respaldar el establecimiento y a todos los centros educativos que lideren con ejemplos pr\u00e1cticos la sostenibilidad.<\/p>\n<p style=\"text-align: justify;\">Con esto, y tras la evaluaci\u00f3n minuciosa de los especialistas de la distribuidora se trabajar\u00e1 en una soluci\u00f3n que cumpla con las necesidades espec\u00edficas del jard\u00edn y al mismo tiempo, fomente la conciencia ambiental entre los estudiantes. En dicho sentido, este premio no s\u00f3lo proporcionar\u00e1 una herramienta para optimizar el consumo energ\u00e9tico, sino que tambi\u00e9n educa a las generaciones futuras sobre la importancia de la responsabilidad ambiental.<\/p>\n<p style=\"text-align: justify;\">Claudia V\u00e1squez, directora del Jard\u00edn Infantil Integra \u201cHielito Azul\u201d expres\u00f3 que: \u201cLos ni\u00f1os y el equipo estamos bastante felices con este reconocimiento, creo que motivar a los peque\u00f1os a que apaguen la luz, de que hay que cuidar la energ\u00eda, es muy importante y se hizo notar con este reconocimiento que al final nosotras no esper\u00e1bamos que ahorr\u00e1ramos tanto, que fue casi la mitad de lo que se consume normalmente, as\u00ed que muchas gracias y se que ahora con los arreglos que se vienen, vamos a tener mucho m\u00e1s ahorro de energ\u00eda\u201d.<\/p>\n<p style=\"text-align: justify;\">Por su parte, el alcalde de la comuna de O\u2019Higgins, Jos\u00e9 Fica valor\u00f3 la iniciativa destacando que: \u201cYo estuve la vez que vinieron hasta ac\u00e1 para hacer la entrega de unos incentivos a los ni\u00f1os y ahora les preguntaban y ellos se recordaron as\u00ed que esta es una acci\u00f3n que hace Edelaysen con los jardines para incentivar el ahorro de energ\u00eda a nivel nacional, destacando a estos menores que lideraron ese ahorro. Esto es muy bueno ya que est\u00e1n trabajando con los ni\u00f1os que son receptores para el d\u00eda de ma\u00f1ana, por tanto muy buena acci\u00f3n as\u00ed que mis felicitaciones por esto\u201d.<\/p>\n<p style=\"text-align: justify;\">Edelaysen reafirma su compromiso de apoyar iniciativas que promuevan un futuro m\u00e1s sostenible, y esta premiaci\u00f3n es un paso significativo hacia la construcci\u00f3n de un entorno educativo m\u00e1s eficiente y respetuoso con el medio ambiente.<\/p>\n<\/div><\/section><\/div><div  style='height:50px' class='hr hr-invisible   avia-builder-el-6  el_after_av_one_full  el_before_av_social_share '><span class='hr-inner ' ><span class='hr-inner-style'><\/span><\/span><\/div><\/p>\n<div  class='av-social-sharing-box  avia-builder-el-7  el_after_av_hr  el_before_av_hr  '><div class='av-share-box'><h5 class='av-share-link-description av-no-toc '>Compartir esta noticia<\/h5><ul class='av-share-box-list noLightbox'><li class='av-share-link av-social-link-facebook' ><a target=\"_blank\" aria-label=\"Compartir en Facebook\" href='https:\/\/www.facebook.com\/sharer.php?u=https:\/\/radiorevelacionfm.cl\/?p=37969&#038;t=Edelaysen%20reconoce%20y%20premia%20el%20ahorro%20de%20energ%C3%ADa%20del%20jard%C3%ADn%20infantil%20%E2%80%9CHielito%20Azul%E2%80%9D%20de%20Villa%20O%C2%B4Higgins' aria-hidden='false' data-av_icon='\ue8f3' data-av_iconfont='entypo-fontello' title='' data-avia-related-tooltip='Compartir en Facebook' rel=\"noopener\"><span class='avia_hidden_link_text'>Compartir en Facebook<\/span><\/a><\/li><li class='av-share-link av-social-link-twitter' ><a target=\"_blank\" aria-label=\"Compartir en Twitter\" href='https:\/\/twitter.com\/share?text=Edelaysen%20reconoce%20y%20premia%20el%20ahorro%20de%20energ%C3%ADa%20del%20jard%C3%ADn%20infantil%20%E2%80%9CHielito%20Azul%E2%80%9D%20de%20Villa%20O%C2%B4Higgins&#038;url=https:\/\/radiorevelacionfm.cl\/?p=37969' aria-hidden='false' data-av_icon='\ue8f1' data-av_iconfont='entypo-fontello' title='' data-avia-related-tooltip='Compartir en Twitter' rel=\"noopener\"><span class='avia_hidden_link_text'>Compartir en Twitter<\/span><\/a><\/li><li class='av-share-link av-social-link-whatsapp' ><a target=\"_blank\" aria-label=\"Compartir en Whatsapp\" href='https:\/\/api.whatsapp.com\/send?text=https:\/\/radiorevelacionfm.cl\/?p=37969' aria-hidden='false' data-av_icon='\uf232' data-av_iconfont='entypo-fontello' title='' data-avia-related-tooltip='Compartir en Whatsapp' rel=\"noopener\"><span class='avia_hidden_link_text'>Compartir en Whatsapp<\/span><\/a><\/li><li class='av-share-link av-social-link-linkedin' ><a target=\"_blank\" aria-label=\"Compartir en LinkedIn\" href='https:\/\/linkedin.com\/shareArticle?mini=true&#038;title=Edelaysen%20reconoce%20y%20premia%20el%20ahorro%20de%20energ%C3%ADa%20del%20jard%C3%ADn%20infantil%20%E2%80%9CHielito%20Azul%E2%80%9D%20de%20Villa%20O%C2%B4Higgins&#038;url=https:\/\/radiorevelacionfm.cl\/?p=37969' aria-hidden='false' data-av_icon='\ue8fc' data-av_iconfont='entypo-fontello' title='' data-avia-related-tooltip='Compartir en LinkedIn' rel=\"noopener\"><span class='avia_hidden_link_text'>Compartir en LinkedIn<\/span><\/a><\/li><li class='av-share-link av-social-link-mail' ><a  aria-label=\"Compartir por correo\" href='mailto:?subject=Edelaysen%20reconoce%20y%20premia%20el%20ahorro%20de%20energ%C3%ADa%20del%20jard%C3%ADn%20infantil%20%E2%80%9CHielito%20Azul%E2%80%9D%20de%20Villa%20O%C2%B4Higgins&#038;body=https:\/\/radiorevelacionfm.cl\/?p=37969' aria-hidden='false' data-av_icon='\ue805' data-av_iconfont='entypo-fontello' title='' data-avia-related-tooltip='Compartir por correo'><span class='avia_hidden_link_text'>Compartir por correo<\/span><\/a><\/li><\/ul><\/div><\/div>\n<div  style='height:50px' class='hr hr-invisible   avia-builder-el-8  el_after_av_social_share  el_before_av_comments_list '><span class='hr-inner ' ><span class='hr-inner-style'><\/span><\/span><\/div>\n<div  class='av-buildercomment  av-blog-meta-html-info-disabled av-blog-meta-tag-disabled  '><\/div>\n","protected":false},"excerpt":{"rendered":"","protected":false},"author":1,"featured_media":37970,"comment_status":"open","ping_status":"open","sticky":false,"template":"","format":"standard","meta":{"footnotes":""},"categories":[38],"tags":[],"class_list":["post-37969","post","type-post","status-publish","format-standard","has-post-thumbnail","hentry","category-regional"],"jetpack_featured_media_url":"https:\/\/radiorevelacionfm.cl\/wp-content\/uploads\/2023\/12\/Ganadores-eficiencia-energetica1-1-1.jpeg","_links":{"self":[{"href":"https:\/\/radiorevelacionfm.cl\/index.php?rest_route=\/wp\/v2\/posts\/37969","targetHints":{"allow":["GET"]}}],"collection":[{"href":"https:\/\/radiorevelacionfm.cl\/index.php?rest_route=\/wp\/v2\/posts"}],"about":[{"href":"https:\/\/radiorevelacionfm.cl\/index.php?rest_route=\/wp\/v2\/types\/post"}],"author":[{"embeddable":true,"href":"https:\/\/radiorevelacionfm.cl\/index.php?rest_route=\/wp\/v2\/users\/1"}],"replies":[{"embeddable":true,"href":"https:\/\/radiorevelacionfm.cl\/index.php?rest_route=%2Fwp%2Fv2%2Fcomments&post=37969"}],"version-history":[{"count":3,"href":"https:\/\/radiorevelacionfm.cl\/index.php?rest_route=\/wp\/v2\/posts\/37969\/revisions"}],"predecessor-version":[{"id":37988,"href":"https:\/\/radiorevelacionfm.cl\/index.php?rest_route=\/wp\/v2\/posts\/37969\/revisions\/37988"}],"wp:featuredmedia":[{"embeddable":true,"href":"https:\/\/radiorevelacionfm.cl\/index.php?rest_route=\/wp\/v2\/media\/37970"}],"wp:attachment":[{"href":"https:\/\/radiorevelacionfm.cl\/index.php?rest_route=%2Fwp%2Fv2%2Fmedia&parent=37969"}],"wp:term":[{"taxonomy":"category","embeddable":true,"href":"https:\/\/radiorevelacionfm.cl\/index.php?rest_route=%2Fwp%2Fv2%2Fcategories&post=37969"},{"taxonomy":"post_tag","embeddable":true,"href":"https:\/\/radiorevelacionfm.cl\/index.php?rest_route=%2Fwp%2Fv2%2Ftags&post=37969"}],"curies":[{"name":"wp","href":"https:\/\/api.w.org\/{rel}","templated":true}]}}