{"id":37963,"date":"2023-12-14T11:06:39","date_gmt":"2023-12-14T14:06:39","guid":{"rendered":"https:\/\/radiorevelacionfm.cl\/?p=37963"},"modified":"2023-12-14T11:06:39","modified_gmt":"2023-12-14T14:06:39","slug":"coordinan-acciones-para-plebiscito-constitucional-en-la-provincia-de-aysen","status":"publish","type":"post","link":"https:\/\/radiorevelacionfm.cl\/?p=37963","title":{"rendered":"Coordinan acciones para plebiscito Constitucional en la Provincia de Ays\u00e9n"},"content":{"rendered":"<div class=\"flex_column av_one_full  flex_column_div av-zero-column-padding first  avia-builder-el-0  el_before_av_one_full  avia-builder-el-first  \" style='border-radius:0px; '><div  class='avia-image-container  av-styling-    avia-builder-el-1  avia-builder-el-no-sibling  avia-align-center '  itemprop=\"image\" itemscope=\"itemscope\" itemtype=\"https:\/\/schema.org\/ImageObject\"  ><div class='avia-image-container-inner'><div class='avia-image-overlay-wrap'><img decoding=\"async\" class='wp-image-37964 avia-img-lazy-loading-not-37964 avia_image' src=\"https:\/\/radiorevelacionfm.cl\/wp-content\/uploads\/2023\/12\/IMG_20231213_100841699_HDR-1-1.jpg\" alt='' title='IMG_20231213_100841699_HDR (1) (1)' height=\"600\" width=\"800\"  itemprop=\"thumbnailUrl\" srcset=\"https:\/\/radiorevelacionfm.cl\/wp-content\/uploads\/2023\/12\/IMG_20231213_100841699_HDR-1-1.jpg 800w, https:\/\/radiorevelacionfm.cl\/wp-content\/uploads\/2023\/12\/IMG_20231213_100841699_HDR-1-1-300x225.jpg 300w, https:\/\/radiorevelacionfm.cl\/wp-content\/uploads\/2023\/12\/IMG_20231213_100841699_HDR-1-1-768x576.jpg 768w, https:\/\/radiorevelacionfm.cl\/wp-content\/uploads\/2023\/12\/IMG_20231213_100841699_HDR-1-1-705x529.jpg 705w, https:\/\/radiorevelacionfm.cl\/wp-content\/uploads\/2023\/12\/IMG_20231213_100841699_HDR-1-1-450x338.jpg 450w, https:\/\/radiorevelacionfm.cl\/wp-content\/uploads\/2023\/12\/IMG_20231213_100841699_HDR-1-1-600x450.jpg 600w\" sizes=\"(max-width: 800px) 100vw, 800px\" \/><\/div><\/div><\/div><\/div><div class=\"flex_column av_one_full  flex_column_div av-zero-column-padding first  avia-builder-el-2  el_after_av_one_full  el_before_av_one_full  column-top-margin\" style='border-radius:0px; '><section class=\"av_textblock_section \"  itemscope=\"itemscope\" itemtype=\"https:\/\/schema.org\/BlogPosting\" itemprop=\"blogPost\" ><div class='avia_textblock  '   itemprop=\"text\" ><p style=\"text-align: center;\"><span style=\"font-size: 18pt;\"><strong>Coordinan acciones para plebiscito Constitucional en la Provincia de Ays\u00e9n<\/strong><\/span><\/p>\n<div id=\"gtx-trans\" style=\"position: absolute; left: -50px; top: 4.31534px;\">\n<div class=\"gtx-trans-icon\"><\/div>\n<\/div>\n<\/div><\/section><\/div><div class=\"flex_column av_one_full  flex_column_div av-zero-column-padding first  avia-builder-el-4  el_after_av_one_full  el_before_av_hr  column-top-margin\" style='border-radius:0px; '><section class=\"av_textblock_section \"  itemscope=\"itemscope\" itemtype=\"https:\/\/schema.org\/BlogPosting\" itemprop=\"blogPost\" ><div class='avia_textblock  '   itemprop=\"text\" ><p class=\"v1MsoNormal\" style=\"text-align: justify;\">Una reuni\u00f3n de coordinaci\u00f3n entre las instituciones p\u00fablicas, \u00a0fuerzas armadas, orden y seguridad, \u00a0con injerencia en el plebiscito constitucional del pr\u00f3ximo domingo 17 de diciembre, se llev\u00f3 a cabo en la \u00a0Delegaci\u00f3n Presidencial \u00a0Provincial de Ays\u00e9n.<\/p>\n<p class=\"v1MsoNormal\" style=\"text-align: justify;\">Ser\u00e1n un total de \u00a0\u00a013 \u00a0los locales de votaci\u00f3n que estar\u00e1n en funcionamiento en la Provincia de Ays\u00e9n, \u00a0\u00a0para cumplir con el deber c\u00edvico, de car\u00e1cter \u00a0obligatorio, en las localidades de Puerto Ays\u00e9n, Puerto Chacabuco, Islas Huichas, Villa Ma\u00f1ihuales, \u00a0Puerto Cisnes, Puerto Gala, \u00a0Melinka, La Junta, Puyuhuapi y Puerto Ra\u00fal Mar\u00edn Balmaceda.<\/p>\n<p class=\"v1MsoNormal\" style=\"text-align: justify;\">El Director Regional del Servicio Electoral de Ays\u00e9n, N\u00e9stor \u00a0Sep\u00falveda, cifr\u00f3 sus expectativas en el buen y normal desarrollo del proceso eleccionario que, \u00a0a su juicio, debiera resolverse en forma r\u00e1pida y expedita. \u00abEstamos muy confiados en \u00a0que este proceso \u00a0\u00a0\u00a0eleccionario, al igual que los anteriores, se va\u00a0 a llevar a cabo de forma muy tranquila y en completo orden. Para eso, estamos articulando estas reuniones previas de coordinaci\u00f3n entre \u00a0los servicios p\u00fablicos que tienen un rol electoral en la pr\u00f3xima elecci\u00f3n.\u00a0 Nuestras estimaciones, son que a medida que se produzca el cierre de las \u00a0mesas receptoras \u00a0\u00a0de sufragio, el pr\u00f3ximo domingo, iremos conociendo \u00a0\u00a0en forma inmediata los resultados\u00bb, acot\u00f3.<\/p>\n<p class=\"v1MsoNormal\" style=\"text-align: justify;\">Los electores deber\u00e1n acudir a los locales de votaci\u00f3n con su c\u00e9dula de identidad o pasaporte vigente hasta el 01 de enero de 2020 y para su mejor y m\u00e1s expedito desplazamiento desde sus lugares de origen, el Ministerio de Transportes y Telecomunicaciones dispondr\u00e1, en forma gratuita, de buses de acercamiento y embarcaciones mar\u00edtimas para la movilizaci\u00f3n de las personas en el territorio de la Provincia de Ays\u00e9n.<\/p>\n<p class=\"v1MsoNormal\" style=\"text-align: justify;\">Por su parte, el Delegado Presidencial Provincial de Ays\u00e9n, Jorge D\u00edaz Guzm\u00e1n, expres\u00f3 que \u00abhemos efectuado una revisi\u00f3n detallada de cada uno de los roles que compete a los servicios p\u00fablicos, fuerzas armadas y carabineros,\u00a0 para un \u00f3ptimo desarrollo de este proceso electoral. \u00a0\u00a0Revisamos \u00a0cada uno de los pasos de la actividad ciudadana \u00a0que se inicia el d\u00eda viernes con la toma de posesi\u00f3n y \u00a0habilitaci\u00f3n de los locales de votaci\u00f3n, \u00a0hasta el d\u00eda domingo cuando los electores emitan su sufragio, cuyos \u00a0resultados estar\u00e1n \u00a0en manos de la ciudadan\u00eda al momento del cierre de las mesas receptoras de sufragio, \u00a0ya que la transmisi\u00f3n de datos se realiza en tiempo real\u00bb, agreg\u00f3.<\/p>\n<p class=\"v1MsoNormal\" style=\"text-align: justify;\">\u00a0Los electores que se encuentren a m\u00e1s de 200 kil\u00f3metros de su lugar de votaci\u00f3n, deber\u00e1n ingresar con su clave \u00fanica\u00a0a Comisar\u00eda\u00a0Virtual, entre las 00:00 hrs. y las 23:59 hrs. del d\u00eda domingo 17 de diciembre, completando con sus datos personales \u00a0y descargando un formulario que, posteriormente debe ser validado en la unidad policial m\u00e1s cercana.<\/p>\n<\/div><\/section><\/div><div  style='height:50px' class='hr hr-invisible   avia-builder-el-6  el_after_av_one_full  el_before_av_social_share '><span class='hr-inner ' ><span class='hr-inner-style'><\/span><\/span><\/div><\/p>\n<div  class='av-social-sharing-box  avia-builder-el-7  el_after_av_hr  el_before_av_hr  '><div class='av-share-box'><h5 class='av-share-link-description av-no-toc '>Compartir esta noticia<\/h5><ul class='av-share-box-list noLightbox'><li class='av-share-link av-social-link-facebook' ><a target=\"_blank\" aria-label=\"Compartir en Facebook\" href='https:\/\/www.facebook.com\/sharer.php?u=https:\/\/radiorevelacionfm.cl\/?p=37963&#038;t=Coordinan%20acciones%20para%20plebiscito%20Constitucional%20en%20la%20Provincia%20de%20Ays%C3%A9n' aria-hidden='false' data-av_icon='\ue8f3' data-av_iconfont='entypo-fontello' title='' data-avia-related-tooltip='Compartir en Facebook' rel=\"noopener\"><span class='avia_hidden_link_text'>Compartir en Facebook<\/span><\/a><\/li><li class='av-share-link av-social-link-twitter' ><a target=\"_blank\" aria-label=\"Compartir en Twitter\" href='https:\/\/twitter.com\/share?text=Coordinan%20acciones%20para%20plebiscito%20Constitucional%20en%20la%20Provincia%20de%20Ays%C3%A9n&#038;url=https:\/\/radiorevelacionfm.cl\/?p=37963' aria-hidden='false' data-av_icon='\ue8f1' data-av_iconfont='entypo-fontello' title='' data-avia-related-tooltip='Compartir en Twitter' rel=\"noopener\"><span class='avia_hidden_link_text'>Compartir en Twitter<\/span><\/a><\/li><li class='av-share-link av-social-link-whatsapp' ><a target=\"_blank\" aria-label=\"Compartir en Whatsapp\" href='https:\/\/api.whatsapp.com\/send?text=https:\/\/radiorevelacionfm.cl\/?p=37963' aria-hidden='false' data-av_icon='\uf232' data-av_iconfont='entypo-fontello' title='' data-avia-related-tooltip='Compartir en Whatsapp' rel=\"noopener\"><span class='avia_hidden_link_text'>Compartir en Whatsapp<\/span><\/a><\/li><li class='av-share-link av-social-link-linkedin' ><a target=\"_blank\" aria-label=\"Compartir en LinkedIn\" href='https:\/\/linkedin.com\/shareArticle?mini=true&#038;title=Coordinan%20acciones%20para%20plebiscito%20Constitucional%20en%20la%20Provincia%20de%20Ays%C3%A9n&#038;url=https:\/\/radiorevelacionfm.cl\/?p=37963' aria-hidden='false' data-av_icon='\ue8fc' data-av_iconfont='entypo-fontello' title='' data-avia-related-tooltip='Compartir en LinkedIn' rel=\"noopener\"><span class='avia_hidden_link_text'>Compartir en LinkedIn<\/span><\/a><\/li><li class='av-share-link av-social-link-mail' ><a  aria-label=\"Compartir por correo\" href='mailto:?subject=Coordinan%20acciones%20para%20plebiscito%20Constitucional%20en%20la%20Provincia%20de%20Ays%C3%A9n&#038;body=https:\/\/radiorevelacionfm.cl\/?p=37963' aria-hidden='false' data-av_icon='\ue805' data-av_iconfont='entypo-fontello' title='' data-avia-related-tooltip='Compartir por correo'><span class='avia_hidden_link_text'>Compartir por correo<\/span><\/a><\/li><\/ul><\/div><\/div>\n<div  style='height:50px' class='hr hr-invisible   avia-builder-el-8  el_after_av_social_share  el_before_av_comments_list '><span class='hr-inner ' ><span class='hr-inner-style'><\/span><\/span><\/div>\n<div  class='av-buildercomment  av-blog-meta-html-info-disabled av-blog-meta-tag-disabled  '><\/div>\n","protected":false},"excerpt":{"rendered":"","protected":false},"author":1,"featured_media":37964,"comment_status":"open","ping_status":"open","sticky":false,"template":"","format":"standard","meta":{"footnotes":""},"categories":[38],"tags":[],"class_list":["post-37963","post","type-post","status-publish","format-standard","has-post-thumbnail","hentry","category-regional"],"jetpack_featured_media_url":"https:\/\/radiorevelacionfm.cl\/wp-content\/uploads\/2023\/12\/IMG_20231213_100841699_HDR-1-1.jpg","_links":{"self":[{"href":"https:\/\/radiorevelacionfm.cl\/index.php?rest_route=\/wp\/v2\/posts\/37963","targetHints":{"allow":["GET"]}}],"collection":[{"href":"https:\/\/radiorevelacionfm.cl\/index.php?rest_route=\/wp\/v2\/posts"}],"about":[{"href":"https:\/\/radiorevelacionfm.cl\/index.php?rest_route=\/wp\/v2\/types\/post"}],"author":[{"embeddable":true,"href":"https:\/\/radiorevelacionfm.cl\/index.php?rest_route=\/wp\/v2\/users\/1"}],"replies":[{"embeddable":true,"href":"https:\/\/radiorevelacionfm.cl\/index.php?rest_route=%2Fwp%2Fv2%2Fcomments&post=37963"}],"version-history":[{"count":1,"href":"https:\/\/radiorevelacionfm.cl\/index.php?rest_route=\/wp\/v2\/posts\/37963\/revisions"}],"predecessor-version":[{"id":37965,"href":"https:\/\/radiorevelacionfm.cl\/index.php?rest_route=\/wp\/v2\/posts\/37963\/revisions\/37965"}],"wp:featuredmedia":[{"embeddable":true,"href":"https:\/\/radiorevelacionfm.cl\/index.php?rest_route=\/wp\/v2\/media\/37964"}],"wp:attachment":[{"href":"https:\/\/radiorevelacionfm.cl\/index.php?rest_route=%2Fwp%2Fv2%2Fmedia&parent=37963"}],"wp:term":[{"taxonomy":"category","embeddable":true,"href":"https:\/\/radiorevelacionfm.cl\/index.php?rest_route=%2Fwp%2Fv2%2Fcategories&post=37963"},{"taxonomy":"post_tag","embeddable":true,"href":"https:\/\/radiorevelacionfm.cl\/index.php?rest_route=%2Fwp%2Fv2%2Ftags&post=37963"}],"curies":[{"name":"wp","href":"https:\/\/api.w.org\/{rel}","templated":true}]}}