{"id":37958,"date":"2023-12-13T17:14:42","date_gmt":"2023-12-13T20:14:42","guid":{"rendered":"https:\/\/radiorevelacionfm.cl\/?p=37958"},"modified":"2023-12-13T17:14:42","modified_gmt":"2023-12-13T20:14:42","slug":"gobierno-confirma-dos-helicopteros-para-incendios-forestales-en-aysen","status":"publish","type":"post","link":"https:\/\/radiorevelacionfm.cl\/?p=37958","title":{"rendered":"Gobierno confirma dos helic\u00f3pteros para incendios forestales en Ays\u00e9n"},"content":{"rendered":"<div class=\"flex_column av_one_full  flex_column_div av-zero-column-padding first  avia-builder-el-0  el_before_av_one_full  avia-builder-el-first  \" style='border-radius:0px; '><div  class='avia-image-container  av-styling-    avia-builder-el-1  avia-builder-el-no-sibling  avia-align-center '  itemprop=\"image\" itemscope=\"itemscope\" itemtype=\"https:\/\/schema.org\/ImageObject\"  ><div class='avia-image-container-inner'><div class='avia-image-overlay-wrap'><img decoding=\"async\" class='wp-image-37959 avia-img-lazy-loading-not-37959 avia_image' src=\"https:\/\/radiorevelacionfm.cl\/wp-content\/uploads\/2023\/12\/foto-7-1_optimized.jpeg\" alt='' title='foto-7-(1)_optimized' height=\"600\" width=\"1067\"  itemprop=\"thumbnailUrl\" srcset=\"https:\/\/radiorevelacionfm.cl\/wp-content\/uploads\/2023\/12\/foto-7-1_optimized.jpeg 1067w, https:\/\/radiorevelacionfm.cl\/wp-content\/uploads\/2023\/12\/foto-7-1_optimized-300x169.jpeg 300w, https:\/\/radiorevelacionfm.cl\/wp-content\/uploads\/2023\/12\/foto-7-1_optimized-1030x579.jpeg 1030w, https:\/\/radiorevelacionfm.cl\/wp-content\/uploads\/2023\/12\/foto-7-1_optimized-768x432.jpeg 768w, https:\/\/radiorevelacionfm.cl\/wp-content\/uploads\/2023\/12\/foto-7-1_optimized-705x396.jpeg 705w, https:\/\/radiorevelacionfm.cl\/wp-content\/uploads\/2023\/12\/foto-7-1_optimized-450x253.jpeg 450w, https:\/\/radiorevelacionfm.cl\/wp-content\/uploads\/2023\/12\/foto-7-1_optimized-600x337.jpeg 600w\" sizes=\"(max-width: 1067px) 100vw, 1067px\" \/><\/div><\/div><\/div><\/div><div class=\"flex_column av_one_full  flex_column_div av-zero-column-padding first  avia-builder-el-2  el_after_av_one_full  el_before_av_one_full  column-top-margin\" style='border-radius:0px; '><section class=\"av_textblock_section \"  itemscope=\"itemscope\" itemtype=\"https:\/\/schema.org\/BlogPosting\" itemprop=\"blogPost\" ><div class='avia_textblock  '   itemprop=\"text\" ><p style=\"text-align: center;\"><strong><span style=\"font-size: 18pt;\">Gobierno confirma dos helic\u00f3pteros para incendios forestales en Ays\u00e9n<\/span><\/strong><\/p>\n<div id=\"gtx-trans\" style=\"position: absolute; left: -50px; top: 4.31534px;\">\n<div class=\"gtx-trans-icon\"><\/div>\n<\/div>\n<\/div><\/section><\/div><div class=\"flex_column av_one_full  flex_column_div av-zero-column-padding first  avia-builder-el-4  el_after_av_one_full  el_before_av_hr  column-top-margin\" style='border-radius:0px; '><section class=\"av_textblock_section \"  itemscope=\"itemscope\" itemtype=\"https:\/\/schema.org\/BlogPosting\" itemprop=\"blogPost\" ><div class='avia_textblock  '   itemprop=\"text\" ><div>\n<p class=\"v1gmail-MsoListParagraph\" style=\"text-align: justify;\" align=\"center\"><strong><em>\u00a0Esta temporada estival, la regi\u00f3n de Ays\u00e9n dispondr\u00e1 de dos helic\u00f3pteros para el combate de incendios, uno tendr\u00e1 como base Coyhaique y el otro Cochrane.<\/em><\/strong><\/p>\n<p class=\"v1MsoNormal\" style=\"text-align: justify;\">En el marco de las acciones operativas de respuesta a emergencias que impulsa CONAF para el periodo estival 2023 \u2013 2024, este mi\u00e9rcoles se llev\u00f3 a cabo en el aer\u00f3dromo Teniente Vidal de Coyhaique, la presentaci\u00f3n de un helic\u00f3ptero que permanecer\u00e1 en la regi\u00f3n durante 4 meses, contribuyendo a robustecer el Plan de Protecci\u00f3n contra incendios forestales de Ays\u00e9n.<\/p>\n<p class=\"v1MsoNormal\" style=\"text-align: justify;\">La actividad, que se realiz\u00f3 este mi\u00e9rcoles, cont\u00f3 con la participaci\u00f3n del Delegado Regional, Rodrigo Araya; la Subsecretaria de Agricultura, Ignacia Fern\u00e1ndez Gatica; el Seremi de Agricultura, Alan Espinoza; el director regional (I) de CONAF, Ronald Valenzuela Campos; el director Regional de SENAPRED, Sidi Bravo; adem\u00e1s de representantes del Ej\u00e9rcito, Carabineros y el Cuerpo de Bomberos de Ays\u00e9n.<\/p>\n<p class=\"v1MsoNormal\" style=\"text-align: justify;\">En la oportunidad, las autoridades destacaron el plan nacional de combate a incendios forestales para la temporada 2023-2024 presentado por el Gobierno en el mes de septiembre, el cual considera un presupuesto para el sector p\u00fablico de MM$148.613.233, lo que equivale a un alza de 47 % respecto de la temporada anterior y permitir\u00e1 mantener 70 aeronaves, entre las que se cuentan este helic\u00f3ptero, y otro que tendr\u00e1 base en Cochrane.<\/p>\n<p class=\"v1MsoNormal\" style=\"text-align: justify;\">En este sentido, la Subsecretaria de Agricultura, Ignacia Fern\u00e1ndez Gatica se\u00f1al\u00f3: \u00abLa noticia ahora es que vamos a tener un segundo helic\u00f3ptero para la regi\u00f3n, para abordar un territorio extenso. Los incendios son, normalmente, por causa humana, por lo tanto, estamos redoblando esfuerzos para asegurar una conducta responsable por parte de todos y todas, y que los recursos de los que dispongamos se usen con normalidad y en condiciones de resguardo, de protecci\u00f3n y, ojal\u00e1, de no muchos incendios en los pr\u00f3ximos meses\u00bb.<\/p>\n<p class=\"v1MsoNormal\" style=\"text-align: justify;\">Del mismo modo, el Delegado Regional, Rodrigo Araya, agreg\u00f3: \u00abEl 47% de aumento del presupuesto nacional de nuestro gobierno y que nuestro presidente puso como principal aporte a todo el sistema de prevenci\u00f3n de incendios en nuestro pa\u00eds, nos permite avanzar en todo esto, sobre todo, en este segundo helic\u00f3ptero que se est\u00e1 poniendo a disposici\u00f3n en nuestro territorio. Por lo tanto, insisto en la labor preventiva, no hay que prender fuego en ninguna parte de nuestro territorio\u00bb.<\/p>\n<p class=\"v1MsoNormal\" style=\"text-align: justify;\">En tanto, el Seremi de Agricultura, Alan Espinoza, destac\u00f3 que \u00abM\u00e1s del 50% de nuestro territorio son \u00e1reas silvestres protegidas, parte importante de la reserva de bosque nativo de Chile est\u00e1 en nuestra regi\u00f3n, por lo tanto, somos todos responsables. En todas las \u00e1reas, en todos los parques, habr\u00e1 personal de CONAF, capacitando y se\u00f1alando la importancia de prevenir los incendios forestales. Por primera vez en la historia, vamos a tener dos helic\u00f3pteros en la regi\u00f3n, pero seguimos sosteniendo que prevenir un incendio forestal es mucho m\u00e1s f\u00e1cil que combatirlo\u00bb.<\/p>\n<p class=\"v1MsoNormal\" style=\"text-align: justify;\">Finalmente, el director (I) de CONAF, Ronald Valenzuela, reforz\u00f3 el llamado a los ayseninos y ayseninas, as\u00ed como tambi\u00e9n a los turistas que nos visitan, a tomar las medidas adecuadas para prevenir los incendios forestales:<\/p>\n<p class=\"v1MsoNormal\" style=\"text-align: justify;\">\u00abEl llamado es sencillo, la prevenci\u00f3n es la base de todo. Podemos destacar un mont\u00f3n de recursos, como lo que podemos ver hoy d\u00eda, que es el helic\u00f3ptero que lleg\u00f3 a la regi\u00f3n y un segundo helic\u00f3ptero que llega el 20 de este mes, pero lo m\u00e1s importante, antes del combate y la cantidad de recursos que podamos destinar al combate, es la prevenci\u00f3n\u00bb.<\/p>\n<p class=\"v1MsoNormal\" style=\"text-align: justify;\">Cabe indicar que a la fecha, como parte de la estrategia del Gobierno para la temporada estival, existen 16 brigadas operativas desde La Junta hasta Villa O\u00b4Higgins; adem\u00e1s, este a\u00f1o se ha incorporado la modalidad de operaci\u00f3n vespertina, cubriendo as\u00ed operaciones hasta las 24 horas, en colaboraci\u00f3n con la central de coordinaci\u00f3n regional.\u00a0 En forma complementaria, el sistema de protecci\u00f3n regional cuenta con tres Brigadas del Ej\u00e9rcito (Coyhaique, Puerto Ays\u00e9n y Cochrane) y una brigada de Carabineros, lo que permite aumentar la fuerza de combate trabajando de manera efectiva y coordinada.<\/p>\n<p class=\"v1MsoNormal\" style=\"text-align: justify;\"><b>Caracter\u00edsticas del helic\u00f3ptero<\/b><\/p>\n<p class=\"v1MsoNormal\" style=\"text-align: justify;\">El helic\u00f3ptero, de tipo liviano, tiene una capacidad de descarga de mil litros de agua, espuma o retardante mediante sistema Bambi-bucket, adem\u00e1s de un sistema Powerfill que permite absorber en fuentes de agua con baja profundidad.<\/p>\n<p class=\"v1MsoNormal\" style=\"text-align: justify;\">Como complemento, posee una eslinga larga que permite el traslado de log\u00edstica mediante carga suspendida y adem\u00e1s permite traspasar la copa de los \u00e1rboles de las zonas m\u00e1s boscosas para, controlar y liquidar directamente los focos activos.<\/p>\n<p class=\"v1MsoNormal\" style=\"text-align: justify;\">Adicionalmente, cuenta con una capacidad de vuelo de dos horas en combate.<\/p>\n<\/div>\n<div><\/div>\n<\/div><\/section><\/div><div  style='height:50px' class='hr hr-invisible   avia-builder-el-6  el_after_av_one_full  el_before_av_social_share '><span class='hr-inner ' ><span class='hr-inner-style'><\/span><\/span><\/div><\/p>\n<div  class='av-social-sharing-box  avia-builder-el-7  el_after_av_hr  el_before_av_hr  '><div class='av-share-box'><h5 class='av-share-link-description av-no-toc '>Compartir esta noticia<\/h5><ul class='av-share-box-list noLightbox'><li class='av-share-link av-social-link-facebook' ><a target=\"_blank\" aria-label=\"Compartir en Facebook\" href='https:\/\/www.facebook.com\/sharer.php?u=https:\/\/radiorevelacionfm.cl\/?p=37958&#038;t=Gobierno%20confirma%20dos%20helic%C3%B3pteros%20para%20incendios%20forestales%20en%20Ays%C3%A9n' aria-hidden='false' data-av_icon='\ue8f3' data-av_iconfont='entypo-fontello' title='' data-avia-related-tooltip='Compartir en Facebook' rel=\"noopener\"><span class='avia_hidden_link_text'>Compartir en Facebook<\/span><\/a><\/li><li class='av-share-link av-social-link-twitter' ><a target=\"_blank\" aria-label=\"Compartir en Twitter\" href='https:\/\/twitter.com\/share?text=Gobierno%20confirma%20dos%20helic%C3%B3pteros%20para%20incendios%20forestales%20en%20Ays%C3%A9n&#038;url=https:\/\/radiorevelacionfm.cl\/?p=37958' aria-hidden='false' data-av_icon='\ue8f1' data-av_iconfont='entypo-fontello' title='' data-avia-related-tooltip='Compartir en Twitter' rel=\"noopener\"><span class='avia_hidden_link_text'>Compartir en Twitter<\/span><\/a><\/li><li class='av-share-link av-social-link-whatsapp' ><a target=\"_blank\" aria-label=\"Compartir en Whatsapp\" href='https:\/\/api.whatsapp.com\/send?text=https:\/\/radiorevelacionfm.cl\/?p=37958' aria-hidden='false' data-av_icon='\uf232' data-av_iconfont='entypo-fontello' title='' data-avia-related-tooltip='Compartir en Whatsapp' rel=\"noopener\"><span class='avia_hidden_link_text'>Compartir en Whatsapp<\/span><\/a><\/li><li class='av-share-link av-social-link-linkedin' ><a target=\"_blank\" aria-label=\"Compartir en LinkedIn\" href='https:\/\/linkedin.com\/shareArticle?mini=true&#038;title=Gobierno%20confirma%20dos%20helic%C3%B3pteros%20para%20incendios%20forestales%20en%20Ays%C3%A9n&#038;url=https:\/\/radiorevelacionfm.cl\/?p=37958' aria-hidden='false' data-av_icon='\ue8fc' data-av_iconfont='entypo-fontello' title='' data-avia-related-tooltip='Compartir en LinkedIn' rel=\"noopener\"><span class='avia_hidden_link_text'>Compartir en LinkedIn<\/span><\/a><\/li><li class='av-share-link av-social-link-mail' ><a  aria-label=\"Compartir por correo\" href='mailto:?subject=Gobierno%20confirma%20dos%20helic%C3%B3pteros%20para%20incendios%20forestales%20en%20Ays%C3%A9n&#038;body=https:\/\/radiorevelacionfm.cl\/?p=37958' aria-hidden='false' data-av_icon='\ue805' data-av_iconfont='entypo-fontello' title='' data-avia-related-tooltip='Compartir por correo'><span class='avia_hidden_link_text'>Compartir por correo<\/span><\/a><\/li><\/ul><\/div><\/div>\n<div  style='height:50px' class='hr hr-invisible   avia-builder-el-8  el_after_av_social_share  el_before_av_comments_list '><span class='hr-inner ' ><span class='hr-inner-style'><\/span><\/span><\/div>\n<div  class='av-buildercomment  av-blog-meta-html-info-disabled av-blog-meta-tag-disabled  '><\/div>\n","protected":false},"excerpt":{"rendered":"","protected":false},"author":1,"featured_media":37959,"comment_status":"open","ping_status":"open","sticky":false,"template":"","format":"standard","meta":{"footnotes":""},"categories":[38],"tags":[],"class_list":["post-37958","post","type-post","status-publish","format-standard","has-post-thumbnail","hentry","category-regional"],"jetpack_featured_media_url":"https:\/\/radiorevelacionfm.cl\/wp-content\/uploads\/2023\/12\/foto-7-1_optimized.jpeg","_links":{"self":[{"href":"https:\/\/radiorevelacionfm.cl\/index.php?rest_route=\/wp\/v2\/posts\/37958","targetHints":{"allow":["GET"]}}],"collection":[{"href":"https:\/\/radiorevelacionfm.cl\/index.php?rest_route=\/wp\/v2\/posts"}],"about":[{"href":"https:\/\/radiorevelacionfm.cl\/index.php?rest_route=\/wp\/v2\/types\/post"}],"author":[{"embeddable":true,"href":"https:\/\/radiorevelacionfm.cl\/index.php?rest_route=\/wp\/v2\/users\/1"}],"replies":[{"embeddable":true,"href":"https:\/\/radiorevelacionfm.cl\/index.php?rest_route=%2Fwp%2Fv2%2Fcomments&post=37958"}],"version-history":[{"count":1,"href":"https:\/\/radiorevelacionfm.cl\/index.php?rest_route=\/wp\/v2\/posts\/37958\/revisions"}],"predecessor-version":[{"id":37960,"href":"https:\/\/radiorevelacionfm.cl\/index.php?rest_route=\/wp\/v2\/posts\/37958\/revisions\/37960"}],"wp:featuredmedia":[{"embeddable":true,"href":"https:\/\/radiorevelacionfm.cl\/index.php?rest_route=\/wp\/v2\/media\/37959"}],"wp:attachment":[{"href":"https:\/\/radiorevelacionfm.cl\/index.php?rest_route=%2Fwp%2Fv2%2Fmedia&parent=37958"}],"wp:term":[{"taxonomy":"category","embeddable":true,"href":"https:\/\/radiorevelacionfm.cl\/index.php?rest_route=%2Fwp%2Fv2%2Fcategories&post=37958"},{"taxonomy":"post_tag","embeddable":true,"href":"https:\/\/radiorevelacionfm.cl\/index.php?rest_route=%2Fwp%2Fv2%2Ftags&post=37958"}],"curies":[{"name":"wp","href":"https:\/\/api.w.org\/{rel}","templated":true}]}}