{"id":37949,"date":"2023-12-13T16:52:03","date_gmt":"2023-12-13T19:52:03","guid":{"rendered":"https:\/\/radiorevelacionfm.cl\/?p=37949"},"modified":"2023-12-13T16:52:03","modified_gmt":"2023-12-13T19:52:03","slug":"operativo-policial-desmantela-estacion-de-radio-clandestina-en-balmaceda-por-infraccion-a-ley-general-de-telecomunicaciones","status":"publish","type":"post","link":"https:\/\/radiorevelacionfm.cl\/?p=37949","title":{"rendered":"Operativo policial desmantela Estaci\u00f3n de Radio clandestina en Balmaceda por infracci\u00f3n a Ley General de Telecomunicaciones"},"content":{"rendered":"<div class=\"flex_column av_one_full  flex_column_div av-zero-column-padding first  avia-builder-el-0  el_before_av_one_full  avia-builder-el-first  \" style='border-radius:0px; '><div  class='avia-image-container  av-styling-    avia-builder-el-1  avia-builder-el-no-sibling  avia-align-center '  itemprop=\"image\" itemscope=\"itemscope\" itemtype=\"https:\/\/schema.org\/ImageObject\"  ><div class='avia-image-container-inner'><div class='avia-image-overlay-wrap'><img decoding=\"async\" class='wp-image-37950 avia-img-lazy-loading-not-37950 avia_image' src=\"https:\/\/radiorevelacionfm.cl\/wp-content\/uploads\/2023\/12\/generica-1-1.jpg\" alt='' title='gen\u00e9rica (1) (1)' height=\"600\" width=\"1067\"  itemprop=\"thumbnailUrl\" srcset=\"https:\/\/radiorevelacionfm.cl\/wp-content\/uploads\/2023\/12\/generica-1-1.jpg 1067w, https:\/\/radiorevelacionfm.cl\/wp-content\/uploads\/2023\/12\/generica-1-1-300x169.jpg 300w, https:\/\/radiorevelacionfm.cl\/wp-content\/uploads\/2023\/12\/generica-1-1-1030x579.jpg 1030w, https:\/\/radiorevelacionfm.cl\/wp-content\/uploads\/2023\/12\/generica-1-1-768x432.jpg 768w, https:\/\/radiorevelacionfm.cl\/wp-content\/uploads\/2023\/12\/generica-1-1-705x396.jpg 705w, https:\/\/radiorevelacionfm.cl\/wp-content\/uploads\/2023\/12\/generica-1-1-450x253.jpg 450w, https:\/\/radiorevelacionfm.cl\/wp-content\/uploads\/2023\/12\/generica-1-1-600x337.jpg 600w\" sizes=\"(max-width: 1067px) 100vw, 1067px\" \/><\/div><\/div><\/div><\/div><div class=\"flex_column av_one_full  flex_column_div av-zero-column-padding first  avia-builder-el-2  el_after_av_one_full  el_before_av_one_full  column-top-margin\" style='border-radius:0px; '><section class=\"av_textblock_section \"  itemscope=\"itemscope\" itemtype=\"https:\/\/schema.org\/BlogPosting\" itemprop=\"blogPost\" ><div class='avia_textblock  '   itemprop=\"text\" ><p style=\"text-align: center;\"><span style=\"font-size: 18pt;\"><strong>Operativo policial desmantela Estaci\u00f3n de Radio clandestina en Balmaceda por infracci\u00f3n a Ley General de Telecomunicaciones<\/strong><\/span><\/p>\n<div id=\"gtx-trans\" style=\"position: absolute; left: -50px; top: 4.31534px;\">\n<div class=\"gtx-trans-icon\"><\/div>\n<\/div>\n<\/div><\/section><\/div><div class=\"flex_column av_one_full  flex_column_div av-zero-column-padding first  avia-builder-el-4  el_after_av_one_full  el_before_av_hr  column-top-margin\" style='border-radius:0px; '><section class=\"av_textblock_section \"  itemscope=\"itemscope\" itemtype=\"https:\/\/schema.org\/BlogPosting\" itemprop=\"blogPost\" ><div class='avia_textblock  '   itemprop=\"text\" ><p style=\"text-align: justify;\">Detectives de la Brigada Investigadora de Robos Coyhaique (BIROCOY) llevaron a cabo un operativo en la localidad de Balmaceda, con el objetivo de dar cumplimiento a una Orden de Investigar emitida por el Ministerio P\u00fablico, relacionada con presuntas infracciones a la Ley General de Telecomunicaciones.<\/p>\n<p style=\"text-align: justify;\">Durante la investigaci\u00f3n, t\u00e9cnicos de la Seremi de Telecomunicaciones Regional fueron entrevistados, y en conjunto con los detectives de la brigada especializada, se determin\u00f3 la comisi\u00f3n de un delito; una radio clandestina interfer\u00eda directamente en las comunicaciones radiales. Como consecuencia, se concurri\u00f3 a un domicilio particular ubicado en Balmaceda. \u201cEs a ra\u00edz de una entrada y registro efectuada en dicho inmueble que se ubicaron los equipos que permit\u00edan funcionar esta radio de emisora en la Frecuencia modulada 98.5\u201d, coment\u00f3 el subprefecto V\u00edctor Toledo, jefe de la Brigada Investigadora de Robos Coyhaique.<\/p>\n<p style=\"text-align: justify;\">En base a la investigaci\u00f3n se pudo determinar que los elementos incautados, tres equipos para transmisi\u00f3n Radial y de una antena de aire, ser\u00edan utilizados para la emisi\u00f3n de se\u00f1ales en la frecuencia modulada se\u00f1alada por el subprefecto Toledo, confirmando as\u00ed la comisi\u00f3n del delito en flagrancia. La persona responsable, fue detenida en el lugar de los hechos y posteriormente trasladada a la dependencia policial.<\/p>\n<p style=\"text-align: justify;\">\u201cSe hace presente que, en el trabajo previo a dar cumplimiento a esta entrada de registro, se coordin\u00f3 con diferentes entidades t\u00e9cnicas que permitieron establecer que se estaba cometiendo la infracci\u00f3n al art\u00edculo 36 de la Ley General de Telecomunicaciones. Antecedentes que fueron informados al Ministerio P\u00fablico\u201d, explic\u00f3 el jefe de la BIROCOY.<\/p>\n<p style=\"text-align: justify;\">Esta investigaci\u00f3n destaca la efectividad de la labor conjunta entre la PDI, Ministerio P\u00fablico y las autoridades t\u00e9cnicas, para combatir pr\u00e1cticas ilegales que afectan las comunicaciones radiales en la regi\u00f3n y que, en este caso, pon\u00edan en riesgo las frecuencias radiales de la localidad de Balmaceda.<\/p>\n<p style=\"text-align: justify;\"><strong>\u00a0<\/strong><\/p>\n<\/div><\/section><\/div><div  style='height:50px' class='hr hr-invisible   avia-builder-el-6  el_after_av_one_full  el_before_av_social_share '><span class='hr-inner ' ><span class='hr-inner-style'><\/span><\/span><\/div><\/p>\n<div  class='av-social-sharing-box  avia-builder-el-7  el_after_av_hr  el_before_av_hr  '><div class='av-share-box'><h5 class='av-share-link-description av-no-toc '>Compartir esta noticia<\/h5><ul class='av-share-box-list noLightbox'><li class='av-share-link av-social-link-facebook' ><a target=\"_blank\" aria-label=\"Compartir en Facebook\" href='https:\/\/www.facebook.com\/sharer.php?u=https:\/\/radiorevelacionfm.cl\/?p=37949&#038;t=Operativo%20policial%20desmantela%20Estaci%C3%B3n%20de%20Radio%20clandestina%20en%20Balmaceda%20por%20infracci%C3%B3n%20a%20Ley%20General%20de%20Telecomunicaciones' aria-hidden='false' data-av_icon='\ue8f3' data-av_iconfont='entypo-fontello' title='' data-avia-related-tooltip='Compartir en Facebook' rel=\"noopener\"><span class='avia_hidden_link_text'>Compartir en Facebook<\/span><\/a><\/li><li class='av-share-link av-social-link-twitter' ><a target=\"_blank\" aria-label=\"Compartir en Twitter\" href='https:\/\/twitter.com\/share?text=Operativo%20policial%20desmantela%20Estaci%C3%B3n%20de%20Radio%20clandestina%20en%20Balmaceda%20por%20infracci%C3%B3n%20a%20Ley%20General%20de%20Telecomunicaciones&#038;url=https:\/\/radiorevelacionfm.cl\/?p=37949' aria-hidden='false' data-av_icon='\ue8f1' data-av_iconfont='entypo-fontello' title='' data-avia-related-tooltip='Compartir en Twitter' rel=\"noopener\"><span class='avia_hidden_link_text'>Compartir en Twitter<\/span><\/a><\/li><li class='av-share-link av-social-link-whatsapp' ><a target=\"_blank\" aria-label=\"Compartir en Whatsapp\" href='https:\/\/api.whatsapp.com\/send?text=https:\/\/radiorevelacionfm.cl\/?p=37949' aria-hidden='false' data-av_icon='\uf232' data-av_iconfont='entypo-fontello' title='' data-avia-related-tooltip='Compartir en Whatsapp' rel=\"noopener\"><span class='avia_hidden_link_text'>Compartir en Whatsapp<\/span><\/a><\/li><li class='av-share-link av-social-link-linkedin' ><a target=\"_blank\" aria-label=\"Compartir en LinkedIn\" href='https:\/\/linkedin.com\/shareArticle?mini=true&#038;title=Operativo%20policial%20desmantela%20Estaci%C3%B3n%20de%20Radio%20clandestina%20en%20Balmaceda%20por%20infracci%C3%B3n%20a%20Ley%20General%20de%20Telecomunicaciones&#038;url=https:\/\/radiorevelacionfm.cl\/?p=37949' aria-hidden='false' data-av_icon='\ue8fc' data-av_iconfont='entypo-fontello' title='' data-avia-related-tooltip='Compartir en LinkedIn' rel=\"noopener\"><span class='avia_hidden_link_text'>Compartir en LinkedIn<\/span><\/a><\/li><li class='av-share-link av-social-link-mail' ><a  aria-label=\"Compartir por correo\" href='mailto:?subject=Operativo%20policial%20desmantela%20Estaci%C3%B3n%20de%20Radio%20clandestina%20en%20Balmaceda%20por%20infracci%C3%B3n%20a%20Ley%20General%20de%20Telecomunicaciones&#038;body=https:\/\/radiorevelacionfm.cl\/?p=37949' aria-hidden='false' data-av_icon='\ue805' data-av_iconfont='entypo-fontello' title='' data-avia-related-tooltip='Compartir por correo'><span class='avia_hidden_link_text'>Compartir por correo<\/span><\/a><\/li><\/ul><\/div><\/div>\n<div  style='height:50px' class='hr hr-invisible   avia-builder-el-8  el_after_av_social_share  el_before_av_comments_list '><span class='hr-inner ' ><span class='hr-inner-style'><\/span><\/span><\/div>\n<div  class='av-buildercomment  av-blog-meta-html-info-disabled av-blog-meta-tag-disabled  '><\/div>\n","protected":false},"excerpt":{"rendered":"","protected":false},"author":1,"featured_media":37950,"comment_status":"open","ping_status":"open","sticky":false,"template":"","format":"standard","meta":{"footnotes":""},"categories":[36],"tags":[],"class_list":["post-37949","post","type-post","status-publish","format-standard","has-post-thumbnail","hentry","category-policial"],"jetpack_featured_media_url":"https:\/\/radiorevelacionfm.cl\/wp-content\/uploads\/2023\/12\/generica-1-1.jpg","_links":{"self":[{"href":"https:\/\/radiorevelacionfm.cl\/index.php?rest_route=\/wp\/v2\/posts\/37949","targetHints":{"allow":["GET"]}}],"collection":[{"href":"https:\/\/radiorevelacionfm.cl\/index.php?rest_route=\/wp\/v2\/posts"}],"about":[{"href":"https:\/\/radiorevelacionfm.cl\/index.php?rest_route=\/wp\/v2\/types\/post"}],"author":[{"embeddable":true,"href":"https:\/\/radiorevelacionfm.cl\/index.php?rest_route=\/wp\/v2\/users\/1"}],"replies":[{"embeddable":true,"href":"https:\/\/radiorevelacionfm.cl\/index.php?rest_route=%2Fwp%2Fv2%2Fcomments&post=37949"}],"version-history":[{"count":1,"href":"https:\/\/radiorevelacionfm.cl\/index.php?rest_route=\/wp\/v2\/posts\/37949\/revisions"}],"predecessor-version":[{"id":37951,"href":"https:\/\/radiorevelacionfm.cl\/index.php?rest_route=\/wp\/v2\/posts\/37949\/revisions\/37951"}],"wp:featuredmedia":[{"embeddable":true,"href":"https:\/\/radiorevelacionfm.cl\/index.php?rest_route=\/wp\/v2\/media\/37950"}],"wp:attachment":[{"href":"https:\/\/radiorevelacionfm.cl\/index.php?rest_route=%2Fwp%2Fv2%2Fmedia&parent=37949"}],"wp:term":[{"taxonomy":"category","embeddable":true,"href":"https:\/\/radiorevelacionfm.cl\/index.php?rest_route=%2Fwp%2Fv2%2Fcategories&post=37949"},{"taxonomy":"post_tag","embeddable":true,"href":"https:\/\/radiorevelacionfm.cl\/index.php?rest_route=%2Fwp%2Fv2%2Ftags&post=37949"}],"curies":[{"name":"wp","href":"https:\/\/api.w.org\/{rel}","templated":true}]}}