{"id":37946,"date":"2023-12-13T16:35:51","date_gmt":"2023-12-13T19:35:51","guid":{"rendered":"https:\/\/radiorevelacionfm.cl\/?p=37946"},"modified":"2023-12-13T16:35:51","modified_gmt":"2023-12-13T19:35:51","slug":"carabineros-detuvo-a-sujeto-por-agresion-y-lesiones-a-guardias-de-seguridad-de-supermercado-en-coyhaique","status":"publish","type":"post","link":"https:\/\/radiorevelacionfm.cl\/?p=37946","title":{"rendered":"Carabineros detuvo a sujeto por agresi\u00f3n y lesiones a guardias de seguridad de Supermercado en Coyhaique"},"content":{"rendered":"<div class=\"flex_column av_one_full  flex_column_div av-zero-column-padding first  avia-builder-el-0  el_before_av_one_full  avia-builder-el-first  \" style='border-radius:0px; '><div  class='avia-image-container  av-styling-    avia-builder-el-1  avia-builder-el-no-sibling  avia-align-center '  itemprop=\"image\" itemscope=\"itemscope\" itemtype=\"https:\/\/schema.org\/ImageObject\"  ><div class='avia-image-container-inner'><div class='avia-image-overlay-wrap'><img decoding=\"async\" class='wp-image-37947 avia-img-lazy-loading-not-37947 avia_image' src=\"https:\/\/radiorevelacionfm.cl\/wp-content\/uploads\/2023\/12\/f4a2b4be-a6e5-48ca-bd08-e360c0caa859-1-1.jpg\" alt='' title='f4a2b4be-a6e5-48ca-bd08-e360c0caa859 (1) (1)' height=\"600\" width=\"800\"  itemprop=\"thumbnailUrl\" srcset=\"https:\/\/radiorevelacionfm.cl\/wp-content\/uploads\/2023\/12\/f4a2b4be-a6e5-48ca-bd08-e360c0caa859-1-1.jpg 800w, https:\/\/radiorevelacionfm.cl\/wp-content\/uploads\/2023\/12\/f4a2b4be-a6e5-48ca-bd08-e360c0caa859-1-1-300x225.jpg 300w, https:\/\/radiorevelacionfm.cl\/wp-content\/uploads\/2023\/12\/f4a2b4be-a6e5-48ca-bd08-e360c0caa859-1-1-768x576.jpg 768w, https:\/\/radiorevelacionfm.cl\/wp-content\/uploads\/2023\/12\/f4a2b4be-a6e5-48ca-bd08-e360c0caa859-1-1-705x529.jpg 705w, https:\/\/radiorevelacionfm.cl\/wp-content\/uploads\/2023\/12\/f4a2b4be-a6e5-48ca-bd08-e360c0caa859-1-1-450x338.jpg 450w, https:\/\/radiorevelacionfm.cl\/wp-content\/uploads\/2023\/12\/f4a2b4be-a6e5-48ca-bd08-e360c0caa859-1-1-600x450.jpg 600w\" sizes=\"(max-width: 800px) 100vw, 800px\" \/><\/div><\/div><\/div><\/div><div class=\"flex_column av_one_full  flex_column_div av-zero-column-padding first  avia-builder-el-2  el_after_av_one_full  el_before_av_one_full  column-top-margin\" style='border-radius:0px; '><section class=\"av_textblock_section \"  itemscope=\"itemscope\" itemtype=\"https:\/\/schema.org\/BlogPosting\" itemprop=\"blogPost\" ><div class='avia_textblock  '   itemprop=\"text\" ><h2 class=\"title\" style=\"text-align: center;\"><span style=\"font-size: 18pt;\"><b>Carabineros detuvo a sujeto por agresi\u00f3n y lesiones a guardias de seguridad de Supermercado en Coyhaique<\/b><\/span><\/h2>\n<div id=\"gtx-trans\" style=\"position: absolute; left: -50px; top: 4.31534px;\">\n<div class=\"gtx-trans-icon\"><\/div>\n<\/div>\n<\/div><\/section><\/div><div class=\"flex_column av_one_full  flex_column_div av-zero-column-padding first  avia-builder-el-4  el_after_av_one_full  el_before_av_hr  column-top-margin\" style='border-radius:0px; '><section class=\"av_textblock_section \"  itemscope=\"itemscope\" itemtype=\"https:\/\/schema.org\/BlogPosting\" itemprop=\"blogPost\" ><div class='avia_textblock  '   itemprop=\"text\" ><p style=\"text-align: justify;\"><em>El imputado registra 29 reiteraciones previas por diversos delitos.<\/em><\/p>\n<p style=\"text-align: justify;\">La oportuna denuncia sumado a una r\u00e1pida respuesta por parte de Carabineros de Coyhaique, que desarrollan servicios en el contexto del plan calles sin violencia, permiti\u00f3 detener a un sujeto por por su presunta participaci\u00f3n en el delito de agresi\u00f3n y lesiones en contra de dos guardias de seguridad del supermercado Unimarc de esta ciudad.<\/p>\n<p style=\"text-align: justify;\">El Comisario de Coyhaique, Mayor Franco Herrera Quezada, indic\u00f3 que un llamado telef\u00f3nico al nivel de emergencias 133 alert\u00f3 a Carabineros sobre una ri\u00f1a en el sector de estacionamientos del citado local comercial.<\/p>\n<p style=\"text-align: justify;\">\u00abAl arribar nuestros carabineros al lugar, constatan que dos guardias de seguridad estaban forcejeando y reduciendo a un sujeto quien se encontraba premunido de un arma blanca\u00bb.<\/p>\n<p style=\"text-align: justify;\">Tras la intervenci\u00f3n por parte del personal policial junto con prestar auxilio a las v\u00edctimas, se percatan que ambos guardias de seguridad evidenciaban lesiones atribuibles aparentemente al elemento cortopunzante que portaba dicho individuo, siendo controlada su identidad y posteriormente detenido por su presunta responsabilidad en este hecho.<\/p>\n<p style=\"text-align: justify;\">Frente a lo anterior, las v\u00edctimas fueron trasladados a la asistencia p\u00fablica con la finalidad de recibir la primera atenci\u00f3n m\u00e9dica, constatar lesiones y establecer el car\u00e1cter de las mismas, encontr\u00e1ndose fuera de riesgo vital.<\/p>\n<p style=\"text-align: justify;\">El sujeto quien registra un historial de 29 reiteraciones previas por diversos delitos, fue detenido y junto a los antecedentes del procedimiento, puesto a disposici\u00f3n del Ministerio P\u00fablico que dirige investigaci\u00f3n por este hecho, indic\u00f3 el Mayor Herrera.<\/p>\n<p style=\"text-align: justify;\">\u00abDentro de las hip\u00f3tesis que se manejan al momento es que -al parecer- este imputado habr\u00eda cometido este hecho con \u00e1nimos de venganza por una detenci\u00f3n previa que estos guardias de seguridad hab\u00edan realizado con esta persona debido a un hurto u otro delito que \u00e9l habr\u00eda cometido en el supermercado y que estos guardias de seguridad hab\u00edan evidenciado y lo hab\u00edan detenido en fechas anteriores siendo puesto a disposici\u00f3n de Carabineros\u00bb, indic\u00f3 el Comisario de Coyhaique.<\/p>\n<p style=\"text-align: justify;\">Las diligencias por este hecho est\u00e1n siendo desarrolladas por la Secci\u00f3n de Investigaci\u00f3n Policial (SIP) de la 1\u00b0 Comisar\u00eda de Coyhaique y la Oficina de Seguridad Privada OS.10.<\/p>\n<p style=\"text-align: justify;\">Desde enero al 3 de diciembre del presente a\u00f1o, Carabineros ha adoptado m\u00e1s de 186 mil procedimientos en la regi\u00f3n de Ays\u00e9n, con un saldo de 4.378 personas detenidas (19% m\u00e1s que en a\u00f1o 2022), 588 por delitos de mayor connotaci\u00f3n social (de los cuales el 40% registra detenciones previas por Carabineros) entre estos 330 por lesiones, 109 por robo y 143 por hurto, entre otros.<\/p>\n<\/div><\/section><\/div><div  style='height:50px' class='hr hr-invisible   avia-builder-el-6  el_after_av_one_full  el_before_av_social_share '><span class='hr-inner ' ><span class='hr-inner-style'><\/span><\/span><\/div><\/p>\n<div  class='av-social-sharing-box  avia-builder-el-7  el_after_av_hr  el_before_av_hr  '><div class='av-share-box'><h5 class='av-share-link-description av-no-toc '>Compartir esta noticia<\/h5><ul class='av-share-box-list noLightbox'><li class='av-share-link av-social-link-facebook' ><a target=\"_blank\" aria-label=\"Compartir en Facebook\" href='https:\/\/www.facebook.com\/sharer.php?u=https:\/\/radiorevelacionfm.cl\/?p=37946&#038;t=Carabineros%20detuvo%20a%20sujeto%20por%20agresi%C3%B3n%20y%20lesiones%20a%20guardias%20de%20seguridad%20de%20Supermercado%20en%20Coyhaique' aria-hidden='false' data-av_icon='\ue8f3' data-av_iconfont='entypo-fontello' title='' data-avia-related-tooltip='Compartir en Facebook' rel=\"noopener\"><span class='avia_hidden_link_text'>Compartir en Facebook<\/span><\/a><\/li><li class='av-share-link av-social-link-twitter' ><a target=\"_blank\" aria-label=\"Compartir en Twitter\" href='https:\/\/twitter.com\/share?text=Carabineros%20detuvo%20a%20sujeto%20por%20agresi%C3%B3n%20y%20lesiones%20a%20guardias%20de%20seguridad%20de%20Supermercado%20en%20Coyhaique&#038;url=https:\/\/radiorevelacionfm.cl\/?p=37946' aria-hidden='false' data-av_icon='\ue8f1' data-av_iconfont='entypo-fontello' title='' data-avia-related-tooltip='Compartir en Twitter' rel=\"noopener\"><span class='avia_hidden_link_text'>Compartir en Twitter<\/span><\/a><\/li><li class='av-share-link av-social-link-whatsapp' ><a target=\"_blank\" aria-label=\"Compartir en Whatsapp\" href='https:\/\/api.whatsapp.com\/send?text=https:\/\/radiorevelacionfm.cl\/?p=37946' aria-hidden='false' data-av_icon='\uf232' data-av_iconfont='entypo-fontello' title='' data-avia-related-tooltip='Compartir en Whatsapp' rel=\"noopener\"><span class='avia_hidden_link_text'>Compartir en Whatsapp<\/span><\/a><\/li><li class='av-share-link av-social-link-linkedin' ><a target=\"_blank\" aria-label=\"Compartir en LinkedIn\" href='https:\/\/linkedin.com\/shareArticle?mini=true&#038;title=Carabineros%20detuvo%20a%20sujeto%20por%20agresi%C3%B3n%20y%20lesiones%20a%20guardias%20de%20seguridad%20de%20Supermercado%20en%20Coyhaique&#038;url=https:\/\/radiorevelacionfm.cl\/?p=37946' aria-hidden='false' data-av_icon='\ue8fc' data-av_iconfont='entypo-fontello' title='' data-avia-related-tooltip='Compartir en LinkedIn' rel=\"noopener\"><span class='avia_hidden_link_text'>Compartir en LinkedIn<\/span><\/a><\/li><li class='av-share-link av-social-link-mail' ><a  aria-label=\"Compartir por correo\" href='mailto:?subject=Carabineros%20detuvo%20a%20sujeto%20por%20agresi%C3%B3n%20y%20lesiones%20a%20guardias%20de%20seguridad%20de%20Supermercado%20en%20Coyhaique&#038;body=https:\/\/radiorevelacionfm.cl\/?p=37946' aria-hidden='false' data-av_icon='\ue805' data-av_iconfont='entypo-fontello' title='' data-avia-related-tooltip='Compartir por correo'><span class='avia_hidden_link_text'>Compartir por correo<\/span><\/a><\/li><\/ul><\/div><\/div>\n<div  style='height:50px' class='hr hr-invisible   avia-builder-el-8  el_after_av_social_share  el_before_av_comments_list '><span class='hr-inner ' ><span class='hr-inner-style'><\/span><\/span><\/div>\n<div  class='av-buildercomment  av-blog-meta-html-info-disabled av-blog-meta-tag-disabled  '><\/div>\n","protected":false},"excerpt":{"rendered":"","protected":false},"author":1,"featured_media":37947,"comment_status":"open","ping_status":"open","sticky":false,"template":"","format":"standard","meta":{"footnotes":""},"categories":[36],"tags":[],"class_list":["post-37946","post","type-post","status-publish","format-standard","has-post-thumbnail","hentry","category-policial"],"jetpack_featured_media_url":"https:\/\/radiorevelacionfm.cl\/wp-content\/uploads\/2023\/12\/f4a2b4be-a6e5-48ca-bd08-e360c0caa859-1-1.jpg","_links":{"self":[{"href":"https:\/\/radiorevelacionfm.cl\/index.php?rest_route=\/wp\/v2\/posts\/37946","targetHints":{"allow":["GET"]}}],"collection":[{"href":"https:\/\/radiorevelacionfm.cl\/index.php?rest_route=\/wp\/v2\/posts"}],"about":[{"href":"https:\/\/radiorevelacionfm.cl\/index.php?rest_route=\/wp\/v2\/types\/post"}],"author":[{"embeddable":true,"href":"https:\/\/radiorevelacionfm.cl\/index.php?rest_route=\/wp\/v2\/users\/1"}],"replies":[{"embeddable":true,"href":"https:\/\/radiorevelacionfm.cl\/index.php?rest_route=%2Fwp%2Fv2%2Fcomments&post=37946"}],"version-history":[{"count":1,"href":"https:\/\/radiorevelacionfm.cl\/index.php?rest_route=\/wp\/v2\/posts\/37946\/revisions"}],"predecessor-version":[{"id":37948,"href":"https:\/\/radiorevelacionfm.cl\/index.php?rest_route=\/wp\/v2\/posts\/37946\/revisions\/37948"}],"wp:featuredmedia":[{"embeddable":true,"href":"https:\/\/radiorevelacionfm.cl\/index.php?rest_route=\/wp\/v2\/media\/37947"}],"wp:attachment":[{"href":"https:\/\/radiorevelacionfm.cl\/index.php?rest_route=%2Fwp%2Fv2%2Fmedia&parent=37946"}],"wp:term":[{"taxonomy":"category","embeddable":true,"href":"https:\/\/radiorevelacionfm.cl\/index.php?rest_route=%2Fwp%2Fv2%2Fcategories&post=37946"},{"taxonomy":"post_tag","embeddable":true,"href":"https:\/\/radiorevelacionfm.cl\/index.php?rest_route=%2Fwp%2Fv2%2Ftags&post=37946"}],"curies":[{"name":"wp","href":"https:\/\/api.w.org\/{rel}","templated":true}]}}