{"id":3794,"date":"2021-05-04T16:27:06","date_gmt":"2021-05-04T19:27:06","guid":{"rendered":"https:\/\/radiorevelacionfm.cl\/?p=3794"},"modified":"2021-05-04T16:27:06","modified_gmt":"2021-05-04T19:27:06","slug":"universidad-austral-abril-de-pedagogia-y-feminismo-en-el-campus-patagonia","status":"publish","type":"post","link":"https:\/\/radiorevelacionfm.cl\/?p=3794","title":{"rendered":"Universidad Austral: Abril de Pedagog\u00eda y Feminismo en el Campus Patagonia"},"content":{"rendered":"<div class=\"flex_column av_one_full  flex_column_div av-zero-column-padding first  avia-builder-el-0  el_before_av_one_full  avia-builder-el-first  \" style='border-radius:0px; '><div  class='avia-image-container  av-styling-    avia-builder-el-1  avia-builder-el-no-sibling  avia-align-center '  itemprop=\"image\" itemscope=\"itemscope\" itemtype=\"https:\/\/schema.org\/ImageObject\"  ><div class='avia-image-container-inner'><div class='avia-image-overlay-wrap'><img decoding=\"async\" class='wp-image-0 avia-img-lazy-loading-not-0 avia_image' src=\"https:\/\/radiorevelacionfm.cl\/wp-content\/uploads\/2021\/05\/Taller-no-xexista-Pedagogia-1-1.jpg\" alt='' title=''   itemprop=\"thumbnailUrl\"  \/><\/div><\/div><\/div><\/div><div class=\"flex_column av_one_full  flex_column_div av-zero-column-padding first  avia-builder-el-2  el_after_av_one_full  el_before_av_one_full  column-top-margin\" style='border-radius:0px; '><section class=\"av_textblock_section \"  itemscope=\"itemscope\" itemtype=\"https:\/\/schema.org\/BlogPosting\" itemprop=\"blogPost\" ><div class='avia_textblock  '   itemprop=\"text\" ><p style=\"text-align: center;\"><strong><span style=\"font-size: 18pt;\">Universidad Austral: Abril de Pedagog\u00eda y Feminismo en el Campus Patagonia<\/span><\/strong><\/p>\n<div id=\"gtx-trans\" style=\"position: absolute; left: -50px; top: 4.31534px;\">\n<div class=\"gtx-trans-icon\"><\/div>\n<\/div>\n<\/div><\/section><\/div><div class=\"flex_column av_one_full  flex_column_div av-zero-column-padding first  avia-builder-el-4  el_after_av_one_full  el_before_av_hr  column-top-margin\" style='border-radius:0px; '><section class=\"av_textblock_section \"  itemscope=\"itemscope\" itemtype=\"https:\/\/schema.org\/BlogPosting\" itemprop=\"blogPost\" ><div class='avia_textblock  '   itemprop=\"text\" ><p style=\"text-align: justify;\">Durante el mes de abril los y las estudiantes participaron de un ciclo de talleres disciplinares y conversatorios online asociados a la formaci\u00f3n pedag\u00f3gica no sexista.<\/p>\n<p style=\"text-align: justify;\">Orientado a estudiantes de Pedagog\u00eda en Educaci\u00f3n B\u00e1sica con Menciones del Campus Patagonia de la Universidad Austral de Chile, y organizados por los estudiantes del electivo de Equidad de g\u00e9nero en el aula 2020 de dicha carrera, junto a la Red Austral Pedag\u00f3gica Feminista (REDAPEF), organizaci\u00f3n que procura la generaci\u00f3n de reflexiones y acciones en los espacios educativos tendientes a problematizar y neutralizar el car\u00e1cter sexista de la educaci\u00f3n, los talleres estuvieron relacionados con las actuales Bases Curriculares de Ense\u00f1anza B\u00e1sica, particularmente en lo referente a la formaci\u00f3n integral de las y los estudiantes, el desarrollo de su autoestima, la actuaci\u00f3n de acuerdo con valores y normas de convivencia c\u00edvica de car\u00e1cter pac\u00edfica, tal como lo dice textualmente la Ley: \u201cReconocer y respetar la diversidad cultural, religiosa y \u00e9tnica y las diferencias entre las personas, as\u00ed como la igualdad de derechos entre hombres y mujeres, y desarrollar capacidades de empat\u00eda con los otros\u201d, como un aspecto prioritario con respecto al \u00e1mbito personal y social.<\/p>\n<p style=\"text-align: justify;\">Bernardita Villegas Almonacid, estudiante de Pedagog\u00eda y parte del equipo responsable de la realizaci\u00f3n de los talleres, indic\u00f3 que \u00e9stos buscaron generar espacios de reflexi\u00f3n en torno a la perspectiva de g\u00e9nero en las escuelas, potenciando el inter\u00e9s de las y los estudiantes de pedagog\u00eda en el \u00e1rea de los estudios de g\u00e9nero.<\/p>\n<p style=\"text-align: justify;\">\u201cCada uno de los talleres estuvieron pensados y relacionados con asignaturas que tendremos durante toda la carrera. La educaci\u00f3n no sexista no esta presente en lo formal, por eso creemos que como estudiantes y como parte de REDAPEF se hace necesario generar estos espacios de reflexi\u00f3n, que sin el apoyo de toda la comunidad educativa de la Universidad no habr\u00edan sido posible\u201d.<\/p>\n<p style=\"text-align: justify;\">Por otra parte, Catalina Troncoso Sade, tambi\u00e9n estudiante de \u00a0la carrera y parte de la organizaci\u00f3n, destac\u00f3 la generaci\u00f3n de este tipo de acciones que apuntan a la reflexi\u00f3n entorno a la educaci\u00f3n no sexista, la que seg\u00fan ella no esta presente en las pol\u00edticas p\u00fablicas ni hay lineamientos que atraviesen los organismos educacionales. \u201cSabemos que la prospectiva de g\u00e9nero no es parte prioritaria de la formaci\u00f3n docente, sino que va m\u00e1s por voluntades individuales, por esto decidimos levantar este espacio e instaurar un di\u00e1logo frente a la educaci\u00f3n no sexista en la educaci\u00f3n chilena\u201d.<\/p>\n<p style=\"text-align: justify;\">Finalmente Deisy Rogel, Directora de la Escuela de Pedagog\u00eda en Educaci\u00f3n B\u00e1sica con Menciones del Campus Patagonia, felicit\u00f3 a la organizaci\u00f3n y a los y las participantes, destacando el rol de la Universidad en este tipo de actividades. \u201cCreemos que la formaci\u00f3n pedag\u00f3gica con perspectiva de g\u00e9nero debe avanzar, ser parte diaria de nuestro que hacer, ya que es un pilar fundamental en una educaci\u00f3n con igualdad, equidad y sin violencia, todos aspectos muy relevantes para la Universidad, la que siempre esta apoyando e incentivando este tipo de actividades que nos lleven a conversaci\u00f3n y reflexi\u00f3n frente a temas tan importantes como este\u201d, puntualiz\u00f3.<\/p>\n<\/div><\/section><\/div><div  style='height:50px' class='hr hr-invisible   avia-builder-el-6  el_after_av_one_full  el_before_av_social_share '><span class='hr-inner ' ><span class='hr-inner-style'><\/span><\/span><\/div><\/p>\n<div  class='av-social-sharing-box  avia-builder-el-7  el_after_av_hr  el_before_av_hr  '><div class='av-share-box'><h5 class='av-share-link-description av-no-toc '>Compartir esta noticia<\/h5><ul class='av-share-box-list noLightbox'><li class='av-share-link av-social-link-facebook' ><a target=\"_blank\" aria-label=\"Compartir en Facebook\" href='https:\/\/www.facebook.com\/sharer.php?u=https:\/\/radiorevelacionfm.cl\/?p=3794&#038;t=Universidad%20Austral%3A%20Abril%20de%20Pedagog%C3%ADa%20y%20Feminismo%20en%20el%20Campus%20Patagonia' aria-hidden='false' data-av_icon='\ue8f3' data-av_iconfont='entypo-fontello' title='' data-avia-related-tooltip='Compartir en Facebook' rel=\"noopener\"><span class='avia_hidden_link_text'>Compartir en Facebook<\/span><\/a><\/li><li class='av-share-link av-social-link-twitter' ><a target=\"_blank\" aria-label=\"Compartir en Twitter\" href='https:\/\/twitter.com\/share?text=Universidad%20Austral%3A%20Abril%20de%20Pedagog%C3%ADa%20y%20Feminismo%20en%20el%20Campus%20Patagonia&#038;url=https:\/\/radiorevelacionfm.cl\/?p=3794' aria-hidden='false' data-av_icon='\ue8f1' data-av_iconfont='entypo-fontello' title='' data-avia-related-tooltip='Compartir en Twitter' rel=\"noopener\"><span class='avia_hidden_link_text'>Compartir en Twitter<\/span><\/a><\/li><li class='av-share-link av-social-link-whatsapp' ><a target=\"_blank\" aria-label=\"Compartir en Whatsapp\" href='https:\/\/api.whatsapp.com\/send?text=https:\/\/radiorevelacionfm.cl\/?p=3794' aria-hidden='false' data-av_icon='\uf232' data-av_iconfont='entypo-fontello' title='' data-avia-related-tooltip='Compartir en Whatsapp' rel=\"noopener\"><span class='avia_hidden_link_text'>Compartir en Whatsapp<\/span><\/a><\/li><li class='av-share-link av-social-link-linkedin' ><a target=\"_blank\" aria-label=\"Compartir en LinkedIn\" href='https:\/\/linkedin.com\/shareArticle?mini=true&#038;title=Universidad%20Austral%3A%20Abril%20de%20Pedagog%C3%ADa%20y%20Feminismo%20en%20el%20Campus%20Patagonia&#038;url=https:\/\/radiorevelacionfm.cl\/?p=3794' aria-hidden='false' data-av_icon='\ue8fc' data-av_iconfont='entypo-fontello' title='' data-avia-related-tooltip='Compartir en LinkedIn' rel=\"noopener\"><span class='avia_hidden_link_text'>Compartir en LinkedIn<\/span><\/a><\/li><li class='av-share-link av-social-link-mail' ><a  aria-label=\"Compartir por correo\" href='mailto:?subject=Universidad%20Austral%3A%20Abril%20de%20Pedagog%C3%ADa%20y%20Feminismo%20en%20el%20Campus%20Patagonia&#038;body=https:\/\/radiorevelacionfm.cl\/?p=3794' aria-hidden='false' data-av_icon='\ue805' data-av_iconfont='entypo-fontello' title='' data-avia-related-tooltip='Compartir por correo'><span class='avia_hidden_link_text'>Compartir por correo<\/span><\/a><\/li><\/ul><\/div><\/div>\n<div  style='height:50px' class='hr hr-invisible   avia-builder-el-8  el_after_av_social_share  el_before_av_comments_list '><span class='hr-inner ' ><span class='hr-inner-style'><\/span><\/span><\/div>\n<div  class='av-buildercomment  av-blog-meta-html-info-disabled av-blog-meta-tag-disabled  '><\/div>\n","protected":false},"excerpt":{"rendered":"","protected":false},"author":1,"featured_media":0,"comment_status":"open","ping_status":"open","sticky":false,"template":"","format":"standard","meta":{"footnotes":""},"categories":[49],"tags":[],"class_list":["post-3794","post","type-post","status-publish","format-standard","hentry","category-educacion"],"jetpack_featured_media_url":"","_links":{"self":[{"href":"https:\/\/radiorevelacionfm.cl\/index.php?rest_route=\/wp\/v2\/posts\/3794","targetHints":{"allow":["GET"]}}],"collection":[{"href":"https:\/\/radiorevelacionfm.cl\/index.php?rest_route=\/wp\/v2\/posts"}],"about":[{"href":"https:\/\/radiorevelacionfm.cl\/index.php?rest_route=\/wp\/v2\/types\/post"}],"author":[{"embeddable":true,"href":"https:\/\/radiorevelacionfm.cl\/index.php?rest_route=\/wp\/v2\/users\/1"}],"replies":[{"embeddable":true,"href":"https:\/\/radiorevelacionfm.cl\/index.php?rest_route=%2Fwp%2Fv2%2Fcomments&post=3794"}],"version-history":[{"count":1,"href":"https:\/\/radiorevelacionfm.cl\/index.php?rest_route=\/wp\/v2\/posts\/3794\/revisions"}],"predecessor-version":[{"id":3797,"href":"https:\/\/radiorevelacionfm.cl\/index.php?rest_route=\/wp\/v2\/posts\/3794\/revisions\/3797"}],"wp:attachment":[{"href":"https:\/\/radiorevelacionfm.cl\/index.php?rest_route=%2Fwp%2Fv2%2Fmedia&parent=3794"}],"wp:term":[{"taxonomy":"category","embeddable":true,"href":"https:\/\/radiorevelacionfm.cl\/index.php?rest_route=%2Fwp%2Fv2%2Fcategories&post=3794"},{"taxonomy":"post_tag","embeddable":true,"href":"https:\/\/radiorevelacionfm.cl\/index.php?rest_route=%2Fwp%2Fv2%2Ftags&post=3794"}],"curies":[{"name":"wp","href":"https:\/\/api.w.org\/{rel}","templated":true}]}}