{"id":37934,"date":"2023-12-13T21:17:23","date_gmt":"2023-12-14T00:17:23","guid":{"rendered":"https:\/\/radiorevelacionfm.cl\/?p=37934"},"modified":"2023-12-13T21:18:23","modified_gmt":"2023-12-14T00:18:23","slug":"piden-a-subsecretario-agilizar-tramitacion-de-concesion-maritima-para-proyecto-de-costanera-en-puerto-rio-tranquilo","status":"publish","type":"post","link":"https:\/\/radiorevelacionfm.cl\/?p=37934","title":{"rendered":"Piden a Subsecretario agilizar tramitaci\u00f3n de concesi\u00f3n mar\u00edtima para proyecto de costanera en Puerto R\u00edo Tranquilo"},"content":{"rendered":"<div class=\"flex_column av_one_full  flex_column_div av-zero-column-padding first  avia-builder-el-0  el_before_av_one_full  avia-builder-el-first  \" style='border-radius:0px; '><div  class='avia-image-container  av-styling-    avia-builder-el-1  avia-builder-el-no-sibling  avia-align-center '  itemprop=\"image\" itemscope=\"itemscope\" itemtype=\"https:\/\/schema.org\/ImageObject\"  ><div class='avia-image-container-inner'><div class='avia-image-overlay-wrap'><img decoding=\"async\" class='wp-image-37935 avia-img-lazy-loading-not-37935 avia_image' src=\"https:\/\/radiorevelacionfm.cl\/wp-content\/uploads\/2023\/12\/FOTO-REU-RIO-TRANQUILO-1-1.jpeg\" alt='' title='FOTO REU RIO TRANQUILO (1) (1)' height=\"600\" width=\"800\"  itemprop=\"thumbnailUrl\" srcset=\"https:\/\/radiorevelacionfm.cl\/wp-content\/uploads\/2023\/12\/FOTO-REU-RIO-TRANQUILO-1-1.jpeg 800w, https:\/\/radiorevelacionfm.cl\/wp-content\/uploads\/2023\/12\/FOTO-REU-RIO-TRANQUILO-1-1-300x225.jpeg 300w, https:\/\/radiorevelacionfm.cl\/wp-content\/uploads\/2023\/12\/FOTO-REU-RIO-TRANQUILO-1-1-768x576.jpeg 768w, https:\/\/radiorevelacionfm.cl\/wp-content\/uploads\/2023\/12\/FOTO-REU-RIO-TRANQUILO-1-1-705x529.jpeg 705w, https:\/\/radiorevelacionfm.cl\/wp-content\/uploads\/2023\/12\/FOTO-REU-RIO-TRANQUILO-1-1-450x338.jpeg 450w, https:\/\/radiorevelacionfm.cl\/wp-content\/uploads\/2023\/12\/FOTO-REU-RIO-TRANQUILO-1-1-600x450.jpeg 600w\" sizes=\"(max-width: 800px) 100vw, 800px\" \/><\/div><\/div><\/div><\/div>\n<div class=\"flex_column av_one_full  flex_column_div av-zero-column-padding first  avia-builder-el-2  el_after_av_one_full  el_before_av_one_full  column-top-margin\" style='border-radius:0px; '><section class=\"av_textblock_section \"  itemscope=\"itemscope\" itemtype=\"https:\/\/schema.org\/BlogPosting\" itemprop=\"blogPost\" ><div class='avia_textblock  '   itemprop=\"text\" ><h2 class=\"title\" style=\"text-align: center;\"><span style=\"font-size: 18pt;\"><b>Piden a Subsecretario agilizar tramitaci\u00f3n de concesi\u00f3n mar\u00edtima para proyecto de costanera en Puerto R\u00edo Tranquilo<\/b><\/span><\/h2>\n<div id=\"gtx-trans\" style=\"position: absolute; left: -50px; top: 4.31534px;\">\n<div class=\"gtx-trans-icon\"><\/div>\n<\/div>\n<\/div><\/section><\/div><div class=\"flex_column av_one_full  flex_column_div av-zero-column-padding first  avia-builder-el-4  el_after_av_one_full  el_before_av_hr  column-top-margin\" style='border-radius:0px; '><section class=\"av_textblock_section \"  itemscope=\"itemscope\" itemtype=\"https:\/\/schema.org\/BlogPosting\" itemprop=\"blogPost\" ><div class='avia_textblock  '   itemprop=\"text\" ><p style=\"font-weight: 400; text-align: justify;\">Conscientes de las demoras y trabas que ha tenido el proyecto para la construcci\u00f3n de la costanera de Puerto R\u00edo Tranquilo, el diputado Miguel \u00c1ngel Calisto y la Consejera Regional Paulina Hern\u00e1ndez, se reunieron con el Subsecretario para las Fuerzas Armadas, Galo Eidelstein, con el fin de solicitar que se agilice la concesi\u00f3n mar\u00edtima que se requiere para que esta iniciativa avance.<\/p>\n<p style=\"font-weight: 400; text-align: justify;\">Seg\u00fan el diputado Calisto, \u201cestamos trabajando junto a la consejera Paulina Hern\u00e1ndez en la autorizaci\u00f3n del permiso para finalmente poder construir la costanera en Puerto R\u00edo Tranquilo. Esta es una preocupaci\u00f3n no s\u00f3lo de la comuna de Ib\u00e1\u00f1ez yo la provincia de General Carrera, sino tambi\u00e9n de toda la regi\u00f3n, porque esta localidad es un eje importante del turismo en nuestra regi\u00f3n\u201d.<\/p>\n<p style=\"font-weight: 400; text-align: justify;\">\u201cLamentablemente, hoy en d\u00eda, por permisos y burocracia, est\u00e1 detenido el proyecto de la construcci\u00f3n de esta costanera. No es posible que no tengamos una infraestructura acorde con los miles de turistas que llegan a esta localidad\u201d, indic\u00f3.<\/p>\n<p style=\"font-weight: 400; text-align: justify;\">Calisto agreg\u00f3 que \u201chemos logrado algo que es concreto, el compromiso por parte de la Subsecretar\u00eda para las Fuerzas Armadas, del subsecretario Galo Eidelstein, para darle urgencia a la tramitaci\u00f3n de este tema y tener lo antes posible el documento que permita finalmente el inicio de la construcci\u00f3n de esta obra tan requerida por la comunidad y el mundo del turismo\u201d.<\/p>\n<p style=\"font-weight: 400; text-align: justify;\">Por su parte, la Consejera Paulina Hern\u00e1ndez asegur\u00f3 que \u201cestamos muy agradecidos del Subsecretario por habernos recibidos, especialmente por un tema que es tan importante para la comunidad de Puerto R\u00edo Tranquilo, que es obtener la concesi\u00f3n mar\u00edtima para poder ejecutar al fin el proyecto paseo costanera en esa localidad\u201d.<\/p>\n<p style=\"font-weight: 400; text-align: justify;\">\u201cSin duda, esto es importante o s\u00f3lo para los operadores de turismo que se ver\u00e1n beneficiados al mejorar la infraestructura, sino tambi\u00e9n ser\u00e1 importante para la empleabilidad, a la mano de obra que est\u00e1 carente de trabajo, como as\u00ed tambi\u00e9n ayudar\u00e1 a la ejecuci\u00f3n presupuestaria del GORE. Son muchos los beneficios a partir de este proyecto\u201d, indic\u00f3.<\/p>\n<p style=\"font-weight: 400; text-align: justify;\">Finalmente, la Consejera Regional por la provincia de General Carrera asegur\u00f3 que \u201cencontramos una muy buena recepci\u00f3n pro parte del Subsecretario, tenemos un compromiso de trabaja en conjunto con los equipos t\u00e9cnicos, tanto con las subsecretar\u00eda para las Fuerzas Armadas, como del equipo t\u00e9cnico del municipio de la comuna de R\u00edo Ib\u00e1\u00f1ez\u201d.<\/p>\n<\/div><\/section><\/div><\/p>\n<div  style='height:50px' class='hr hr-invisible   avia-builder-el-6  el_after_av_one_full  el_before_av_social_share '><span class='hr-inner ' ><span class='hr-inner-style'><\/span><\/span><\/div>\n<div  class='av-social-sharing-box  avia-builder-el-7  el_after_av_hr  el_before_av_hr  '><div class='av-share-box'><h5 class='av-share-link-description av-no-toc '>Compartir esta noticia<\/h5><ul class='av-share-box-list noLightbox'><li class='av-share-link av-social-link-facebook' ><a target=\"_blank\" aria-label=\"Compartir en Facebook\" href='https:\/\/www.facebook.com\/sharer.php?u=https:\/\/radiorevelacionfm.cl\/?p=37934&#038;t=Piden%20a%20Subsecretario%20agilizar%20tramitaci%C3%B3n%20de%20concesi%C3%B3n%20mar%C3%ADtima%20para%20proyecto%20de%20costanera%20en%20Puerto%20R%C3%ADo%20Tranquilo' aria-hidden='false' data-av_icon='\ue8f3' data-av_iconfont='entypo-fontello' title='' data-avia-related-tooltip='Compartir en Facebook' rel=\"noopener\"><span class='avia_hidden_link_text'>Compartir en Facebook<\/span><\/a><\/li><li class='av-share-link av-social-link-twitter' ><a target=\"_blank\" aria-label=\"Compartir en Twitter\" href='https:\/\/twitter.com\/share?text=Piden%20a%20Subsecretario%20agilizar%20tramitaci%C3%B3n%20de%20concesi%C3%B3n%20mar%C3%ADtima%20para%20proyecto%20de%20costanera%20en%20Puerto%20R%C3%ADo%20Tranquilo&#038;url=https:\/\/radiorevelacionfm.cl\/?p=37934' aria-hidden='false' data-av_icon='\ue8f1' data-av_iconfont='entypo-fontello' title='' data-avia-related-tooltip='Compartir en Twitter' rel=\"noopener\"><span class='avia_hidden_link_text'>Compartir en Twitter<\/span><\/a><\/li><li class='av-share-link av-social-link-whatsapp' ><a target=\"_blank\" aria-label=\"Compartir en Whatsapp\" href='https:\/\/api.whatsapp.com\/send?text=https:\/\/radiorevelacionfm.cl\/?p=37934' aria-hidden='false' data-av_icon='\uf232' data-av_iconfont='entypo-fontello' title='' data-avia-related-tooltip='Compartir en Whatsapp' rel=\"noopener\"><span class='avia_hidden_link_text'>Compartir en Whatsapp<\/span><\/a><\/li><li class='av-share-link av-social-link-linkedin' ><a target=\"_blank\" aria-label=\"Compartir en LinkedIn\" href='https:\/\/linkedin.com\/shareArticle?mini=true&#038;title=Piden%20a%20Subsecretario%20agilizar%20tramitaci%C3%B3n%20de%20concesi%C3%B3n%20mar%C3%ADtima%20para%20proyecto%20de%20costanera%20en%20Puerto%20R%C3%ADo%20Tranquilo&#038;url=https:\/\/radiorevelacionfm.cl\/?p=37934' aria-hidden='false' data-av_icon='\ue8fc' data-av_iconfont='entypo-fontello' title='' data-avia-related-tooltip='Compartir en LinkedIn' rel=\"noopener\"><span class='avia_hidden_link_text'>Compartir en LinkedIn<\/span><\/a><\/li><li class='av-share-link av-social-link-mail' ><a  aria-label=\"Compartir por correo\" href='mailto:?subject=Piden%20a%20Subsecretario%20agilizar%20tramitaci%C3%B3n%20de%20concesi%C3%B3n%20mar%C3%ADtima%20para%20proyecto%20de%20costanera%20en%20Puerto%20R%C3%ADo%20Tranquilo&#038;body=https:\/\/radiorevelacionfm.cl\/?p=37934' aria-hidden='false' data-av_icon='\ue805' data-av_iconfont='entypo-fontello' title='' data-avia-related-tooltip='Compartir por correo'><span class='avia_hidden_link_text'>Compartir por correo<\/span><\/a><\/li><\/ul><\/div><\/div>\n<div  style='height:50px' class='hr hr-invisible   avia-builder-el-8  el_after_av_social_share  el_before_av_comments_list '><span class='hr-inner ' ><span class='hr-inner-style'><\/span><\/span><\/div>\n<div  class='av-buildercomment  av-blog-meta-html-info-disabled av-blog-meta-tag-disabled  '><\/div>\n","protected":false},"excerpt":{"rendered":"","protected":false},"author":1,"featured_media":37935,"comment_status":"open","ping_status":"open","sticky":false,"template":"","format":"standard","meta":{"footnotes":""},"categories":[35],"tags":[],"class_list":["post-37934","post","type-post","status-publish","format-standard","has-post-thumbnail","hentry","category-politica"],"jetpack_featured_media_url":"https:\/\/radiorevelacionfm.cl\/wp-content\/uploads\/2023\/12\/FOTO-REU-RIO-TRANQUILO-1-1.jpeg","_links":{"self":[{"href":"https:\/\/radiorevelacionfm.cl\/index.php?rest_route=\/wp\/v2\/posts\/37934","targetHints":{"allow":["GET"]}}],"collection":[{"href":"https:\/\/radiorevelacionfm.cl\/index.php?rest_route=\/wp\/v2\/posts"}],"about":[{"href":"https:\/\/radiorevelacionfm.cl\/index.php?rest_route=\/wp\/v2\/types\/post"}],"author":[{"embeddable":true,"href":"https:\/\/radiorevelacionfm.cl\/index.php?rest_route=\/wp\/v2\/users\/1"}],"replies":[{"embeddable":true,"href":"https:\/\/radiorevelacionfm.cl\/index.php?rest_route=%2Fwp%2Fv2%2Fcomments&post=37934"}],"version-history":[{"count":3,"href":"https:\/\/radiorevelacionfm.cl\/index.php?rest_route=\/wp\/v2\/posts\/37934\/revisions"}],"predecessor-version":[{"id":37962,"href":"https:\/\/radiorevelacionfm.cl\/index.php?rest_route=\/wp\/v2\/posts\/37934\/revisions\/37962"}],"wp:featuredmedia":[{"embeddable":true,"href":"https:\/\/radiorevelacionfm.cl\/index.php?rest_route=\/wp\/v2\/media\/37935"}],"wp:attachment":[{"href":"https:\/\/radiorevelacionfm.cl\/index.php?rest_route=%2Fwp%2Fv2%2Fmedia&parent=37934"}],"wp:term":[{"taxonomy":"category","embeddable":true,"href":"https:\/\/radiorevelacionfm.cl\/index.php?rest_route=%2Fwp%2Fv2%2Fcategories&post=37934"},{"taxonomy":"post_tag","embeddable":true,"href":"https:\/\/radiorevelacionfm.cl\/index.php?rest_route=%2Fwp%2Fv2%2Ftags&post=37934"}],"curies":[{"name":"wp","href":"https:\/\/api.w.org\/{rel}","templated":true}]}}