{"id":37931,"date":"2023-12-13T18:21:56","date_gmt":"2023-12-13T21:21:56","guid":{"rendered":"https:\/\/radiorevelacionfm.cl\/?p=37931"},"modified":"2023-12-13T18:21:56","modified_gmt":"2023-12-13T21:21:56","slug":"ministerio-de-las-culturas-anuncia-ganadoras-y-ganadores-de-los-premios-literarios-2023-y-conmemora-los-30-anos-de-mejores-obras-literarias","status":"publish","type":"post","link":"https:\/\/radiorevelacionfm.cl\/?p=37931","title":{"rendered":"Ministerio de las Culturas anuncia ganadoras y ganadores de los Premios Literarios 2023 y conmemora los 30 a\u00f1os de Mejores Obras Literarias"},"content":{"rendered":"<div class=\"flex_column av_one_full  flex_column_div av-zero-column-padding first  avia-builder-el-0  el_before_av_one_full  avia-builder-el-first  \" style='border-radius:0px; '><div  class='avia-image-container  av-styling-    avia-builder-el-1  avia-builder-el-no-sibling  avia-align-center '  itemprop=\"image\" itemscope=\"itemscope\" itemtype=\"https:\/\/schema.org\/ImageObject\"  ><div class='avia-image-container-inner'><div class='avia-image-overlay-wrap'><img decoding=\"async\" class='wp-image-37932 avia-img-lazy-loading-not-37932 avia_image' src=\"https:\/\/radiorevelacionfm.cl\/wp-content\/uploads\/2023\/12\/Grafica-Premios-Literarios-1-1.png\" alt='' title='Grafica Premios Literarios (1) (1)' height=\"600\" width=\"800\"  itemprop=\"thumbnailUrl\" srcset=\"https:\/\/radiorevelacionfm.cl\/wp-content\/uploads\/2023\/12\/Grafica-Premios-Literarios-1-1.png 800w, https:\/\/radiorevelacionfm.cl\/wp-content\/uploads\/2023\/12\/Grafica-Premios-Literarios-1-1-300x225.png 300w, https:\/\/radiorevelacionfm.cl\/wp-content\/uploads\/2023\/12\/Grafica-Premios-Literarios-1-1-768x576.png 768w, https:\/\/radiorevelacionfm.cl\/wp-content\/uploads\/2023\/12\/Grafica-Premios-Literarios-1-1-705x529.png 705w, https:\/\/radiorevelacionfm.cl\/wp-content\/uploads\/2023\/12\/Grafica-Premios-Literarios-1-1-450x338.png 450w, https:\/\/radiorevelacionfm.cl\/wp-content\/uploads\/2023\/12\/Grafica-Premios-Literarios-1-1-600x450.png 600w\" sizes=\"(max-width: 800px) 100vw, 800px\" \/><\/div><\/div><\/div><\/div><div class=\"flex_column av_one_full  flex_column_div av-zero-column-padding first  avia-builder-el-2  el_after_av_one_full  el_before_av_one_full  column-top-margin\" style='border-radius:0px; '><section class=\"av_textblock_section \"  itemscope=\"itemscope\" itemtype=\"https:\/\/schema.org\/BlogPosting\" itemprop=\"blogPost\" ><div class='avia_textblock  '   itemprop=\"text\" ><p style=\"text-align: center;\"><strong><span style=\"font-size: 18pt;\">Ministerio de las Culturas anuncia ganadoras y ganadores de los Premios Literarios 2023 y conmemora los 30 a\u00f1os de Mejores Obras Literarias<\/span><\/strong><\/p>\n<div id=\"gtx-trans\" style=\"position: absolute; left: -50px; top: 4.31534px;\">\n<div class=\"gtx-trans-icon\"><\/div>\n<\/div>\n<\/div><\/section><\/div><div class=\"flex_column av_one_full  flex_column_div av-zero-column-padding first  avia-builder-el-4  el_after_av_one_full  el_before_av_hr  column-top-margin\" style='border-radius:0px; '><section class=\"av_textblock_section \"  itemscope=\"itemscope\" itemtype=\"https:\/\/schema.org\/BlogPosting\" itemprop=\"blogPost\" ><div class='avia_textblock  '   itemprop=\"text\" ><p style=\"text-align: justify;\"><em>La ceremonia de premiaci\u00f3n se realizar\u00e1 el pr\u00f3ximo mi\u00e9rcoles 20 de diciembre a las 10:00 horas en la sala Am\u00e9rica de la Biblioteca Nacional, donde se distinguir\u00e1 a todos los creadores en sus distintas categor\u00edas.<\/em><\/p>\n<p style=\"text-align: justify;\"><em>El streaming de la ceremonia se transmitir\u00e1 por el canal de YouTube del Plan Nacional de la Lectura:\u00a0<u><a id=\"m_539833374192925224OWAab1c746a-d331-a3a7-1d49-c921542259c6\" href=\"https:\/\/www.youtube.com\/user\/LeeChileLee\" target=\"_blank\" rel=\"noopener noreferrer\" data-saferedirecturl=\"https:\/\/www.google.com\/url?q=https:\/\/www.youtube.com\/user\/LeeChileLee&amp;source=gmail&amp;ust=1702575287534000&amp;usg=AOvVaw0nL4pcwCh6_cI9JRy-H_h1\">https:\/\/www.youtube.com\/user\/<wbr \/>LeeChileLee<\/a><\/u><\/em><\/p>\n<p style=\"text-align: justify;\">El Ministerio de las Culturas dio a conocer hoy a las ganadoras y los ganadores de los Premios Literarios 2023. En esta versi\u00f3n se reconoci\u00f3 las obras de 47 autores y autoras nacionales reunidas\u00a0en ocho distinciones:\u00a0 Mejores Obras Literarias, Escrituras de la Memoria, Roberto Bola\u00f1o, Amster-Cor\u00e9, Marta Brunet, Narrativa Gr\u00e1fica, Publicaciones Digitales e Investigaci\u00f3n y Humanidades. En estas distintas categor\u00edas y g\u00e9neros, los premios este 2023 reconocen 25 ganadores y 22 menciones honrosas, entregando m\u00e1s de 166 millones de pesos a autoras y autores.<\/p>\n<p style=\"text-align: justify;\">Tras la promulgaci\u00f3n de la ley 19.227, que crea el Fondo Nacional del Fomento del Libro y la Lectura, se instaur\u00f3 este significativo galard\u00f3n en las letras nacionales, bajo el nombre de Mejores Obras Literarias (MOL). Dicho premio cumple este 2023, treinta a\u00f1os de existencia. Asimismo, como parte de esta conmemoraci\u00f3n se entregar\u00e1, por primera vez, un segundo lugar en la categor\u00eda de obra publicada de este premio.<\/p>\n<p style=\"text-align: justify;\">Se avanza as\u00ed en el cumplimiento de uno de los objetivos de la pol\u00edtica sectorial, en torno a ampliar y poner en valor los premios MOL y a relevar y difundir todos los premios literarios que entrega el Consejo del Libro y la Lectura, en sus diversas categor\u00edas y g\u00e9neros.<\/p>\n<p style=\"text-align: justify;\">\u201cEstamos muy contentos como Ministerio de las Culturas, las Artes y el Patrimonio con esta importante premiaci\u00f3n, en la que conmemoramos 30 a\u00f1os del galard\u00f3n Mejores Obras Literarias, creado luego de promulgada la Ley del Libro en el a\u00f1o 1993, bajo la tutela del Fondo Nacional del Fomento del Libro y la Lectura. Esta primera ley sectorial fue un hito en las acciones culturales llevadas a cabo una vez recuperada la democracia y aport\u00f3 y sigue aportando significativamente a la valoraci\u00f3n social de la creaci\u00f3n y la edici\u00f3n en distintos g\u00e9neros literarios\u201d dijo Carolina Arredondo, ministra de las Culturas, las Artes y el Patrimonio.\u00a0 \u201cEs importante destacar la relevancia que otorga el ecosistema del libro a la convocatoria anual de Premios Literarios, que nuevamente este a\u00f1o refleja un aumento en las postulaciones, permitiendo fortalecer los espacios institucionales que fomentan la incorporaci\u00f3n de las autor\u00edas j\u00f3venes y la diversidad de voces existentes en nuestro territorio\u201d, agreg\u00f3 la secretaria de Estado.<\/p>\n<p style=\"text-align: justify;\">Los Premios Literarios del Ministerio de las Culturas constituyen el reconocimiento anual m\u00e1s relevante de nuestro pa\u00eds, abarcando un amplio espacio de la bibliodiversidad a trav\u00e9s de sus distintas categor\u00edas: obras publicadas e in\u00e9ditas; formatos impresos y digitales; disciplinas como el dise\u00f1o editorial y la ilustraci\u00f3n; y g\u00e9neros como novela, cuento, poes\u00eda, ensayo, dramaturgia, literatura infantil y juvenil, novela gr\u00e1fica, investigaci\u00f3n, cr\u00f3nica, etc.<\/p>\n<p style=\"text-align: justify;\">Desde el punto de vista paritario,\u00a0la constituci\u00f3n del jurado de los Premios Literarios por tercer a\u00f1o consecutivo tuvo una significativa representaci\u00f3n femenina con 52 mujeres y 43 hombres, con un total de 95 representantes del mundo de las letras, el dise\u00f1o y la edici\u00f3n. Esto datos dan cuenta de una proporci\u00f3n destacable que, sistem\u00e1ticamente, el programa ha trabajado en mantener y aumentar.<\/p>\n<p style=\"text-align: justify;\">El premio Mejores Obras Literarias (MOL) en su categor\u00eda obra publicada, reconoci\u00f3 tanto en obra ganadora como segundo lugar a autoras en los g\u00e9neros de novela, cuento, poes\u00eda y ensayo. Estas voces destacadas representan a diferentes generaciones de mujeres del pa\u00eds, como son los casos de: Cynthia Rimsky, Antonia Torres, Malu Furche y Constanza Michelson.<\/p>\n<p style=\"text-align: justify;\">Finalmente, el premio Roberto Bola\u00f1o de creaci\u00f3n literaria joven, sigue siendo el premio con mayor participaci\u00f3n de mujeres y regiones en comparaci\u00f3n con otros premios.\u00a0 As\u00ed, de un total de 373 obras admisibles, 141 son mujeres y 232 son hombres. Mientras que 220 son postulaciones de la Regi\u00f3n Metropolitana y 153 de regiones.<b>\u00a0\u00a0\u00a0\u00a0\u00a0\u00a0<\/b><\/p>\n<p style=\"text-align: justify;\">Cabe destacar que la ceremonia de premiaci\u00f3n se realizar\u00e1 el pr\u00f3ximo mi\u00e9rcoles 20 de diciembre a las 10:00 horas en la sala Am\u00e9rica de la Biblioteca Nacional, donde se distinguir\u00e1 a todos los creadores en sus distintas categor\u00edas.<\/p>\n<p style=\"text-align: justify;\">El streaming de la ceremonia se transmitir\u00e1 por el canal de YouTube del Plan Nacional de la Lectura:\u00a0<u><a id=\"m_539833374192925224OWA0d65b651-2842-4fbc-ad95-ac959e8b39ff\" href=\"https:\/\/www.youtube.com\/user\/LeeChileLee\" target=\"_blank\" rel=\"noopener noreferrer\" data-saferedirecturl=\"https:\/\/www.google.com\/url?q=https:\/\/www.youtube.com\/user\/LeeChileLee&amp;source=gmail&amp;ust=1702575287534000&amp;usg=AOvVaw0nL4pcwCh6_cI9JRy-H_h1\">https:\/\/www.youtube.com\/user\/<wbr \/>LeeChileLee<\/a><\/u><\/p>\n<p><strong>GANADORES MEJORES OBRAS LITERARIAS 2023<\/strong><\/p>\n<p><strong>Categor\u00eda: OBRAS PUBLICADAS<\/strong><\/p>\n<p>&#8211; NOVELA (obra ganadora)<\/p>\n<p>Yomur\u00ed, de Cynthia Rimsky<\/p>\n<p>-NOVELA (segundo lugar)<\/p>\n<p>Mambo, de Alejandra Moffat<\/p>\n<p>Jurado: Nayareth Pino Luna, Mat\u00edas Correa, Mat\u00edas Celed\u00f3n y Macarena Araya.<\/p>\n<p>-CUENTO (obra ganadora)<\/p>\n<p>Islas de calor, de Malu Furche<\/p>\n<p>-CUENTO (segundo lugar)<\/p>\n<p>Una taza de t\u00e9 para calmar los nervios, de Rodrigo Gonz\u00e1lez<\/p>\n<p>Jurado: Natalia Berbelagua, Roberto Careaga, Constanza Guti\u00e9rrez, Maritza Ram\u00edrez (Maivo Su\u00e1rez) y Diego Riveros.<\/p>\n<p>-POES\u00cdA (obra ganadora)<\/p>\n<p>Los detalles del mundo, de Antonia Torres<\/p>\n<p>-POES\u00cdA (segundo lugar)<\/p>\n<p>Enolebrum, de Kurt Folch<\/p>\n<p>Jurado: Maximiliano D\u00edaz, Paula Ilabaca, V\u00edctor Lopez, Roxanna Miranda y Paula Miranda.<\/p>\n<p>-ENSAYO (obra ganadora)<\/p>\n<p>Curepto es mi concepto. Ensayos sobre literatura y territorio, de Mario Verdugo<\/p>\n<p>-ENSAYO (segundo lugar)<\/p>\n<p>Hacer la noche, de Constanza Michelson<\/p>\n<p>Jurado: Jorge Moreno, Claudia Escobar, Megumi Andrade, Alfonso Iommi y Macarena Areco.<\/p>\n<p>-DRAMATURGIA (obra ganadora)<\/p>\n<p>Esto podr\u00eda durar y durar y durar y durar y durar, de Nicol\u00e1s Lange<\/p>\n<p>-DRAMATURGIA (segundo lugar)<\/p>\n<p>Contraluces de escena, de Alberto Kurapel<\/p>\n<p>Jurado: Samantha Manzur, Soledad Escobar y Cristi\u00e1n Opazo.<\/p>\n<p><strong>Categor\u00eda: Obras IN\u00c9DITAS<\/strong><\/p>\n<p>-NOVELA<\/p>\n<p>La discoteca, de Ignacio Castillo<\/p>\n<p>Jurado: Claudia Apablaza, Felipe Becerra, Javier Garc\u00eda, Nicol\u00e1s Meneses y Amanda Teillery.<\/p>\n<p>-CUENTO<\/p>\n<p>Los ciervos, de Fernando Concha<\/p>\n<p>Jurado: Luis L\u00f3pez-Aliaga, Camila Valenzuela, Andrea Palet, Jorge N\u00fa\u00f1ez y Jos\u00e9 Ignacio Silva.<\/p>\n<p>-POES\u00cdA<\/p>\n<p>La muerte del Shogun, de Daniel Viscarra<\/p>\n<p>Jurado: Milagros \u00c1balo, Marina Arrate, Enrique Winter, Vicente Undurraga y David Villagr\u00e1n.<\/p>\n<p>-ENSAYO<\/p>\n<p>Ficciones subterr\u00e1neas. Ensayos sobre el laberinto, de Ignacio Quezada<\/p>\n<p>Jurado: Andrea Kottow, Pavella Coppola, Alexis Figueroa, Jimena Castro y Paz L\u00f3pez.<\/p>\n<p><strong>GANADORES ESCRITURAS DE LA MEMORIA 2023<\/strong><\/p>\n<p>Categor\u00eda: OBRA PUBLICADA<\/p>\n<p>Ganadores: La b\u00fasqueda, de Crist\u00f3bal Jimeno y Daniela Mohor<\/p>\n<p>Jurado: Marisol Garc\u00eda, Tania Tamayo, Mauricio Weibel, Jenny C\u00e1ceres y Yanko Gonz\u00e1lez.<\/p>\n<p>Categor\u00eda: OBRAS IN\u00c9DITAS (obra ganadora)<\/p>\n<p>-Ganador: Se supone que hay una revoluci\u00f3n. (Historia oral sobre la contracultura chilena de los 70s), de Antonio D\u00edaz Oliva.<\/p>\n<p>-Menci\u00f3n Honrosa: Hacer mi habla. Entrevistas a Gabriela Mistral, de Daniel Fuenzalida y Rafael Far\u00edas.<\/p>\n<p>Jurado: Javiera Tapia, Arturo Galarce, Marcela Aguilar, Diego Gonz\u00e1lez y Macarena R\u00edos.<\/p>\n<p><strong>GANADORES INVESTIGACI\u00d3N Y HUMANIDADES 2023<\/strong><\/p>\n<p>Categor\u00eda: OBRA PUBLICADA<\/p>\n<p>Ganador: La oficina de la nada: po\u00e9ticas negativas contempor\u00e1neas, de Felipe Cussen<\/p>\n<p>Jurado: Diego Mellado, Paula Coddou, Catalina Porzio, Juan Pablo Meneses y Carolina Benavente.<\/p>\n<p>Categor\u00eda: OBRAS IN\u00c9DITAS<\/p>\n<p>-Ganador: El gesto fugitivo. Antes de la invenci\u00f3n de lo nuevo\/moderno en el cine chileno, de Jos\u00e9 Miguel Santa Cruz<\/p>\n<p>-Menci\u00f3n Honrosa: La (re)vuelta del carnaval chileno, de Sergio Guerra<\/p>\n<p>Jurado: Mar\u00eda In\u00e9s Zald\u00edvar, Josefina Schenke, Gazi Jalil, Mar\u00eda Eugenia Brito y Mat\u00edas S\u00e1nchez.<\/p>\n<p><strong>GANADORES AMSTER-COR\u00c9 2023<\/strong><\/p>\n<p><strong>MENCI\u00d3N AMSTER AL DISE\u00d1O EDITORIAL<\/strong><\/p>\n<p>Ganadora: Paisaje, Materia y Oficio: Cr\u00f3nica y visualidad de los saberes de la construcci\u00f3n en Chile, de Constanza Gaggero<\/p>\n<p>Jurado: Pablo Mart\u00ednez, Julie Carles y Alejandra \u00c4menabar.<\/p>\n<p><strong>MENCI\u00d3N COR\u00c9, A LA ILUSTRACI\u00d3N<\/strong><\/p>\n<p>El Bosque, de Sebasti\u00e1n Ilabaca Acu\u00f1a<\/p>\n<p>Jurado: Constanza Salazar, Carles Ballesteros y Consuelo Terra.<\/p>\n<p style=\"text-align: justify;\"><b>\u00a0<\/b><\/p>\n<\/div><\/section><\/div><div  style='height:50px' class='hr hr-invisible   avia-builder-el-6  el_after_av_one_full  el_before_av_social_share '><span class='hr-inner ' ><span class='hr-inner-style'><\/span><\/span><\/div><\/p>\n<div  class='av-social-sharing-box  avia-builder-el-7  el_after_av_hr  el_before_av_hr  '><div class='av-share-box'><h5 class='av-share-link-description av-no-toc '>Compartir esta noticia<\/h5><ul class='av-share-box-list noLightbox'><li class='av-share-link av-social-link-facebook' ><a target=\"_blank\" aria-label=\"Compartir en Facebook\" href='https:\/\/www.facebook.com\/sharer.php?u=https:\/\/radiorevelacionfm.cl\/?p=37931&#038;t=Ministerio%20de%20las%20Culturas%20anuncia%20ganadoras%20y%20ganadores%20de%20los%20Premios%20Literarios%202023%20y%20conmemora%20los%2030%20a%C3%B1os%20de%20Mejores%20Obras%20Literarias' aria-hidden='false' data-av_icon='\ue8f3' data-av_iconfont='entypo-fontello' title='' data-avia-related-tooltip='Compartir en Facebook' rel=\"noopener\"><span class='avia_hidden_link_text'>Compartir en Facebook<\/span><\/a><\/li><li class='av-share-link av-social-link-twitter' ><a target=\"_blank\" aria-label=\"Compartir en Twitter\" href='https:\/\/twitter.com\/share?text=Ministerio%20de%20las%20Culturas%20anuncia%20ganadoras%20y%20ganadores%20de%20los%20Premios%20Literarios%202023%20y%20conmemora%20los%2030%20a%C3%B1os%20de%20Mejores%20Obras%20Literarias&#038;url=https:\/\/radiorevelacionfm.cl\/?p=37931' aria-hidden='false' data-av_icon='\ue8f1' data-av_iconfont='entypo-fontello' title='' data-avia-related-tooltip='Compartir en Twitter' rel=\"noopener\"><span class='avia_hidden_link_text'>Compartir en Twitter<\/span><\/a><\/li><li class='av-share-link av-social-link-whatsapp' ><a target=\"_blank\" aria-label=\"Compartir en Whatsapp\" href='https:\/\/api.whatsapp.com\/send?text=https:\/\/radiorevelacionfm.cl\/?p=37931' aria-hidden='false' data-av_icon='\uf232' data-av_iconfont='entypo-fontello' title='' data-avia-related-tooltip='Compartir en Whatsapp' rel=\"noopener\"><span class='avia_hidden_link_text'>Compartir en Whatsapp<\/span><\/a><\/li><li class='av-share-link av-social-link-linkedin' ><a target=\"_blank\" aria-label=\"Compartir en LinkedIn\" href='https:\/\/linkedin.com\/shareArticle?mini=true&#038;title=Ministerio%20de%20las%20Culturas%20anuncia%20ganadoras%20y%20ganadores%20de%20los%20Premios%20Literarios%202023%20y%20conmemora%20los%2030%20a%C3%B1os%20de%20Mejores%20Obras%20Literarias&#038;url=https:\/\/radiorevelacionfm.cl\/?p=37931' aria-hidden='false' data-av_icon='\ue8fc' data-av_iconfont='entypo-fontello' title='' data-avia-related-tooltip='Compartir en LinkedIn' rel=\"noopener\"><span class='avia_hidden_link_text'>Compartir en LinkedIn<\/span><\/a><\/li><li class='av-share-link av-social-link-mail' ><a  aria-label=\"Compartir por correo\" href='mailto:?subject=Ministerio%20de%20las%20Culturas%20anuncia%20ganadoras%20y%20ganadores%20de%20los%20Premios%20Literarios%202023%20y%20conmemora%20los%2030%20a%C3%B1os%20de%20Mejores%20Obras%20Literarias&#038;body=https:\/\/radiorevelacionfm.cl\/?p=37931' aria-hidden='false' data-av_icon='\ue805' data-av_iconfont='entypo-fontello' title='' data-avia-related-tooltip='Compartir por correo'><span class='avia_hidden_link_text'>Compartir por correo<\/span><\/a><\/li><\/ul><\/div><\/div>\n<div  style='height:50px' class='hr hr-invisible   avia-builder-el-8  el_after_av_social_share  el_before_av_comments_list '><span class='hr-inner ' ><span class='hr-inner-style'><\/span><\/span><\/div>\n<div  class='av-buildercomment  av-blog-meta-html-info-disabled av-blog-meta-tag-disabled  '><\/div>\n","protected":false},"excerpt":{"rendered":"","protected":false},"author":1,"featured_media":37932,"comment_status":"open","ping_status":"open","sticky":false,"template":"","format":"standard","meta":{"footnotes":""},"categories":[52],"tags":[],"class_list":["post-37931","post","type-post","status-publish","format-standard","has-post-thumbnail","hentry","category-cultura"],"jetpack_featured_media_url":"https:\/\/radiorevelacionfm.cl\/wp-content\/uploads\/2023\/12\/Grafica-Premios-Literarios-1-1.png","_links":{"self":[{"href":"https:\/\/radiorevelacionfm.cl\/index.php?rest_route=\/wp\/v2\/posts\/37931","targetHints":{"allow":["GET"]}}],"collection":[{"href":"https:\/\/radiorevelacionfm.cl\/index.php?rest_route=\/wp\/v2\/posts"}],"about":[{"href":"https:\/\/radiorevelacionfm.cl\/index.php?rest_route=\/wp\/v2\/types\/post"}],"author":[{"embeddable":true,"href":"https:\/\/radiorevelacionfm.cl\/index.php?rest_route=\/wp\/v2\/users\/1"}],"replies":[{"embeddable":true,"href":"https:\/\/radiorevelacionfm.cl\/index.php?rest_route=%2Fwp%2Fv2%2Fcomments&post=37931"}],"version-history":[{"count":1,"href":"https:\/\/radiorevelacionfm.cl\/index.php?rest_route=\/wp\/v2\/posts\/37931\/revisions"}],"predecessor-version":[{"id":37933,"href":"https:\/\/radiorevelacionfm.cl\/index.php?rest_route=\/wp\/v2\/posts\/37931\/revisions\/37933"}],"wp:featuredmedia":[{"embeddable":true,"href":"https:\/\/radiorevelacionfm.cl\/index.php?rest_route=\/wp\/v2\/media\/37932"}],"wp:attachment":[{"href":"https:\/\/radiorevelacionfm.cl\/index.php?rest_route=%2Fwp%2Fv2%2Fmedia&parent=37931"}],"wp:term":[{"taxonomy":"category","embeddable":true,"href":"https:\/\/radiorevelacionfm.cl\/index.php?rest_route=%2Fwp%2Fv2%2Fcategories&post=37931"},{"taxonomy":"post_tag","embeddable":true,"href":"https:\/\/radiorevelacionfm.cl\/index.php?rest_route=%2Fwp%2Fv2%2Ftags&post=37931"}],"curies":[{"name":"wp","href":"https:\/\/api.w.org\/{rel}","templated":true}]}}