{"id":37928,"date":"2023-12-13T16:27:59","date_gmt":"2023-12-13T19:27:59","guid":{"rendered":"https:\/\/radiorevelacionfm.cl\/?p=37928"},"modified":"2023-12-13T16:27:59","modified_gmt":"2023-12-13T19:27:59","slug":"medio-ambiente-invita-a-participar-de-taller-para-la-consulta-publica-del-acuerdo-de-escazu-en-chile","status":"publish","type":"post","link":"https:\/\/radiorevelacionfm.cl\/?p=37928","title":{"rendered":"Medio Ambiente invita a participar de taller para la Consulta P\u00fablica del Acuerdo de Escaz\u00fa en Chile"},"content":{"rendered":"<div class=\"flex_column av_one_full  flex_column_div av-zero-column-padding first  avia-builder-el-0  el_before_av_one_full  avia-builder-el-first  \" style='border-radius:0px; '><div  class='avia-image-container  av-styling-    avia-builder-el-1  avia-builder-el-no-sibling  avia-align-center '  itemprop=\"image\" itemscope=\"itemscope\" itemtype=\"https:\/\/schema.org\/ImageObject\"  ><div class='avia-image-container-inner'><div class='avia-image-overlay-wrap'><img decoding=\"async\" class='wp-image-37929 avia-img-lazy-loading-not-37929 avia_image' src=\"https:\/\/radiorevelacionfm.cl\/wp-content\/uploads\/2023\/12\/Seremi1-1-1.jpeg\" alt='' title='Seremi1 (1) (1)' height=\"600\" width=\"962\"  itemprop=\"thumbnailUrl\" srcset=\"https:\/\/radiorevelacionfm.cl\/wp-content\/uploads\/2023\/12\/Seremi1-1-1.jpeg 962w, https:\/\/radiorevelacionfm.cl\/wp-content\/uploads\/2023\/12\/Seremi1-1-1-300x187.jpeg 300w, https:\/\/radiorevelacionfm.cl\/wp-content\/uploads\/2023\/12\/Seremi1-1-1-768x479.jpeg 768w, https:\/\/radiorevelacionfm.cl\/wp-content\/uploads\/2023\/12\/Seremi1-1-1-705x440.jpeg 705w, https:\/\/radiorevelacionfm.cl\/wp-content\/uploads\/2023\/12\/Seremi1-1-1-450x281.jpeg 450w, https:\/\/radiorevelacionfm.cl\/wp-content\/uploads\/2023\/12\/Seremi1-1-1-600x374.jpeg 600w\" sizes=\"(max-width: 962px) 100vw, 962px\" \/><\/div><\/div><\/div><\/div><div class=\"flex_column av_one_full  flex_column_div av-zero-column-padding first  avia-builder-el-2  el_after_av_one_full  el_before_av_one_full  column-top-margin\" style='border-radius:0px; '><section class=\"av_textblock_section \"  itemscope=\"itemscope\" itemtype=\"https:\/\/schema.org\/BlogPosting\" itemprop=\"blogPost\" ><div class='avia_textblock  '   itemprop=\"text\" ><p style=\"text-align: center;\"><span style=\"font-size: 18pt;\"><strong>Medio Ambiente invita a participar de taller para la Consulta P\u00fablica del Acuerdo de Escaz\u00fa <\/strong><strong>en Chile<\/strong><\/span><\/p>\n<div id=\"gtx-trans\" style=\"position: absolute; left: -50px; top: 4.31534px;\">\n<div class=\"gtx-trans-icon\"><\/div>\n<\/div>\n<\/div><\/section><\/div><div class=\"flex_column av_one_full  flex_column_div av-zero-column-padding first  avia-builder-el-4  el_after_av_one_full  el_before_av_hr  column-top-margin\" style='border-radius:0px; '><section class=\"av_textblock_section \"  itemscope=\"itemscope\" itemtype=\"https:\/\/schema.org\/BlogPosting\" itemprop=\"blogPost\" ><div class='avia_textblock  '   itemprop=\"text\" ><p style=\"text-align: justify;\">Este viernes 15 de diciembre a las 15:00 horas es la cita que espera reunir las voces de la regi\u00f3n de Ays\u00e9n en torno a la implementaci\u00f3n del Acuerdo de Escaz\u00fa en Chile; la actividad convocada por la Seremi del Medio Ambiente, es abierta a todo p\u00fablico y se realizar\u00e1 en la Reserva Nacional R\u00edo Simpson, en el marco de la escuela de verano en gobernanza clim\u00e1tica, organizada por el Nodo Ciencia Austral, Seremi del Medio Ambiente y Centro de Investigaci\u00f3n en Ecosistemas de la Patagonia (CIEP), en colaboraci\u00f3n con el Centro de Ciencia del Clima y la Resiliencia CR2, Conaf Ays\u00e9n, Fundaci\u00f3n Reforestemos e instituciones de educaci\u00f3n de Coyhaique.<\/p>\n<p style=\"text-align: justify;\">El pasado 27 de noviembre el Ministerio del Medio Ambiente inici\u00f3 el proceso de Consulta P\u00fablica del Anteproyecto del Plan de Implementaci\u00f3n Participativa del Acuerdo de Escaz\u00fa en Chile 2024-2030, con el objetivo de recoger opiniones y observaciones de la ciudadan\u00eda sobre la puesta en marcha del acuerdo latinoamericano y del Caribe, fortaleciendo as\u00ed la democracia ambiental de los pa\u00edses de la regi\u00f3n. Para reforzar el despliegue, el ministerio, a trav\u00e9s de las SEREMIS est\u00e1 realizando una serie de talleres regionales y este viernes 15 es el turno de la regi\u00f3n de Ays\u00e9n.<\/p>\n<p style=\"text-align: justify;\"><strong>\u201cInvitamos a todos y todas a sumarse a esta actividad para la que contaremos con un bus de traslado, a participar con sus aportes a este dialogo y tambi<\/strong><strong>\u00e9n a\u00a0 ingresar sus observaciones en esta consulta hist\u00f3rica que nos abre un paso fundamental hacia la democracia ambiental en nuestro pa\u00eds\u201d,<\/strong> declar\u00f3 el Seremi del Medio Ambiente, Yoal D\u00edaz.<\/p>\n<p style=\"text-align: justify;\">Para sumarse al taller, las y los interesados pueden inscribirse en el siguiente ink <a href=\"https:\/\/forms.gle\/Jcwokex2SmkoRED36?fbclid=IwAR22e0alvHCDY6tK-QLl57X639GXfQ08XY88_AXP7RbZQC1fTx1hO3vYrLM\">https:\/\/forms.gle\/Jcwokex2SmkoRED36<\/a> y hacer uso del bus de traslado que partir\u00e1 a las 14:30 hrs. desde la plaza de armas de Coyhaique.<\/p>\n<p style=\"text-align: justify;\">La consulta se encontrar\u00e1 abierta para todas las personas hasta el 01 de febrero de 2024, y pone a disposici\u00f3n de la ciudadan\u00eda el resultado del proceso de \u201cParticipaci\u00f3n Temprana\u201d desarrollado por el Ministerio del Medio Ambiente, que recogi\u00f3 aportes de distintos sectores de la sociedad, considerando 3.640 opiniones, sugerencias y observaciones, que alimentaron el anteproyecto ahora en consulta p\u00fabica.<\/p>\n<p style=\"text-align: justify;\">Adem\u00e1s, de forma in\u00e9dita, el proceso de Consulta P\u00fablica contempla una invitaci\u00f3n para que los municipios, instituciones, grupos u organizaciones de la sociedad civil puedan realizar cabildos autoconvocados, con objetivo de analizar la propuesta y entregar sus aportes al instrumento en consulta. El anteproyecto, sus antecedentes y el env\u00edo de las observaciones puede realizarse en la plataforma: https:\/\/consultasciudadanas.mma.gob.cl\/portal<\/p>\n<p style=\"text-align: justify;\"><strong>ESCUELA DE VERANO<\/strong><\/p>\n<p style=\"text-align: justify;\">Si bien el taller es abierto a todo p\u00fablico, se realizar\u00e1 en el marco de la escuela de verano \u201cReflexiones locales de la gobernanza clim\u00e1tica desde la Patagonia: Experiencias, saberes y sentires para la acci\u00f3n\u201d que tendr\u00e1 lugar entre 13 al 15 de diciembre y donde participar\u00e1n estudiantes, profesionales, trabajadores del sector p\u00fablico, representantes de organizaciones y empresas de todas las comunas de la Regi\u00f3n de Ays\u00e9n, disfrutando de charlas magistrales, conversatorios y salidas a terreno, en tem\u00e1ticas de acci\u00f3n clim\u00e1tica justa, bienestar socioecol\u00f3gico y cambio clim\u00e1tico.<\/p>\n<\/div><\/section><\/div><div  style='height:50px' class='hr hr-invisible   avia-builder-el-6  el_after_av_one_full  el_before_av_social_share '><span class='hr-inner ' ><span class='hr-inner-style'><\/span><\/span><\/div><\/p>\n<div  class='av-social-sharing-box  avia-builder-el-7  el_after_av_hr  el_before_av_hr  '><div class='av-share-box'><h5 class='av-share-link-description av-no-toc '>Compartir esta noticia<\/h5><ul class='av-share-box-list noLightbox'><li class='av-share-link av-social-link-facebook' ><a target=\"_blank\" aria-label=\"Compartir en Facebook\" href='https:\/\/www.facebook.com\/sharer.php?u=https:\/\/radiorevelacionfm.cl\/?p=37928&#038;t=Medio%20Ambiente%20invita%20a%20participar%20de%20taller%20para%20la%20Consulta%20P%C3%BAblica%20del%20Acuerdo%20de%20Escaz%C3%BA%20en%20Chile' aria-hidden='false' data-av_icon='\ue8f3' data-av_iconfont='entypo-fontello' title='' data-avia-related-tooltip='Compartir en Facebook' rel=\"noopener\"><span class='avia_hidden_link_text'>Compartir en Facebook<\/span><\/a><\/li><li class='av-share-link av-social-link-twitter' ><a target=\"_blank\" aria-label=\"Compartir en Twitter\" href='https:\/\/twitter.com\/share?text=Medio%20Ambiente%20invita%20a%20participar%20de%20taller%20para%20la%20Consulta%20P%C3%BAblica%20del%20Acuerdo%20de%20Escaz%C3%BA%20en%20Chile&#038;url=https:\/\/radiorevelacionfm.cl\/?p=37928' aria-hidden='false' data-av_icon='\ue8f1' data-av_iconfont='entypo-fontello' title='' data-avia-related-tooltip='Compartir en Twitter' rel=\"noopener\"><span class='avia_hidden_link_text'>Compartir en Twitter<\/span><\/a><\/li><li class='av-share-link av-social-link-whatsapp' ><a target=\"_blank\" aria-label=\"Compartir en Whatsapp\" href='https:\/\/api.whatsapp.com\/send?text=https:\/\/radiorevelacionfm.cl\/?p=37928' aria-hidden='false' data-av_icon='\uf232' data-av_iconfont='entypo-fontello' title='' data-avia-related-tooltip='Compartir en Whatsapp' rel=\"noopener\"><span class='avia_hidden_link_text'>Compartir en Whatsapp<\/span><\/a><\/li><li class='av-share-link av-social-link-linkedin' ><a target=\"_blank\" aria-label=\"Compartir en LinkedIn\" href='https:\/\/linkedin.com\/shareArticle?mini=true&#038;title=Medio%20Ambiente%20invita%20a%20participar%20de%20taller%20para%20la%20Consulta%20P%C3%BAblica%20del%20Acuerdo%20de%20Escaz%C3%BA%20en%20Chile&#038;url=https:\/\/radiorevelacionfm.cl\/?p=37928' aria-hidden='false' data-av_icon='\ue8fc' data-av_iconfont='entypo-fontello' title='' data-avia-related-tooltip='Compartir en LinkedIn' rel=\"noopener\"><span class='avia_hidden_link_text'>Compartir en LinkedIn<\/span><\/a><\/li><li class='av-share-link av-social-link-mail' ><a  aria-label=\"Compartir por correo\" href='mailto:?subject=Medio%20Ambiente%20invita%20a%20participar%20de%20taller%20para%20la%20Consulta%20P%C3%BAblica%20del%20Acuerdo%20de%20Escaz%C3%BA%20en%20Chile&#038;body=https:\/\/radiorevelacionfm.cl\/?p=37928' aria-hidden='false' data-av_icon='\ue805' data-av_iconfont='entypo-fontello' title='' data-avia-related-tooltip='Compartir por correo'><span class='avia_hidden_link_text'>Compartir por correo<\/span><\/a><\/li><\/ul><\/div><\/div>\n<div  style='height:50px' class='hr hr-invisible   avia-builder-el-8  el_after_av_social_share  el_before_av_comments_list '><span class='hr-inner ' ><span class='hr-inner-style'><\/span><\/span><\/div>\n<div  class='av-buildercomment  av-blog-meta-html-info-disabled av-blog-meta-tag-disabled  '><\/div>\n","protected":false},"excerpt":{"rendered":"","protected":false},"author":1,"featured_media":37929,"comment_status":"open","ping_status":"open","sticky":false,"template":"","format":"standard","meta":{"footnotes":""},"categories":[39],"tags":[],"class_list":["post-37928","post","type-post","status-publish","format-standard","has-post-thumbnail","hentry","category-medio-ambiente"],"jetpack_featured_media_url":"https:\/\/radiorevelacionfm.cl\/wp-content\/uploads\/2023\/12\/Seremi1-1-1.jpeg","_links":{"self":[{"href":"https:\/\/radiorevelacionfm.cl\/index.php?rest_route=\/wp\/v2\/posts\/37928","targetHints":{"allow":["GET"]}}],"collection":[{"href":"https:\/\/radiorevelacionfm.cl\/index.php?rest_route=\/wp\/v2\/posts"}],"about":[{"href":"https:\/\/radiorevelacionfm.cl\/index.php?rest_route=\/wp\/v2\/types\/post"}],"author":[{"embeddable":true,"href":"https:\/\/radiorevelacionfm.cl\/index.php?rest_route=\/wp\/v2\/users\/1"}],"replies":[{"embeddable":true,"href":"https:\/\/radiorevelacionfm.cl\/index.php?rest_route=%2Fwp%2Fv2%2Fcomments&post=37928"}],"version-history":[{"count":1,"href":"https:\/\/radiorevelacionfm.cl\/index.php?rest_route=\/wp\/v2\/posts\/37928\/revisions"}],"predecessor-version":[{"id":37930,"href":"https:\/\/radiorevelacionfm.cl\/index.php?rest_route=\/wp\/v2\/posts\/37928\/revisions\/37930"}],"wp:featuredmedia":[{"embeddable":true,"href":"https:\/\/radiorevelacionfm.cl\/index.php?rest_route=\/wp\/v2\/media\/37929"}],"wp:attachment":[{"href":"https:\/\/radiorevelacionfm.cl\/index.php?rest_route=%2Fwp%2Fv2%2Fmedia&parent=37928"}],"wp:term":[{"taxonomy":"category","embeddable":true,"href":"https:\/\/radiorevelacionfm.cl\/index.php?rest_route=%2Fwp%2Fv2%2Fcategories&post=37928"},{"taxonomy":"post_tag","embeddable":true,"href":"https:\/\/radiorevelacionfm.cl\/index.php?rest_route=%2Fwp%2Fv2%2Ftags&post=37928"}],"curies":[{"name":"wp","href":"https:\/\/api.w.org\/{rel}","templated":true}]}}