{"id":37925,"date":"2023-12-13T15:56:45","date_gmt":"2023-12-13T18:56:45","guid":{"rendered":"https:\/\/radiorevelacionfm.cl\/?p=37925"},"modified":"2023-12-13T15:56:45","modified_gmt":"2023-12-13T18:56:45","slug":"convocan-a-inversionistas-para-impulsar-el-desarrollo-de-aysen-con-oportunidades-en-energia-acuicultura-agricultura-y-turismo","status":"publish","type":"post","link":"https:\/\/radiorevelacionfm.cl\/?p=37925","title":{"rendered":"Convocan a inversionistas para impulsar el desarrollo de Ays\u00e9n con oportunidades en Energ\u00eda, Acuicultura, Agricultura y Turismo"},"content":{"rendered":"<div class=\"flex_column av_one_full  flex_column_div av-zero-column-padding first  avia-builder-el-0  el_before_av_one_full  avia-builder-el-first  \" style='border-radius:0px; '><div  class='avia-image-container  av-styling-    avia-builder-el-1  avia-builder-el-no-sibling  avia-align-center '  itemprop=\"image\" itemscope=\"itemscope\" itemtype=\"https:\/\/schema.org\/ImageObject\"  ><div class='avia-image-container-inner'><div class='avia-image-overlay-wrap'><img decoding=\"async\" class='wp-image-37926 avia-img-lazy-loading-not-37926 avia_image' src=\"https:\/\/radiorevelacionfm.cl\/wp-content\/uploads\/2023\/12\/05-AI-1-1.jpeg\" alt='' title='05 AI (1) (1)' height=\"600\" width=\"1067\"  itemprop=\"thumbnailUrl\" srcset=\"https:\/\/radiorevelacionfm.cl\/wp-content\/uploads\/2023\/12\/05-AI-1-1.jpeg 1067w, https:\/\/radiorevelacionfm.cl\/wp-content\/uploads\/2023\/12\/05-AI-1-1-300x169.jpeg 300w, https:\/\/radiorevelacionfm.cl\/wp-content\/uploads\/2023\/12\/05-AI-1-1-1030x579.jpeg 1030w, https:\/\/radiorevelacionfm.cl\/wp-content\/uploads\/2023\/12\/05-AI-1-1-768x432.jpeg 768w, https:\/\/radiorevelacionfm.cl\/wp-content\/uploads\/2023\/12\/05-AI-1-1-705x396.jpeg 705w, https:\/\/radiorevelacionfm.cl\/wp-content\/uploads\/2023\/12\/05-AI-1-1-450x253.jpeg 450w, https:\/\/radiorevelacionfm.cl\/wp-content\/uploads\/2023\/12\/05-AI-1-1-600x337.jpeg 600w\" sizes=\"(max-width: 1067px) 100vw, 1067px\" \/><\/div><\/div><\/div><\/div><div class=\"flex_column av_one_full  flex_column_div av-zero-column-padding first  avia-builder-el-2  el_after_av_one_full  el_before_av_one_full  column-top-margin\" style='border-radius:0px; '><section class=\"av_textblock_section \"  itemscope=\"itemscope\" itemtype=\"https:\/\/schema.org\/BlogPosting\" itemprop=\"blogPost\" ><div class='avia_textblock  '   itemprop=\"text\" ><h2 class=\"title\" style=\"text-align: center;\"><span style=\"font-size: 18pt;\"><b><span lang=\"es-419\">Convocan a inversionistas para impulsar el desarrollo de Ays\u00e9n con oportunidades en Energ\u00eda, Acuicultura, Agricultura y Turismo<\/span><\/b><\/span><\/h2>\n<div id=\"gtx-trans\" style=\"position: absolute; left: -50px; top: 4.31534px;\">\n<div class=\"gtx-trans-icon\"><\/div>\n<\/div>\n<\/div><\/section><\/div><div class=\"flex_column av_one_full  flex_column_div av-zero-column-padding first  avia-builder-el-4  el_after_av_one_full  el_before_av_hr  column-top-margin\" style='border-radius:0px; '><section class=\"av_textblock_section \"  itemscope=\"itemscope\" itemtype=\"https:\/\/schema.org\/BlogPosting\" itemprop=\"blogPost\" ><div class='avia_textblock  '   itemprop=\"text\" ><p style=\"font-weight: 400; text-align: justify;\"><em>Gobierno Regional y Corfo, junto a Invest Chile convocaron a emprendedores e inversionistas para dar a conocer sectores clave y oportunidades en Ays\u00e9n, diferenciadores, mecanismos de articulaci\u00f3n y compromiso para la transformaci\u00f3n econ\u00f3mica sostenible.<\/em><\/p>\n<p style=\"font-weight: 400; text-align: justify;\">Este martes se desarroll\u00f3<strong>\u00a0<\/strong>el encuentro \u201cInversiones para el Desarrollo de Ays\u00e9n\u201d, evento pensado en fortalecer la alianza entre el sector p\u00fablico y privado para dinamizar la actividad econ\u00f3mica, organizado por el Gobierno Regional de Ays\u00e9n, Corfo e InvestChile.<\/p>\n<p style=\"font-weight: 400; text-align: justify;\">La Gobernadora Regional de Ays\u00e9n, Andrea Mac\u00edas Palma, el Delegado Regional Presidencial, Rodrigo Araya Morales; el director de Corfo Ays\u00e9n, Humberto Mar\u00edn Leiva, y la directora de InvestChile, Karla Flores Mardones, encabezaron la instancia, junto a diversas autoridades y representantes de sectores productivos y grupos de inversionistas de nivel nacional.<\/p>\n<p style=\"font-weight: 400; text-align: justify;\">En la ocasi\u00f3n se presentaron los resultados del estudio estrat\u00e9gico \u201cOferta de Valor de la Regi\u00f3n de Ays\u00e9n para la promoci\u00f3n de inversiones\u201d El objetivo central del estudio fue posicionar las caracter\u00edsticas \u00fanicas de nuestro territorio y su atractivo para la inversi\u00f3n. Este proceso identific\u00f3 cuatro sectores con gran potencial: Energ\u00eda, Acuicultura, Agricultura y Turismo.<\/p>\n<p style=\"font-weight: 400; text-align: justify;\">El evento destac\u00f3 los diferenciadores de cada sector, explorando oportunidades concretas de negocios y estableciendo la importancia de mecanismos de articulaci\u00f3n entre servicios p\u00fablicos y sectores para facilitar la inversi\u00f3n.<\/p>\n<p style=\"font-weight: 400; text-align: justify;\">Andrea Mac\u00edas Palma, Gobernadora Regional de Ays\u00e9n, se\u00f1al\u00f3 su satisfacci\u00f3n de avanzar en materia de atracci\u00f3n de inversiones para la regi\u00f3n, siendo clave el trabajo colaborativo con Corfo e InvestChile. \u201cQueremos resaltar que este esfuerzo conjunto ha permitido desarrollar este trabajo, sobre la oferta de valor que tiene la regi\u00f3n en el \u00e1mbito productivo. Destacamos especialmente algunos nichos relevantes, como las energ\u00edas renovables no convencionales, el turismo, la industria acu\u00edcola y la agropecuaria. Con esta claridad y el establecimiento de un modelo de gobernanza a nivel regional, creemos que estamos en posici\u00f3n de tomar las riendas para liderar iniciativas relacionadas con la atracci\u00f3n de inversiones. Romper con la proporci\u00f3n actual del 80% de inversi\u00f3n p\u00fablica y 20% privada es un desaf\u00edo para todos los sectores productivos de nuestra regi\u00f3n, as\u00ed como para el Estado\u201d.<\/p>\n<p style=\"font-weight: 400; text-align: justify;\">En tanto, Rodrigo Araya Morales, Delegado Presidencial Regional, explic\u00f3 que la inversi\u00f3n extranjera en Chile ha experimentado un considerable aumento desde el a\u00f1o pasado en comparaci\u00f3n con el pasado reciente del pa\u00eds. \u201cLa cuant\u00eda de millones de d\u00f3lares invertidos habla del modo en que somos percibidos desde el extranjero: como una naci\u00f3n con gran potencial y estabilidad. InvestChile, que tradicionalmente ha centrado su labor en la inversi\u00f3n extranjera a nivel nacional, ahora se enfoca en trabajar con los territorios y las regiones. Este cambio es una manifestaci\u00f3n clara de la voluntad del Presidente Boric de que la inversi\u00f3n alcance tambi\u00e9n a los territorios. No obstante, esta visi\u00f3n a mediano y largo plazo, que debe liderar el Gobierno Regional integrando todos los antecedentes, es fundamental. Los sectores que trabajan de manera independiente no pueden avanzar sin coordinaci\u00f3n y una mirada intersectorial. Esta es la propuesta que presenta la gobernadora y, por ende, todo nuestro sector, as\u00ed como todos nuestros servicios p\u00fablicos y autoridades comprometidos con ese desarrollo\u201d.<\/p>\n<p style=\"font-weight: 400; text-align: justify;\">La directora de InvestChile, Karla Flores Mardones, resalt\u00f3 la importancia del trabajo colaborativo para crear condiciones atractivas. Destac\u00f3 la necesidad de colaborar con Corfo, la Delegaci\u00f3n y la Gobernaci\u00f3n para desarrollar infraestructura y log\u00edstica, instando a la participaci\u00f3n del sector privado, ya que la inversi\u00f3n se apalanca tambi\u00e9n en fondos privados. \u201cLo que puede esperar la regi\u00f3n desde nosotros es poner a disposici\u00f3n una cartera. Tenemos una inversi\u00f3n de 28.000 millones de d\u00f3lares en distintos proyectos de inversi\u00f3n. Muchos de ellos podr\u00edan venir y localizarse en la Regi\u00f3n de Ays\u00e9n, pero lo importante es generar las condiciones para que eso pueda ocurrir. Este es un trabajo de largo aliento. Hay inversiones que pueden materializarse en conjunto, pero tambi\u00e9n hay muchas que se demoran tiempo porque este es un proceso, y la idea es hacer las cosas bien e ir implementando las condiciones necesarias para que esas inversiones se puedan desarrollar aqu\u00ed\u201d.<\/p>\n<p style=\"font-weight: 400; text-align: justify;\">A\u00f1adi\u00f3 que InvestChile se compromete a colaborar y reconocer sectores con potencial en Ays\u00e9n. Su labor consiste en buscar inversionistas globales interesados en inversiones sostenibles y nichos espec\u00edficos, aprovechando las oportunidades \u00fanicas que presenta la regi\u00f3n. \u00abAys\u00e9n tiene nichos y oportunidades sumamente singulares. Por ende, nosotros nos encargamos de buscar a nivel mundial inversionistas con intereses afines y facilitar la conexi\u00f3n\u00bb, expres\u00f3.<\/p>\n<p style=\"font-weight: 400; text-align: justify;\">Humberto Mar\u00edn Leiva, director de Corfo Ays\u00e9n, resalt\u00f3 el proceso de descentralizaci\u00f3n que emprender\u00e1 la corporaci\u00f3n el pr\u00f3ximo a\u00f1o, buscando respaldar al Gobierno Regional en esta \u00e1rea. \u00abLa asignaci\u00f3n de recursos por parte de Corfo, a trav\u00e9s del Comit\u00e9 de Desarrollo Productivo para que la regi\u00f3n los dirija seg\u00fan sus vocaciones productivas, tambi\u00e9n est\u00e1 vinculada a la atracci\u00f3n de inversiones. Lo que proponemos aqu\u00ed es establecer un InvestAys\u00e9n. Este concepto implica guiar desde la regi\u00f3n de Ays\u00e9n las inversiones que realizaremos. Como regi\u00f3n, tenemos notables ventajas comparativas y competitivas, as\u00ed como desaf\u00edos que debemos abordar. No obstante, el enfoque principal es dirigir la inversi\u00f3n, incorporando las opiniones de los habitantes de Ays\u00e9n, lideradas por el Gobierno Regional\u00bb.<\/p>\n<p style=\"font-weight: 400; text-align: justify;\">El evento marca el inicio de una nueva etapa en la regi\u00f3n, construyendo bases para un futuro pr\u00f3spero, sostenible e inclusivo. Ays\u00e9n no solo busca crecimiento econ\u00f3mico, sino socios que compartan su visi\u00f3n de desarrollo integral y contribuyan al bienestar de la comunidad.<\/p>\n<\/div><\/section><\/div><div  style='height:50px' class='hr hr-invisible   avia-builder-el-6  el_after_av_one_full  el_before_av_social_share '><span class='hr-inner ' ><span class='hr-inner-style'><\/span><\/span><\/div><\/p>\n<div  class='av-social-sharing-box  avia-builder-el-7  el_after_av_hr  el_before_av_hr  '><div class='av-share-box'><h5 class='av-share-link-description av-no-toc '>Compartir esta noticia<\/h5><ul class='av-share-box-list noLightbox'><li class='av-share-link av-social-link-facebook' ><a target=\"_blank\" aria-label=\"Compartir en Facebook\" href='https:\/\/www.facebook.com\/sharer.php?u=https:\/\/radiorevelacionfm.cl\/?p=37925&#038;t=Convocan%20a%20inversionistas%20para%20impulsar%20el%20desarrollo%20de%20Ays%C3%A9n%20con%20oportunidades%20en%20Energ%C3%ADa%2C%20Acuicultura%2C%20Agricultura%20y%20Turismo' aria-hidden='false' data-av_icon='\ue8f3' data-av_iconfont='entypo-fontello' title='' data-avia-related-tooltip='Compartir en Facebook' rel=\"noopener\"><span class='avia_hidden_link_text'>Compartir en Facebook<\/span><\/a><\/li><li class='av-share-link av-social-link-twitter' ><a target=\"_blank\" aria-label=\"Compartir en Twitter\" href='https:\/\/twitter.com\/share?text=Convocan%20a%20inversionistas%20para%20impulsar%20el%20desarrollo%20de%20Ays%C3%A9n%20con%20oportunidades%20en%20Energ%C3%ADa%2C%20Acuicultura%2C%20Agricultura%20y%20Turismo&#038;url=https:\/\/radiorevelacionfm.cl\/?p=37925' aria-hidden='false' data-av_icon='\ue8f1' data-av_iconfont='entypo-fontello' title='' data-avia-related-tooltip='Compartir en Twitter' rel=\"noopener\"><span class='avia_hidden_link_text'>Compartir en Twitter<\/span><\/a><\/li><li class='av-share-link av-social-link-whatsapp' ><a target=\"_blank\" aria-label=\"Compartir en Whatsapp\" href='https:\/\/api.whatsapp.com\/send?text=https:\/\/radiorevelacionfm.cl\/?p=37925' aria-hidden='false' data-av_icon='\uf232' data-av_iconfont='entypo-fontello' title='' data-avia-related-tooltip='Compartir en Whatsapp' rel=\"noopener\"><span class='avia_hidden_link_text'>Compartir en Whatsapp<\/span><\/a><\/li><li class='av-share-link av-social-link-linkedin' ><a target=\"_blank\" aria-label=\"Compartir en LinkedIn\" href='https:\/\/linkedin.com\/shareArticle?mini=true&#038;title=Convocan%20a%20inversionistas%20para%20impulsar%20el%20desarrollo%20de%20Ays%C3%A9n%20con%20oportunidades%20en%20Energ%C3%ADa%2C%20Acuicultura%2C%20Agricultura%20y%20Turismo&#038;url=https:\/\/radiorevelacionfm.cl\/?p=37925' aria-hidden='false' data-av_icon='\ue8fc' data-av_iconfont='entypo-fontello' title='' data-avia-related-tooltip='Compartir en LinkedIn' rel=\"noopener\"><span class='avia_hidden_link_text'>Compartir en LinkedIn<\/span><\/a><\/li><li class='av-share-link av-social-link-mail' ><a  aria-label=\"Compartir por correo\" href='mailto:?subject=Convocan%20a%20inversionistas%20para%20impulsar%20el%20desarrollo%20de%20Ays%C3%A9n%20con%20oportunidades%20en%20Energ%C3%ADa%2C%20Acuicultura%2C%20Agricultura%20y%20Turismo&#038;body=https:\/\/radiorevelacionfm.cl\/?p=37925' aria-hidden='false' data-av_icon='\ue805' data-av_iconfont='entypo-fontello' title='' data-avia-related-tooltip='Compartir por correo'><span class='avia_hidden_link_text'>Compartir por correo<\/span><\/a><\/li><\/ul><\/div><\/div>\n<div  style='height:50px' class='hr hr-invisible   avia-builder-el-8  el_after_av_social_share  el_before_av_comments_list '><span class='hr-inner ' ><span class='hr-inner-style'><\/span><\/span><\/div>\n<div  class='av-buildercomment  av-blog-meta-html-info-disabled av-blog-meta-tag-disabled  '><\/div>\n","protected":false},"excerpt":{"rendered":"","protected":false},"author":1,"featured_media":37926,"comment_status":"open","ping_status":"open","sticky":false,"template":"","format":"standard","meta":{"footnotes":""},"categories":[38],"tags":[],"class_list":["post-37925","post","type-post","status-publish","format-standard","has-post-thumbnail","hentry","category-regional"],"jetpack_featured_media_url":"https:\/\/radiorevelacionfm.cl\/wp-content\/uploads\/2023\/12\/05-AI-1-1.jpeg","_links":{"self":[{"href":"https:\/\/radiorevelacionfm.cl\/index.php?rest_route=\/wp\/v2\/posts\/37925","targetHints":{"allow":["GET"]}}],"collection":[{"href":"https:\/\/radiorevelacionfm.cl\/index.php?rest_route=\/wp\/v2\/posts"}],"about":[{"href":"https:\/\/radiorevelacionfm.cl\/index.php?rest_route=\/wp\/v2\/types\/post"}],"author":[{"embeddable":true,"href":"https:\/\/radiorevelacionfm.cl\/index.php?rest_route=\/wp\/v2\/users\/1"}],"replies":[{"embeddable":true,"href":"https:\/\/radiorevelacionfm.cl\/index.php?rest_route=%2Fwp%2Fv2%2Fcomments&post=37925"}],"version-history":[{"count":1,"href":"https:\/\/radiorevelacionfm.cl\/index.php?rest_route=\/wp\/v2\/posts\/37925\/revisions"}],"predecessor-version":[{"id":37927,"href":"https:\/\/radiorevelacionfm.cl\/index.php?rest_route=\/wp\/v2\/posts\/37925\/revisions\/37927"}],"wp:featuredmedia":[{"embeddable":true,"href":"https:\/\/radiorevelacionfm.cl\/index.php?rest_route=\/wp\/v2\/media\/37926"}],"wp:attachment":[{"href":"https:\/\/radiorevelacionfm.cl\/index.php?rest_route=%2Fwp%2Fv2%2Fmedia&parent=37925"}],"wp:term":[{"taxonomy":"category","embeddable":true,"href":"https:\/\/radiorevelacionfm.cl\/index.php?rest_route=%2Fwp%2Fv2%2Fcategories&post=37925"},{"taxonomy":"post_tag","embeddable":true,"href":"https:\/\/radiorevelacionfm.cl\/index.php?rest_route=%2Fwp%2Fv2%2Ftags&post=37925"}],"curies":[{"name":"wp","href":"https:\/\/api.w.org\/{rel}","templated":true}]}}