{"id":37922,"date":"2023-12-13T15:07:03","date_gmt":"2023-12-13T18:07:03","guid":{"rendered":"https:\/\/radiorevelacionfm.cl\/?p=37922"},"modified":"2023-12-13T15:07:03","modified_gmt":"2023-12-13T18:07:03","slug":"gobierno-refuerza-pilar-policial-del-programa-somos-barrio","status":"publish","type":"post","link":"https:\/\/radiorevelacionfm.cl\/?p=37922","title":{"rendered":"Gobierno refuerza pilar policial del programa Somos Barrio"},"content":{"rendered":"<div class=\"flex_column av_one_full  flex_column_div av-zero-column-padding first  avia-builder-el-0  el_before_av_one_full  avia-builder-el-first  \" style='border-radius:0px; '><div  class='avia-image-container  av-styling-    avia-builder-el-1  avia-builder-el-no-sibling  avia-align-center '  itemprop=\"image\" itemscope=\"itemscope\" itemtype=\"https:\/\/schema.org\/ImageObject\"  ><div class='avia-image-container-inner'><div class='avia-image-overlay-wrap'><img decoding=\"async\" class='wp-image-37923 avia-img-lazy-loading-not-37923 avia_image' src=\"https:\/\/radiorevelacionfm.cl\/wp-content\/uploads\/2023\/12\/IMG_6805-1-1.jpg\" alt='' title='IMG_6805 (1) (1)' height=\"600\" width=\"1000\"  itemprop=\"thumbnailUrl\" srcset=\"https:\/\/radiorevelacionfm.cl\/wp-content\/uploads\/2023\/12\/IMG_6805-1-1.jpg 1000w, https:\/\/radiorevelacionfm.cl\/wp-content\/uploads\/2023\/12\/IMG_6805-1-1-300x180.jpg 300w, https:\/\/radiorevelacionfm.cl\/wp-content\/uploads\/2023\/12\/IMG_6805-1-1-768x461.jpg 768w, https:\/\/radiorevelacionfm.cl\/wp-content\/uploads\/2023\/12\/IMG_6805-1-1-705x423.jpg 705w, https:\/\/radiorevelacionfm.cl\/wp-content\/uploads\/2023\/12\/IMG_6805-1-1-450x270.jpg 450w, https:\/\/radiorevelacionfm.cl\/wp-content\/uploads\/2023\/12\/IMG_6805-1-1-600x360.jpg 600w\" sizes=\"(max-width: 1000px) 100vw, 1000px\" \/><\/div><\/div><\/div><\/div><div class=\"flex_column av_one_full  flex_column_div av-zero-column-padding first  avia-builder-el-2  el_after_av_one_full  el_before_av_one_full  column-top-margin\" style='border-radius:0px; '><section class=\"av_textblock_section \"  itemscope=\"itemscope\" itemtype=\"https:\/\/schema.org\/BlogPosting\" itemprop=\"blogPost\" ><div class='avia_textblock  '   itemprop=\"text\" ><h2 class=\"title\" style=\"text-align: center;\"><span style=\"font-size: 18pt;\"><b>Gobierno refuerza pilar policial del programa Somos Barrio<\/b><\/span><\/h2>\n<div id=\"gtx-trans\" style=\"position: absolute; left: -50px; top: 4.31534px;\">\n<div class=\"gtx-trans-icon\"><\/div>\n<\/div>\n<\/div><\/section><\/div><div class=\"flex_column av_one_full  flex_column_div av-zero-column-padding first  avia-builder-el-4  el_after_av_one_full  el_before_av_hr  column-top-margin\" style='border-radius:0px; '><section class=\"av_textblock_section \"  itemscope=\"itemscope\" itemtype=\"https:\/\/schema.org\/BlogPosting\" itemprop=\"blogPost\" ><div class='avia_textblock  '   itemprop=\"text\" ><p style=\"font-weight: 400; text-align: justify;\">En la Regi\u00f3n de Ays\u00e9n el Gobierno trabaja en el fortalecimiento del pilar policial del programa Somos Barrio de la Subsecretar\u00eda de Prevenci\u00f3n del Delito, con el objetivo de reforzar la seguridad p\u00fablica en sectores priorizados del territorio.<\/p>\n<p style=\"font-weight: 400; text-align: justify;\">La instancia est\u00e1 integrada por el Delegado Presidencial Regional, Rodrigo Araya, junto a la coordinadora regional de Seguridad P\u00fablica, Camila Covarrubias, el Fiscal Regional, Carlos Palma, Carabineros de Chile y Polic\u00eda de Investigaciones, con participaci\u00f3n del gestor del programa en Coyhaique, Jorge Risco.<\/p>\n<p style=\"font-weight: 400; text-align: justify;\">Rodrigo Araya dijo que el trabajo mancomunado ha permitido identificar problem\u00e1ticas espec\u00edficas de inseguridad, articular estrategias y acordar acciones policiales pertinentes.<\/p>\n<p style=\"font-weight: 400; text-align: justify;\">\u201cNosotros estamos muy preocupados de que la vida en los barrios se pueda seguir manteniendo, la solidaridad entre los vecinos es muy importante y por eso estamos trabajando en todas las medidas posibles para mejorar la calidad de vida. Tenemos tambi\u00e9n inversi\u00f3n p\u00fablica que realizar para la mejora de espacios p\u00fablicos, que esperamos contribuyan positivamente en la seguridad, porque creemos que la \u00fanica manera de contrarrestar las inseguridades, es poniendo m\u00e1s sociedad, m\u00e1s acciones comunitarias y que los vecinos se empoderen en cada uno de sus territorios y juntas de vecinos\u201d, remarc\u00f3.<\/p>\n<p style=\"font-weight: 400; text-align: justify;\">El Fiscal Carlos Palma coincidi\u00f3 en la importancia del trabajo mancomunado para una mayor seguridad p\u00fablica.<\/p>\n<p style=\"font-weight: 400; text-align: justify;\">\u201cSi todas las agencias, Carabineros, Polic\u00eda, la Delegaci\u00f3n, el municipio y la Fiscal\u00eda trabajamos conjuntamente para combatir la delincuencia, esta va a ir retrocediendo. Hemos presenciado una excelente reuni\u00f3n donde todos los equipos han expuesto y, principalmente, quien est\u00e1 encargado como gestor del trabajo y la comunidad ha expuesto lo que han hecho en estos tres meses y es un tremendo avance y, sin lugar a dudas, queda mucho por hacer y en eso la Fiscal\u00eda tiene el compromiso puesto en la mesa y trabajar de la mano para mejorar la persecuci\u00f3n penal, por cierto, y dar mayor seguridad a la comunidad\u201d, destac\u00f3.<\/p>\n<p style=\"font-weight: 400; text-align: justify;\">Camila Covarrubias concluy\u00f3 que la labor conjunta est\u00e1 orientada a prevenir y reducir la ocurrencia de actividades il\u00edcitas.<\/p>\n<p style=\"font-weight: 400; text-align: justify;\">\u201cPresentamos al gestor del programa Somos Barrio, quien dio a conocer el trabajo que ha estado realizando con la comunidad, participativamente, para levantar las necesidades en t\u00e9rminos sociales, comunitarios y tambi\u00e9n desde la seguridad p\u00fablica. Las instituciones tomaron esta informaci\u00f3n y generamos algunas estrategias para trabajar colaborativamente y dar una mejor respuesta a la ciudadan\u00eda\u201d, indic\u00f3.<\/p>\n<p style=\"font-weight: 400; text-align: justify;\">Entre las medidas destacan los patrullajes preventivos por parte de Carabineros, recuperaci\u00f3n de espacios p\u00fablicos como plazoletas y despeje de chatarras y escombros presentes en distintos puntos de la ciudad por parte del municipio.<\/p>\n<p style=\"font-weight: 400; text-align: justify;\">Esta coordinaci\u00f3n regional es una instancia de planificaci\u00f3n estrat\u00e9gica, coordinaci\u00f3n, validaci\u00f3n y monitoreo de las actividades de prevenci\u00f3n, control e investigaci\u00f3n, orientada a fortalecer la seguridad p\u00fablica en todo el pa\u00eds.<\/p>\n<\/div><\/section><\/div><div  style='height:50px' class='hr hr-invisible   avia-builder-el-6  el_after_av_one_full  el_before_av_social_share '><span class='hr-inner ' ><span class='hr-inner-style'><\/span><\/span><\/div><\/p>\n<div  class='av-social-sharing-box  avia-builder-el-7  el_after_av_hr  el_before_av_hr  '><div class='av-share-box'><h5 class='av-share-link-description av-no-toc '>Compartir esta noticia<\/h5><ul class='av-share-box-list noLightbox'><li class='av-share-link av-social-link-facebook' ><a target=\"_blank\" aria-label=\"Compartir en Facebook\" href='https:\/\/www.facebook.com\/sharer.php?u=https:\/\/radiorevelacionfm.cl\/?p=37922&#038;t=Gobierno%20refuerza%20pilar%20policial%20del%20programa%20Somos%20Barrio' aria-hidden='false' data-av_icon='\ue8f3' data-av_iconfont='entypo-fontello' title='' data-avia-related-tooltip='Compartir en Facebook' rel=\"noopener\"><span class='avia_hidden_link_text'>Compartir en Facebook<\/span><\/a><\/li><li class='av-share-link av-social-link-twitter' ><a target=\"_blank\" aria-label=\"Compartir en Twitter\" href='https:\/\/twitter.com\/share?text=Gobierno%20refuerza%20pilar%20policial%20del%20programa%20Somos%20Barrio&#038;url=https:\/\/radiorevelacionfm.cl\/?p=37922' aria-hidden='false' data-av_icon='\ue8f1' data-av_iconfont='entypo-fontello' title='' data-avia-related-tooltip='Compartir en Twitter' rel=\"noopener\"><span class='avia_hidden_link_text'>Compartir en Twitter<\/span><\/a><\/li><li class='av-share-link av-social-link-whatsapp' ><a target=\"_blank\" aria-label=\"Compartir en Whatsapp\" href='https:\/\/api.whatsapp.com\/send?text=https:\/\/radiorevelacionfm.cl\/?p=37922' aria-hidden='false' data-av_icon='\uf232' data-av_iconfont='entypo-fontello' title='' data-avia-related-tooltip='Compartir en Whatsapp' rel=\"noopener\"><span class='avia_hidden_link_text'>Compartir en Whatsapp<\/span><\/a><\/li><li class='av-share-link av-social-link-linkedin' ><a target=\"_blank\" aria-label=\"Compartir en LinkedIn\" href='https:\/\/linkedin.com\/shareArticle?mini=true&#038;title=Gobierno%20refuerza%20pilar%20policial%20del%20programa%20Somos%20Barrio&#038;url=https:\/\/radiorevelacionfm.cl\/?p=37922' aria-hidden='false' data-av_icon='\ue8fc' data-av_iconfont='entypo-fontello' title='' data-avia-related-tooltip='Compartir en LinkedIn' rel=\"noopener\"><span class='avia_hidden_link_text'>Compartir en LinkedIn<\/span><\/a><\/li><li class='av-share-link av-social-link-mail' ><a  aria-label=\"Compartir por correo\" href='mailto:?subject=Gobierno%20refuerza%20pilar%20policial%20del%20programa%20Somos%20Barrio&#038;body=https:\/\/radiorevelacionfm.cl\/?p=37922' aria-hidden='false' data-av_icon='\ue805' data-av_iconfont='entypo-fontello' title='' data-avia-related-tooltip='Compartir por correo'><span class='avia_hidden_link_text'>Compartir por correo<\/span><\/a><\/li><\/ul><\/div><\/div>\n<div  style='height:50px' class='hr hr-invisible   avia-builder-el-8  el_after_av_social_share  el_before_av_comments_list '><span class='hr-inner ' ><span class='hr-inner-style'><\/span><\/span><\/div>\n<div  class='av-buildercomment  av-blog-meta-html-info-disabled av-blog-meta-tag-disabled  '><\/div>\n","protected":false},"excerpt":{"rendered":"","protected":false},"author":1,"featured_media":37923,"comment_status":"open","ping_status":"open","sticky":false,"template":"","format":"standard","meta":{"footnotes":""},"categories":[38],"tags":[],"class_list":["post-37922","post","type-post","status-publish","format-standard","has-post-thumbnail","hentry","category-regional"],"jetpack_featured_media_url":"https:\/\/radiorevelacionfm.cl\/wp-content\/uploads\/2023\/12\/IMG_6805-1-1.jpg","_links":{"self":[{"href":"https:\/\/radiorevelacionfm.cl\/index.php?rest_route=\/wp\/v2\/posts\/37922","targetHints":{"allow":["GET"]}}],"collection":[{"href":"https:\/\/radiorevelacionfm.cl\/index.php?rest_route=\/wp\/v2\/posts"}],"about":[{"href":"https:\/\/radiorevelacionfm.cl\/index.php?rest_route=\/wp\/v2\/types\/post"}],"author":[{"embeddable":true,"href":"https:\/\/radiorevelacionfm.cl\/index.php?rest_route=\/wp\/v2\/users\/1"}],"replies":[{"embeddable":true,"href":"https:\/\/radiorevelacionfm.cl\/index.php?rest_route=%2Fwp%2Fv2%2Fcomments&post=37922"}],"version-history":[{"count":1,"href":"https:\/\/radiorevelacionfm.cl\/index.php?rest_route=\/wp\/v2\/posts\/37922\/revisions"}],"predecessor-version":[{"id":37924,"href":"https:\/\/radiorevelacionfm.cl\/index.php?rest_route=\/wp\/v2\/posts\/37922\/revisions\/37924"}],"wp:featuredmedia":[{"embeddable":true,"href":"https:\/\/radiorevelacionfm.cl\/index.php?rest_route=\/wp\/v2\/media\/37923"}],"wp:attachment":[{"href":"https:\/\/radiorevelacionfm.cl\/index.php?rest_route=%2Fwp%2Fv2%2Fmedia&parent=37922"}],"wp:term":[{"taxonomy":"category","embeddable":true,"href":"https:\/\/radiorevelacionfm.cl\/index.php?rest_route=%2Fwp%2Fv2%2Fcategories&post=37922"},{"taxonomy":"post_tag","embeddable":true,"href":"https:\/\/radiorevelacionfm.cl\/index.php?rest_route=%2Fwp%2Fv2%2Ftags&post=37922"}],"curies":[{"name":"wp","href":"https:\/\/api.w.org\/{rel}","templated":true}]}}