{"id":37919,"date":"2023-12-13T14:45:07","date_gmt":"2023-12-13T17:45:07","guid":{"rendered":"https:\/\/radiorevelacionfm.cl\/?p=37919"},"modified":"2023-12-13T14:45:07","modified_gmt":"2023-12-13T17:45:07","slug":"autoridades-de-gobierno-felicitan-a-la-escuela-de-puerto-chacabuco-que-fue-destacada-en-el-certamen-nacional-elige-innovar","status":"publish","type":"post","link":"https:\/\/radiorevelacionfm.cl\/?p=37919","title":{"rendered":"Autoridades de Gobierno felicitan a la Escuela de Puerto Chacabuco que fue destacada en el certamen nacional Elige Innovar"},"content":{"rendered":"<div class=\"flex_column av_one_full  flex_column_div av-zero-column-padding first  avia-builder-el-0  el_before_av_one_full  avia-builder-el-first  \" style='border-radius:0px; '><div  class='avia-image-container  av-styling-    avia-builder-el-1  avia-builder-el-no-sibling  avia-align-center '  itemprop=\"image\" itemscope=\"itemscope\" itemtype=\"https:\/\/schema.org\/ImageObject\"  ><div class='avia-image-container-inner'><div class='avia-image-overlay-wrap'><img decoding=\"async\" class='wp-image-37920 avia-img-lazy-loading-not-37920 avia_image' src=\"https:\/\/radiorevelacionfm.cl\/wp-content\/uploads\/2023\/12\/equipo-de-estudiantes-Chacabuco-1.jpg\" alt='' title='equipo de estudiantes Chacabuco (1)' height=\"600\" width=\"900\"  itemprop=\"thumbnailUrl\" srcset=\"https:\/\/radiorevelacionfm.cl\/wp-content\/uploads\/2023\/12\/equipo-de-estudiantes-Chacabuco-1.jpg 900w, https:\/\/radiorevelacionfm.cl\/wp-content\/uploads\/2023\/12\/equipo-de-estudiantes-Chacabuco-1-300x200.jpg 300w, https:\/\/radiorevelacionfm.cl\/wp-content\/uploads\/2023\/12\/equipo-de-estudiantes-Chacabuco-1-768x512.jpg 768w, https:\/\/radiorevelacionfm.cl\/wp-content\/uploads\/2023\/12\/equipo-de-estudiantes-Chacabuco-1-705x470.jpg 705w, https:\/\/radiorevelacionfm.cl\/wp-content\/uploads\/2023\/12\/equipo-de-estudiantes-Chacabuco-1-450x300.jpg 450w, https:\/\/radiorevelacionfm.cl\/wp-content\/uploads\/2023\/12\/equipo-de-estudiantes-Chacabuco-1-600x400.jpg 600w\" sizes=\"(max-width: 900px) 100vw, 900px\" \/><\/div><\/div><\/div><\/div><div class=\"flex_column av_one_full  flex_column_div av-zero-column-padding first  avia-builder-el-2  el_after_av_one_full  el_before_av_one_full  column-top-margin\" style='border-radius:0px; '><section class=\"av_textblock_section \"  itemscope=\"itemscope\" itemtype=\"https:\/\/schema.org\/BlogPosting\" itemprop=\"blogPost\" ><div class='avia_textblock  '   itemprop=\"text\" ><h2 class=\"title\" style=\"text-align: center;\"><b><span style=\"font-size: 18pt;\">Autoridades de Gobierno felicitan a la Escuela de Puerto Chacabuco que fue destacada en el certamen nacional Elige Innovar<\/span><\/b><\/h2>\n<div id=\"gtx-trans\" style=\"position: absolute; left: -50px; top: 4.31534px;\">\n<div class=\"gtx-trans-icon\"><\/div>\n<\/div>\n<\/div><\/section><\/div><div class=\"flex_column av_one_full  flex_column_div av-zero-column-padding first  avia-builder-el-4  el_after_av_one_full  el_before_av_hr  column-top-margin\" style='border-radius:0px; '><section class=\"av_textblock_section \"  itemscope=\"itemscope\" itemtype=\"https:\/\/schema.org\/BlogPosting\" itemprop=\"blogPost\" ><div class='avia_textblock  '   itemprop=\"text\" ><p class=\"v1MsoNormal\" style=\"text-align: justify;\">El Delegado Presidencial Provincial de Ays\u00e9n Jorge D\u00edaz Guzm\u00e1n y la Seremi de Educaci\u00f3n Isabel Garrido Casassa concurrieron este lunes a la Escuela Almirante Simpson de Puerto Chacabuco para felicitar a la comunidad educativa por ser uno de los 10 colegios del pa\u00eds destacados en el certamen nacional Elige Innovar 2023 con su experiencia \u00abCiencia y Cocina en mi Escuela\u00bb.<\/p>\n<p class=\"v1MsoNormal\" style=\"text-align: justify;\">A\u00a0 trav\u00e9s de este proyecto estudiantes de ocho y nueve a\u00f1os tienen la oportunidad de fusionar la diversi\u00f3n de los procesos qu\u00edmicos de la cocina con el aprendizaje de otras asignaturas como Matem\u00e1ticas, Tecnolog\u00eda y Habilidades de Orientaci\u00f3n. La iniciativa busca entregar a los estudiantes en Puerto Chacabuco la oportunidad de aprender ciencia a trav\u00e9s de la exploraci\u00f3n culinaria y conectar con su entorno cultural y las tradiciones locales relacionadas con la pesca y la gastronom\u00eda.<\/p>\n<p class=\"v1MsoNormal\" style=\"text-align: justify;\">Durante la formaci\u00f3n tradicional que realiza la comunidad escolar, ambas autoridades felicitaron p\u00fablicamente al equipo de estudiantes, a la profesora Cecilia Navarrete responsable del proyecto y al director del establecimiento Alejandro Gallardo y resaltaron que iniciativas como esta favorecen y contribuyen a la Reactivaci\u00f3n Educativa que promueve el Gobierno del Presidente Gabriel Boric.<\/p>\n<p class=\"v1MsoNormal\" style=\"text-align: justify;\">\u201cEs muy grato saber que una de nuestras escuelas de la provincia y comuna de Ays\u00e9n haya sido seleccionada entre los diez proyectos m\u00e1s innovadores del pa\u00eds en cuanto a c\u00f3mo se imparte educaci\u00f3n en este caso vinculando la ciencia a la alimentaci\u00f3n. Todo sabemos la importancia que tiene la alimentaci\u00f3n sana en nuestra poblaci\u00f3n y por ello es un tremendo aporte el que hace el equipo de estudiantes y la profesora Cecilia Navarrete como un incentivo no solamente para los padres y apoderados y la comunidad escolar de a Escuela Almirante Simpson sino para relevar la educaci\u00f3n p\u00fablica de la comuna y de nuestra regi\u00f3n. Por lo tanto reconocemos y valoramos\u00a0 este logro que pone a le educaci\u00f3n p\u00fablica en el lugar destacado en el que siempre quisi\u00e9ramos verla\u201d, manifest\u00f3 el Delegado Presidencial Provincial Jorge D\u00edaz Guzm\u00e1n.<\/p>\n<p class=\"v1MsoNormal\" style=\"text-align: justify;\">Por su parte, la Seremi Isabel Garrido indic\u00f3 que \u201cCuando el Presidente Gabriel Boric anunci\u00f3 al principio de su mandato el Plan de reactivaci\u00f3n Educativa nos dimos cuenta que hab\u00edan escuelas que ya estaban en movimiento\u00a0 y hoy vemos ejemplos como el de la Escuela de Puerto Chacabuco que se ha hecho cargo de los efectos de la pandemia y suspensi\u00f3n de clases en sus estudiantes, pero desde una perspectiva integral pensando en el desarrollo de habilidades complejas y tambi\u00e9n el desarrollo de competencias en el \u00e1rea art\u00edstica, musical, deportiva y la ciencia en base a proyectos. Felicitamos al equipo que hizo posible este reconocimiento nacional de haber sido desatacados entre 175 proyectos de todo el pa\u00eds y por ello son un orgullo para la regi\u00f3n\u201d.<\/p>\n<p class=\"v1MsoNormal\" style=\"text-align: justify;\">En tanto el director del plantel Alejandro Gallardo expres\u00f3: \u201cComo comunidad educativa estamos muy contentos por este importante logro con nuestro proyecto Ciencia y Cocina en mi Escuela que fue seleccionado por Elige Innovar. Nuestras y nuestros alumnos pueden mediante variadas recetas hacen pan, magdalenas vinculando todos los ingredientes y su preparaci\u00f3n a los contenidos y objetivos de aprendizajes en el \u00e1rea de las Ciencias. Esto demuestra tambi\u00e9n el inter\u00e9s de los docentes de nuestro establecimiento por mejorar e implementar iniciativas que impulsen el aprendizaje de nuestros estudiantes\u201d.<\/p>\n<p style=\"text-align: justify;\"><span style=\"font-size: 14pt;\">dad.<\/span><\/p>\n<\/div><\/section><\/div><div  style='height:50px' class='hr hr-invisible   avia-builder-el-6  el_after_av_one_full  el_before_av_social_share '><span class='hr-inner ' ><span class='hr-inner-style'><\/span><\/span><\/div><\/p>\n<div  class='av-social-sharing-box  avia-builder-el-7  el_after_av_hr  el_before_av_hr  '><div class='av-share-box'><h5 class='av-share-link-description av-no-toc '>Compartir esta noticia<\/h5><ul class='av-share-box-list noLightbox'><li class='av-share-link av-social-link-facebook' ><a target=\"_blank\" aria-label=\"Compartir en Facebook\" href='https:\/\/www.facebook.com\/sharer.php?u=https:\/\/radiorevelacionfm.cl\/?p=37919&#038;t=Autoridades%20de%20Gobierno%20felicitan%20a%20la%20Escuela%20de%20Puerto%20Chacabuco%20que%20fue%20destacada%20en%20el%20certamen%20nacional%20Elige%20Innovar' aria-hidden='false' data-av_icon='\ue8f3' data-av_iconfont='entypo-fontello' title='' data-avia-related-tooltip='Compartir en Facebook' rel=\"noopener\"><span class='avia_hidden_link_text'>Compartir en Facebook<\/span><\/a><\/li><li class='av-share-link av-social-link-twitter' ><a target=\"_blank\" aria-label=\"Compartir en Twitter\" href='https:\/\/twitter.com\/share?text=Autoridades%20de%20Gobierno%20felicitan%20a%20la%20Escuela%20de%20Puerto%20Chacabuco%20que%20fue%20destacada%20en%20el%20certamen%20nacional%20Elige%20Innovar&#038;url=https:\/\/radiorevelacionfm.cl\/?p=37919' aria-hidden='false' data-av_icon='\ue8f1' data-av_iconfont='entypo-fontello' title='' data-avia-related-tooltip='Compartir en Twitter' rel=\"noopener\"><span class='avia_hidden_link_text'>Compartir en Twitter<\/span><\/a><\/li><li class='av-share-link av-social-link-whatsapp' ><a target=\"_blank\" aria-label=\"Compartir en Whatsapp\" href='https:\/\/api.whatsapp.com\/send?text=https:\/\/radiorevelacionfm.cl\/?p=37919' aria-hidden='false' data-av_icon='\uf232' data-av_iconfont='entypo-fontello' title='' data-avia-related-tooltip='Compartir en Whatsapp' rel=\"noopener\"><span class='avia_hidden_link_text'>Compartir en Whatsapp<\/span><\/a><\/li><li class='av-share-link av-social-link-linkedin' ><a target=\"_blank\" aria-label=\"Compartir en LinkedIn\" href='https:\/\/linkedin.com\/shareArticle?mini=true&#038;title=Autoridades%20de%20Gobierno%20felicitan%20a%20la%20Escuela%20de%20Puerto%20Chacabuco%20que%20fue%20destacada%20en%20el%20certamen%20nacional%20Elige%20Innovar&#038;url=https:\/\/radiorevelacionfm.cl\/?p=37919' aria-hidden='false' data-av_icon='\ue8fc' data-av_iconfont='entypo-fontello' title='' data-avia-related-tooltip='Compartir en LinkedIn' rel=\"noopener\"><span class='avia_hidden_link_text'>Compartir en LinkedIn<\/span><\/a><\/li><li class='av-share-link av-social-link-mail' ><a  aria-label=\"Compartir por correo\" href='mailto:?subject=Autoridades%20de%20Gobierno%20felicitan%20a%20la%20Escuela%20de%20Puerto%20Chacabuco%20que%20fue%20destacada%20en%20el%20certamen%20nacional%20Elige%20Innovar&#038;body=https:\/\/radiorevelacionfm.cl\/?p=37919' aria-hidden='false' data-av_icon='\ue805' data-av_iconfont='entypo-fontello' title='' data-avia-related-tooltip='Compartir por correo'><span class='avia_hidden_link_text'>Compartir por correo<\/span><\/a><\/li><\/ul><\/div><\/div>\n<div  style='height:50px' class='hr hr-invisible   avia-builder-el-8  el_after_av_social_share  el_before_av_comments_list '><span class='hr-inner ' ><span class='hr-inner-style'><\/span><\/span><\/div>\n<div  class='av-buildercomment  av-blog-meta-html-info-disabled av-blog-meta-tag-disabled  '><\/div>\n","protected":false},"excerpt":{"rendered":"","protected":false},"author":1,"featured_media":37920,"comment_status":"open","ping_status":"open","sticky":false,"template":"","format":"standard","meta":{"footnotes":""},"categories":[49],"tags":[],"class_list":["post-37919","post","type-post","status-publish","format-standard","has-post-thumbnail","hentry","category-educacion"],"jetpack_featured_media_url":"https:\/\/radiorevelacionfm.cl\/wp-content\/uploads\/2023\/12\/equipo-de-estudiantes-Chacabuco-1.jpg","_links":{"self":[{"href":"https:\/\/radiorevelacionfm.cl\/index.php?rest_route=\/wp\/v2\/posts\/37919","targetHints":{"allow":["GET"]}}],"collection":[{"href":"https:\/\/radiorevelacionfm.cl\/index.php?rest_route=\/wp\/v2\/posts"}],"about":[{"href":"https:\/\/radiorevelacionfm.cl\/index.php?rest_route=\/wp\/v2\/types\/post"}],"author":[{"embeddable":true,"href":"https:\/\/radiorevelacionfm.cl\/index.php?rest_route=\/wp\/v2\/users\/1"}],"replies":[{"embeddable":true,"href":"https:\/\/radiorevelacionfm.cl\/index.php?rest_route=%2Fwp%2Fv2%2Fcomments&post=37919"}],"version-history":[{"count":1,"href":"https:\/\/radiorevelacionfm.cl\/index.php?rest_route=\/wp\/v2\/posts\/37919\/revisions"}],"predecessor-version":[{"id":37921,"href":"https:\/\/radiorevelacionfm.cl\/index.php?rest_route=\/wp\/v2\/posts\/37919\/revisions\/37921"}],"wp:featuredmedia":[{"embeddable":true,"href":"https:\/\/radiorevelacionfm.cl\/index.php?rest_route=\/wp\/v2\/media\/37920"}],"wp:attachment":[{"href":"https:\/\/radiorevelacionfm.cl\/index.php?rest_route=%2Fwp%2Fv2%2Fmedia&parent=37919"}],"wp:term":[{"taxonomy":"category","embeddable":true,"href":"https:\/\/radiorevelacionfm.cl\/index.php?rest_route=%2Fwp%2Fv2%2Fcategories&post=37919"},{"taxonomy":"post_tag","embeddable":true,"href":"https:\/\/radiorevelacionfm.cl\/index.php?rest_route=%2Fwp%2Fv2%2Ftags&post=37919"}],"curies":[{"name":"wp","href":"https:\/\/api.w.org\/{rel}","templated":true}]}}