{"id":37913,"date":"2023-12-13T10:39:35","date_gmt":"2023-12-13T13:39:35","guid":{"rendered":"https:\/\/radiorevelacionfm.cl\/?p=37913"},"modified":"2023-12-13T10:39:35","modified_gmt":"2023-12-13T13:39:35","slug":"jardin-infantil-junji-troperitos-del-valle-recibe-certificacion-jialma","status":"publish","type":"post","link":"https:\/\/radiorevelacionfm.cl\/?p=37913","title":{"rendered":"Jard\u00edn infantil Junji, \u201cTroperitos del Valle\u201d recibe certificaci\u00f3n JIALMA"},"content":{"rendered":"<div class=\"flex_column av_one_full  flex_column_div av-zero-column-padding first  avia-builder-el-0  el_before_av_one_full  avia-builder-el-first  \" style='border-radius:0px; '><div  class='avia-image-container  av-styling-    avia-builder-el-1  avia-builder-el-no-sibling  avia-align-center '  itemprop=\"image\" itemscope=\"itemscope\" itemtype=\"https:\/\/schema.org\/ImageObject\"  ><div class='avia-image-container-inner'><div class='avia-image-overlay-wrap'><img decoding=\"async\" class='wp-image-37914 avia-img-lazy-loading-not-37914 avia_image' src=\"https:\/\/radiorevelacionfm.cl\/wp-content\/uploads\/2023\/12\/IMG_6937-2-2.jpg\" alt='' title='IMG_6937-2-2' height=\"600\" width=\"1066\"  itemprop=\"thumbnailUrl\" srcset=\"https:\/\/radiorevelacionfm.cl\/wp-content\/uploads\/2023\/12\/IMG_6937-2-2.jpg 1066w, https:\/\/radiorevelacionfm.cl\/wp-content\/uploads\/2023\/12\/IMG_6937-2-2-300x169.jpg 300w, https:\/\/radiorevelacionfm.cl\/wp-content\/uploads\/2023\/12\/IMG_6937-2-2-1030x580.jpg 1030w, https:\/\/radiorevelacionfm.cl\/wp-content\/uploads\/2023\/12\/IMG_6937-2-2-768x432.jpg 768w, https:\/\/radiorevelacionfm.cl\/wp-content\/uploads\/2023\/12\/IMG_6937-2-2-705x397.jpg 705w, https:\/\/radiorevelacionfm.cl\/wp-content\/uploads\/2023\/12\/IMG_6937-2-2-450x253.jpg 450w, https:\/\/radiorevelacionfm.cl\/wp-content\/uploads\/2023\/12\/IMG_6937-2-2-600x338.jpg 600w\" sizes=\"(max-width: 1066px) 100vw, 1066px\" \/><\/div><\/div><\/div><\/div><div class=\"flex_column av_one_full  flex_column_div av-zero-column-padding first  avia-builder-el-2  el_after_av_one_full  el_before_av_one_full  column-top-margin\" style='border-radius:0px; '><section class=\"av_textblock_section \"  itemscope=\"itemscope\" itemtype=\"https:\/\/schema.org\/BlogPosting\" itemprop=\"blogPost\" ><div class='avia_textblock  '   itemprop=\"text\" ><p style=\"text-align: center;\"><strong><span style=\"font-size: 18pt;\">Jard\u00edn infantil Junji, \u201cTroperitos del Valle\u201d recibe certificaci\u00f3n JIALMA\u00a0<\/span><\/strong><\/p>\n<div id=\"gtx-trans\" style=\"position: absolute; left: -50px; top: 4.31534px;\">\n<div class=\"gtx-trans-icon\"><\/div>\n<\/div>\n<\/div><\/section><\/div><div class=\"flex_column av_one_full  flex_column_div av-zero-column-padding first  avia-builder-el-4  el_after_av_one_full  el_before_av_hr  column-top-margin\" style='border-radius:0px; '><section class=\"av_textblock_section \"  itemscope=\"itemscope\" itemtype=\"https:\/\/schema.org\/BlogPosting\" itemprop=\"blogPost\" ><div class='avia_textblock  '   itemprop=\"text\" ><p style=\"text-align: justify;\" align=\"center\">Cada d\u00eda se torna m\u00e1s importante que los jardines infantiles sean promotores de la lactancia materna, dado que, seg\u00fan cifras del ministerio de salud en Chile, y en espec\u00edfico en Ays\u00e9n, el n\u00famero de ni\u00f1os y ni\u00f1as que consumen leche materna ha ido disminuyendo. Mientras en el a\u00f1o 2021 la cifra alcanzaba el 51%, en 2022 \u00e9sta ca\u00eda al 40.6% en la regi\u00f3n. Lo que se torna preocupante dado que la meta nacional es superior el 60%.<\/p>\n<p style=\"text-align: justify;\">\u201cPara nosotros es sumamente importante una certificaci\u00f3n como \u00e9sta, porque nuevamente refuerza el prop\u00f3sito que tenemos como Junji en la regi\u00f3n, el poder seguir fortaleciendo lazos con nuestras familias y, sobre todo, con nuestras madres, nos permite seguir trabajando en conjunto, poder articular espacios que permitan asegurar a las madres un lugar de amamantamiento seguro para nuestros ni\u00f1os y nuestras ni\u00f1as\u201d se\u00f1al\u00f3 el director regional de Junji, Juan Eduardo Lorca.<\/p>\n<p style=\"text-align: justify;\">La postulaci\u00f3n a la certificaci\u00f3n \u201cJardines Infantiles Amigos de la Lactancia Materna- JIALMA\u201d, comenz\u00f3 en diciembre del 2022 y se cerr\u00f3 el 30 de mayo del rpesente, periodo en el que se recibieron 237 postulaciones de establecimientos de educaci\u00f3n parvularia a nivel nacional, de los cuales, 167 (70,5%), cumpli\u00f3 con los requisitos necesarios para pasar a la etapa de evaluaci\u00f3n y visita en terreno.<\/p>\n<p style=\"text-align: justify;\">De estos, 136 establecimientos fueron de JUNJI, 27 de Integra y 4 de Servicios Locales de Educaci\u00f3n Parvularia para ser certificados como \u201cJardines Infantiles Amigos de la Lactancia Materna \u2013 JIALMA\u201d. Entre ellos las comunidades educativas Junji de Kau-Kalem y Troperitos del Valle. Desde esta \u00faltima unidad, la educadora Paola Bernales coment\u00f3: \u201cEste fue un proceso muy enriquecedor para m\u00ed, aparte que tuve que un contacto muy bueno con las familias. Ellas fueron como el apoyo fundamental para poder lograr esto, esto tan apreciado por la Comunidad de aqu\u00ed de Valle Simpson, as\u00ed que estoy muy feliz, estoy orgullos\u00edsima.<\/p>\n<p style=\"text-align: justify;\">\u201cPara la Seremi de Salud, es de alta importancia que la estrategia de \u201cJardines Infantiles Amigos de la Lactancia Materna\u201d se potencie, porque amamantar a un ni\u00f1o desde el momento de nacer y hasta la etapa preescolar es importante; por los beneficios que tiene: protege del punto de vista nutricional a los ni\u00f1os con una alimentaci\u00f3n que es segura. Por otra parte, genera la transmisi\u00f3n de anticuerpos protectores contra las enfermedades infecciosas y, adem\u00e1s, fortalece todo lo relativo al v\u00ednculo afectivo, a la estimulaci\u00f3n y al desarrollo psicomotor de los ni\u00f1os. Coment\u00f3 Marco Acu\u00f1a, Seremi (s) de Salud.<\/p>\n<p style=\"text-align: justify;\">Desde la comunidad educativa valoraron este reconocimiento: \u201cPara nosotros como equipo educativo, es un honor, una alegr\u00eda de haber obtenido esta excelencia y nos motiva a seguir continuando, para que as\u00ed darle todo ese apoyo a estas familias, que utilicen la sala de amamantamiento, que conozcan los beneficios y tambi\u00e9n de los ni\u00f1os y ni\u00f1as tambi\u00e9n, a trav\u00e9s de diferentes juegos, actividades que hemos realizado, no tan s\u00f3lo ahora, sino que en los a\u00f1os anteriores y continuar con eso trabajando\u201d\u00a0 dijo Mar\u00eda In\u00e9s Vera, directora del JI \u201cTroperitos del Valle\u201d<\/p>\n<p style=\"text-align: justify;\">Paulina Gonz\u00e1lez, nutricionista de Junji Ays\u00e9n, incentiv\u00f3 a las comunidades educativas a postular a esta certificaci\u00f3n: \u201cLa estrategia JIALMA es importante y relevante para poder generar este v\u00ednculo con la familia, con los ni\u00f1os, de poder fortalecer y proteger la lactancia materna que es este fluido vivo, que cubre las necesidades de cada ni\u00f1o y ni\u00f1a; nos ayuda a las defensas, tiene muchos beneficios y es importante poder retomar esta certificaci\u00f3n que estuvo detenida en pandemia, cumplir estos 5 pasos y poder obtener esta certificaci\u00f3n que dura 3 a\u00f1os y va a ser destacado como una unidad educativa, un establecimiento educacional que fomenta y protege la lactancia, ya as\u00ed que ah\u00ed podemos asesorar y apoyar para poder continuar con este proceso, se\u00f1al\u00f3.<\/p>\n<\/div><\/section><\/div><div  style='height:50px' class='hr hr-invisible   avia-builder-el-6  el_after_av_one_full  el_before_av_social_share '><span class='hr-inner ' ><span class='hr-inner-style'><\/span><\/span><\/div><\/p>\n<div  class='av-social-sharing-box  avia-builder-el-7  el_after_av_hr  el_before_av_hr  '><div class='av-share-box'><h5 class='av-share-link-description av-no-toc '>Compartir esta noticia<\/h5><ul class='av-share-box-list noLightbox'><li class='av-share-link av-social-link-facebook' ><a target=\"_blank\" aria-label=\"Compartir en Facebook\" href='https:\/\/www.facebook.com\/sharer.php?u=https:\/\/radiorevelacionfm.cl\/?p=37913&#038;t=Jard%C3%ADn%20infantil%20Junji%2C%20%E2%80%9CTroperitos%20del%20Valle%E2%80%9D%20recibe%20certificaci%C3%B3n%20JIALMA' aria-hidden='false' data-av_icon='\ue8f3' data-av_iconfont='entypo-fontello' title='' data-avia-related-tooltip='Compartir en Facebook' rel=\"noopener\"><span class='avia_hidden_link_text'>Compartir en Facebook<\/span><\/a><\/li><li class='av-share-link av-social-link-twitter' ><a target=\"_blank\" aria-label=\"Compartir en Twitter\" href='https:\/\/twitter.com\/share?text=Jard%C3%ADn%20infantil%20Junji%2C%20%E2%80%9CTroperitos%20del%20Valle%E2%80%9D%20recibe%20certificaci%C3%B3n%20JIALMA&#038;url=https:\/\/radiorevelacionfm.cl\/?p=37913' aria-hidden='false' data-av_icon='\ue8f1' data-av_iconfont='entypo-fontello' title='' data-avia-related-tooltip='Compartir en Twitter' rel=\"noopener\"><span class='avia_hidden_link_text'>Compartir en Twitter<\/span><\/a><\/li><li class='av-share-link av-social-link-whatsapp' ><a target=\"_blank\" aria-label=\"Compartir en Whatsapp\" href='https:\/\/api.whatsapp.com\/send?text=https:\/\/radiorevelacionfm.cl\/?p=37913' aria-hidden='false' data-av_icon='\uf232' data-av_iconfont='entypo-fontello' title='' data-avia-related-tooltip='Compartir en Whatsapp' rel=\"noopener\"><span class='avia_hidden_link_text'>Compartir en Whatsapp<\/span><\/a><\/li><li class='av-share-link av-social-link-linkedin' ><a target=\"_blank\" aria-label=\"Compartir en LinkedIn\" href='https:\/\/linkedin.com\/shareArticle?mini=true&#038;title=Jard%C3%ADn%20infantil%20Junji%2C%20%E2%80%9CTroperitos%20del%20Valle%E2%80%9D%20recibe%20certificaci%C3%B3n%20JIALMA&#038;url=https:\/\/radiorevelacionfm.cl\/?p=37913' aria-hidden='false' data-av_icon='\ue8fc' data-av_iconfont='entypo-fontello' title='' data-avia-related-tooltip='Compartir en LinkedIn' rel=\"noopener\"><span class='avia_hidden_link_text'>Compartir en LinkedIn<\/span><\/a><\/li><li class='av-share-link av-social-link-mail' ><a  aria-label=\"Compartir por correo\" href='mailto:?subject=Jard%C3%ADn%20infantil%20Junji%2C%20%E2%80%9CTroperitos%20del%20Valle%E2%80%9D%20recibe%20certificaci%C3%B3n%20JIALMA&#038;body=https:\/\/radiorevelacionfm.cl\/?p=37913' aria-hidden='false' data-av_icon='\ue805' data-av_iconfont='entypo-fontello' title='' data-avia-related-tooltip='Compartir por correo'><span class='avia_hidden_link_text'>Compartir por correo<\/span><\/a><\/li><\/ul><\/div><\/div>\n<div  style='height:50px' class='hr hr-invisible   avia-builder-el-8  el_after_av_social_share  el_before_av_comments_list '><span class='hr-inner ' ><span class='hr-inner-style'><\/span><\/span><\/div>\n<div  class='av-buildercomment  av-blog-meta-html-info-disabled av-blog-meta-tag-disabled  '><\/div>\n","protected":false},"excerpt":{"rendered":"","protected":false},"author":1,"featured_media":37914,"comment_status":"open","ping_status":"open","sticky":false,"template":"","format":"standard","meta":{"footnotes":""},"categories":[49],"tags":[],"class_list":["post-37913","post","type-post","status-publish","format-standard","has-post-thumbnail","hentry","category-educacion"],"jetpack_featured_media_url":"https:\/\/radiorevelacionfm.cl\/wp-content\/uploads\/2023\/12\/IMG_6937-2-2.jpg","_links":{"self":[{"href":"https:\/\/radiorevelacionfm.cl\/index.php?rest_route=\/wp\/v2\/posts\/37913","targetHints":{"allow":["GET"]}}],"collection":[{"href":"https:\/\/radiorevelacionfm.cl\/index.php?rest_route=\/wp\/v2\/posts"}],"about":[{"href":"https:\/\/radiorevelacionfm.cl\/index.php?rest_route=\/wp\/v2\/types\/post"}],"author":[{"embeddable":true,"href":"https:\/\/radiorevelacionfm.cl\/index.php?rest_route=\/wp\/v2\/users\/1"}],"replies":[{"embeddable":true,"href":"https:\/\/radiorevelacionfm.cl\/index.php?rest_route=%2Fwp%2Fv2%2Fcomments&post=37913"}],"version-history":[{"count":1,"href":"https:\/\/radiorevelacionfm.cl\/index.php?rest_route=\/wp\/v2\/posts\/37913\/revisions"}],"predecessor-version":[{"id":37915,"href":"https:\/\/radiorevelacionfm.cl\/index.php?rest_route=\/wp\/v2\/posts\/37913\/revisions\/37915"}],"wp:featuredmedia":[{"embeddable":true,"href":"https:\/\/radiorevelacionfm.cl\/index.php?rest_route=\/wp\/v2\/media\/37914"}],"wp:attachment":[{"href":"https:\/\/radiorevelacionfm.cl\/index.php?rest_route=%2Fwp%2Fv2%2Fmedia&parent=37913"}],"wp:term":[{"taxonomy":"category","embeddable":true,"href":"https:\/\/radiorevelacionfm.cl\/index.php?rest_route=%2Fwp%2Fv2%2Fcategories&post=37913"},{"taxonomy":"post_tag","embeddable":true,"href":"https:\/\/radiorevelacionfm.cl\/index.php?rest_route=%2Fwp%2Fv2%2Ftags&post=37913"}],"curies":[{"name":"wp","href":"https:\/\/api.w.org\/{rel}","templated":true}]}}