{"id":37857,"date":"2023-12-11T17:32:14","date_gmt":"2023-12-11T20:32:14","guid":{"rendered":"https:\/\/radiorevelacionfm.cl\/?p=37857"},"modified":"2023-12-11T17:55:01","modified_gmt":"2023-12-11T20:55:01","slug":"vecinos-de-la-balsa-participaron-del-primer-dialogo-comunitario-de-empresas-bahamonde","status":"publish","type":"post","link":"https:\/\/radiorevelacionfm.cl\/?p=37857","title":{"rendered":"Vecinos de La Balsa participaron del primer Di\u00e1logo Comunitario en manejo de residuos"},"content":{"rendered":"<div class=\"flex_column av_one_full  flex_column_div av-zero-column-padding first  avia-builder-el-0  el_before_av_one_full  avia-builder-el-first  \" style='border-radius:0px; '><div  class='avia-image-container  av-styling-    avia-builder-el-1  avia-builder-el-no-sibling  avia-align-center '  itemprop=\"image\" itemscope=\"itemscope\" itemtype=\"https:\/\/schema.org\/ImageObject\"  ><div class='avia-image-container-inner'><div class='avia-image-overlay-wrap'><img decoding=\"async\" class='wp-image-37859 avia-img-lazy-loading-not-37859 avia_image' src=\"https:\/\/radiorevelacionfm.cl\/wp-content\/uploads\/2023\/12\/img-efecdialogo-Bh2-1-1.jpeg\" alt='' title='img-efecdialogo-Bh2 (1) (1)' height=\"600\" width=\"800\"  itemprop=\"thumbnailUrl\" srcset=\"https:\/\/radiorevelacionfm.cl\/wp-content\/uploads\/2023\/12\/img-efecdialogo-Bh2-1-1.jpeg 800w, https:\/\/radiorevelacionfm.cl\/wp-content\/uploads\/2023\/12\/img-efecdialogo-Bh2-1-1-300x225.jpeg 300w, https:\/\/radiorevelacionfm.cl\/wp-content\/uploads\/2023\/12\/img-efecdialogo-Bh2-1-1-768x576.jpeg 768w, https:\/\/radiorevelacionfm.cl\/wp-content\/uploads\/2023\/12\/img-efecdialogo-Bh2-1-1-705x529.jpeg 705w, https:\/\/radiorevelacionfm.cl\/wp-content\/uploads\/2023\/12\/img-efecdialogo-Bh2-1-1-450x338.jpeg 450w, https:\/\/radiorevelacionfm.cl\/wp-content\/uploads\/2023\/12\/img-efecdialogo-Bh2-1-1-600x450.jpeg 600w\" sizes=\"(max-width: 800px) 100vw, 800px\" \/><\/div><\/div><\/div><\/div>\n<div class=\"flex_column av_one_full  flex_column_div av-zero-column-padding first  avia-builder-el-2  el_after_av_one_full  el_before_av_one_full  column-top-margin\" style='border-radius:0px; '><section class=\"av_textblock_section \"  itemscope=\"itemscope\" itemtype=\"https:\/\/schema.org\/BlogPosting\" itemprop=\"blogPost\" ><div class='avia_textblock  '   itemprop=\"text\" ><p style=\"text-align: center;\"><strong><span style=\"font-size: 18pt;\">Vecinos de La Balsa participaron del primer Di\u00e1logo Comunitario en manejo de residuos<\/span><\/strong><\/p>\n<div id=\"gtx-trans\" style=\"position: absolute; left: -50px; top: 4.31534px;\">\n<div class=\"gtx-trans-icon\"><\/div>\n<\/div>\n<\/div><\/section><\/div><div class=\"flex_column av_one_full  flex_column_div av-zero-column-padding first  avia-builder-el-4  el_after_av_one_full  el_before_av_hr  column-top-margin\" style='border-radius:0px; '><section class=\"av_textblock_section \"  itemscope=\"itemscope\" itemtype=\"https:\/\/schema.org\/BlogPosting\" itemprop=\"blogPost\" ><div class='avia_textblock  '   itemprop=\"text\" ><p style=\"text-align: justify;\"><em>El programa busca acercar a la comunidad aysenina distintas tem\u00e1ticas relativas al quehacer de la empresa local.<\/em><\/p>\n<p style=\"text-align: justify;\">Como parte de las iniciativas de Vinculaci\u00f3n con el Medio de Empresas Bahamonde se efectu\u00f3 con los vecinos del sector hist\u00f3rico \u201cLa Balsa\u201d una instancia de comunicaci\u00f3n denominada \u201cDi\u00e1logos comunitarios\u201d en la cual pudieron confluir distintas tem\u00e1ticas para ir en la protecci\u00f3n y cuidado de los trabajadores de la recolecci\u00f3n de residuos domiciliarios de la comuna porte\u00f1a. En este sentido, se abordaron acciones desde el peso m\u00e1ximo permitido (25 kilogramos) hasta la disposici\u00f3n de elementos peligrosos como los vidrios, en el caso de estos \u00faltimos, no deben ser dispuestos en la basura com\u00fan sin una protecci\u00f3n adecuada como un cart\u00f3n que los cubra para evitar accidentes en los trabajadores.<\/p>\n<p style=\"text-align: justify;\">Respecto a estas acciones, la encargada de Vinculaci\u00f3n con el Medio de la empresa aysenina, la Ingeniera en Recursos Naturales Renovables, B\u00e1rbara Weisser Rivera, destac\u00f3 que esta acci\u00f3n seguir\u00e1 replic\u00e1ndose durante el 2024 con distintas tem\u00e1ticas. Adem\u00e1s, la profesional agradeci\u00f3 la participaci\u00f3n de los vecinos y vecinas del sector La Balsa y la disposici\u00f3n mostrada por otras agrupaciones para generar estos encuentros en sus distintas comunidades.<\/p>\n<p style=\"text-align: justify;\">Por su parte, la Prevencionista de Riesgos de Empresas Bahamonde, Jacqueline Obando Paredes, explic\u00f3 que el evento se centr\u00f3 en temas cruciales como la manipulaci\u00f3n manual de carga y la recolecci\u00f3n de residuos domiciliarios. Con ello, destac\u00f3 la positiva respuesta y participaci\u00f3n de los vecinos, lo cual refleja el inter\u00e9s en mejorar la calidad de vida en el sector. Enfatizando, adem\u00e1s, la importancia en el peso l\u00edmite establecido en la recolecci\u00f3n de residuos para proteger la salud y seguridad de los recolectores en su labor diaria.<\/p>\n<p style=\"text-align: justify;\">En tanto, Paola Alvarado, trabajadora social del Programa Quiero Mi Barrio en el sector hist\u00f3rico de Puerto Ays\u00e9n expres\u00f3 que \u201cme parece maravilloso que se est\u00e9n encargando del cuidado, sobre todo de las personas que est\u00e1n trabajando y que muchas veces son invisibilizados por nosotros mismos y esto incluso influye en el tipo de basura botamos o de la forma la botamos. Uno mismo se empieza a cuestionar de qu\u00e9 forma est\u00e1s haciendo las cosas y el hecho de que nosotros podamos, como los vecinos que participaron hoy, ser embajadores de toda la informaci\u00f3n que nos entregaron, me parece maravilloso\u201d.<\/p>\n<p style=\"text-align: justify;\">Finalmente, Ana Luisa Parada, vecina del sector La Balsa explic\u00f3 que \u201cfue interesante, ojal\u00e1 que se haga algo, porque hab\u00edamos conversado en tantas partes y en ninguna parte nos pescan. Yo no las conoc\u00eda a ellas, primera vez, pero estuvo s\u00faper bien, porque hay muchas cosas que yo no lo sab\u00eda y ahora lo aprend\u00ed y otras cosas que yo lo sab\u00eda y ellas me dicen que s\u00ed, que est\u00e1 bien como el abono del pasto y otras cosas. Como digo yo, ojal\u00e1 que se repita y as\u00ed vamos sacando m\u00e1s temas que nos puedan escuchar. A m\u00ed me gusta cuando nos escuchan por los residuos en la calle, los perros y todas esas cosas\u201d, sentenci\u00f3 la reconocida vecina del sector fundacional.<\/p>\n<\/div><\/section><\/div><\/p>\n<div  style='height:50px' class='hr hr-invisible   avia-builder-el-6  el_after_av_one_full  el_before_av_social_share '><span class='hr-inner ' ><span class='hr-inner-style'><\/span><\/span><\/div>\n<div  class='av-social-sharing-box  avia-builder-el-7  el_after_av_hr  el_before_av_hr  '><div class='av-share-box'><h5 class='av-share-link-description av-no-toc '>Compartir esta noticia<\/h5><ul class='av-share-box-list noLightbox'><li class='av-share-link av-social-link-facebook' ><a target=\"_blank\" aria-label=\"Compartir en Facebook\" href='https:\/\/www.facebook.com\/sharer.php?u=https:\/\/radiorevelacionfm.cl\/?p=37857&#038;t=Vecinos%20de%20La%20Balsa%20participaron%20del%20primer%20Di%C3%A1logo%20Comunitario%20en%20manejo%20de%20residuos' aria-hidden='false' data-av_icon='\ue8f3' data-av_iconfont='entypo-fontello' title='' data-avia-related-tooltip='Compartir en Facebook' rel=\"noopener\"><span class='avia_hidden_link_text'>Compartir en Facebook<\/span><\/a><\/li><li class='av-share-link av-social-link-twitter' ><a target=\"_blank\" aria-label=\"Compartir en Twitter\" href='https:\/\/twitter.com\/share?text=Vecinos%20de%20La%20Balsa%20participaron%20del%20primer%20Di%C3%A1logo%20Comunitario%20en%20manejo%20de%20residuos&#038;url=https:\/\/radiorevelacionfm.cl\/?p=37857' aria-hidden='false' data-av_icon='\ue8f1' data-av_iconfont='entypo-fontello' title='' data-avia-related-tooltip='Compartir en Twitter' rel=\"noopener\"><span class='avia_hidden_link_text'>Compartir en Twitter<\/span><\/a><\/li><li class='av-share-link av-social-link-whatsapp' ><a target=\"_blank\" aria-label=\"Compartir en Whatsapp\" href='https:\/\/api.whatsapp.com\/send?text=https:\/\/radiorevelacionfm.cl\/?p=37857' aria-hidden='false' data-av_icon='\uf232' data-av_iconfont='entypo-fontello' title='' data-avia-related-tooltip='Compartir en Whatsapp' rel=\"noopener\"><span class='avia_hidden_link_text'>Compartir en Whatsapp<\/span><\/a><\/li><li class='av-share-link av-social-link-linkedin' ><a target=\"_blank\" aria-label=\"Compartir en LinkedIn\" href='https:\/\/linkedin.com\/shareArticle?mini=true&#038;title=Vecinos%20de%20La%20Balsa%20participaron%20del%20primer%20Di%C3%A1logo%20Comunitario%20en%20manejo%20de%20residuos&#038;url=https:\/\/radiorevelacionfm.cl\/?p=37857' aria-hidden='false' data-av_icon='\ue8fc' data-av_iconfont='entypo-fontello' title='' data-avia-related-tooltip='Compartir en LinkedIn' rel=\"noopener\"><span class='avia_hidden_link_text'>Compartir en LinkedIn<\/span><\/a><\/li><li class='av-share-link av-social-link-mail' ><a  aria-label=\"Compartir por correo\" href='mailto:?subject=Vecinos%20de%20La%20Balsa%20participaron%20del%20primer%20Di%C3%A1logo%20Comunitario%20en%20manejo%20de%20residuos&#038;body=https:\/\/radiorevelacionfm.cl\/?p=37857' aria-hidden='false' data-av_icon='\ue805' data-av_iconfont='entypo-fontello' title='' data-avia-related-tooltip='Compartir por correo'><span class='avia_hidden_link_text'>Compartir por correo<\/span><\/a><\/li><\/ul><\/div><\/div>\n<div  style='height:50px' class='hr hr-invisible   avia-builder-el-8  el_after_av_social_share  el_before_av_comments_list '><span class='hr-inner ' ><span class='hr-inner-style'><\/span><\/span><\/div>\n<div  class='av-buildercomment  av-blog-meta-html-info-disabled av-blog-meta-tag-disabled  '><\/div>\n","protected":false},"excerpt":{"rendered":"","protected":false},"author":1,"featured_media":37859,"comment_status":"open","ping_status":"open","sticky":false,"template":"","format":"standard","meta":{"footnotes":""},"categories":[38],"tags":[],"class_list":["post-37857","post","type-post","status-publish","format-standard","has-post-thumbnail","hentry","category-regional"],"jetpack_featured_media_url":"https:\/\/radiorevelacionfm.cl\/wp-content\/uploads\/2023\/12\/img-efecdialogo-Bh2-1-1.jpeg","_links":{"self":[{"href":"https:\/\/radiorevelacionfm.cl\/index.php?rest_route=\/wp\/v2\/posts\/37857","targetHints":{"allow":["GET"]}}],"collection":[{"href":"https:\/\/radiorevelacionfm.cl\/index.php?rest_route=\/wp\/v2\/posts"}],"about":[{"href":"https:\/\/radiorevelacionfm.cl\/index.php?rest_route=\/wp\/v2\/types\/post"}],"author":[{"embeddable":true,"href":"https:\/\/radiorevelacionfm.cl\/index.php?rest_route=\/wp\/v2\/users\/1"}],"replies":[{"embeddable":true,"href":"https:\/\/radiorevelacionfm.cl\/index.php?rest_route=%2Fwp%2Fv2%2Fcomments&post=37857"}],"version-history":[{"count":3,"href":"https:\/\/radiorevelacionfm.cl\/index.php?rest_route=\/wp\/v2\/posts\/37857\/revisions"}],"predecessor-version":[{"id":37862,"href":"https:\/\/radiorevelacionfm.cl\/index.php?rest_route=\/wp\/v2\/posts\/37857\/revisions\/37862"}],"wp:featuredmedia":[{"embeddable":true,"href":"https:\/\/radiorevelacionfm.cl\/index.php?rest_route=\/wp\/v2\/media\/37859"}],"wp:attachment":[{"href":"https:\/\/radiorevelacionfm.cl\/index.php?rest_route=%2Fwp%2Fv2%2Fmedia&parent=37857"}],"wp:term":[{"taxonomy":"category","embeddable":true,"href":"https:\/\/radiorevelacionfm.cl\/index.php?rest_route=%2Fwp%2Fv2%2Fcategories&post=37857"},{"taxonomy":"post_tag","embeddable":true,"href":"https:\/\/radiorevelacionfm.cl\/index.php?rest_route=%2Fwp%2Fv2%2Ftags&post=37857"}],"curies":[{"name":"wp","href":"https:\/\/api.w.org\/{rel}","templated":true}]}}