{"id":37852,"date":"2023-12-11T16:31:57","date_gmt":"2023-12-11T19:31:57","guid":{"rendered":"https:\/\/radiorevelacionfm.cl\/?p=37852"},"modified":"2023-12-11T16:41:55","modified_gmt":"2023-12-11T19:41:55","slug":"mas-de-12-mil-300-ayseninos-y-ayseninas-recibiran-el-aguinaldo-de-navidad-2023","status":"publish","type":"post","link":"https:\/\/radiorevelacionfm.cl\/?p=37852","title":{"rendered":"M\u00e1s de 12 mil 300  ayseninos y ayseninas recibir\u00e1n el aguinaldo de navidad 2023"},"content":{"rendered":"<div class=\"flex_column av_one_full  flex_column_div av-zero-column-padding first  avia-builder-el-0  el_before_av_one_full  avia-builder-el-first  \" style='border-radius:0px; '><div  class='avia-image-container  av-styling-    avia-builder-el-1  avia-builder-el-no-sibling  avia-align-center '  itemprop=\"image\" itemscope=\"itemscope\" itemtype=\"https:\/\/schema.org\/ImageObject\"  ><div class='avia-image-container-inner'><div class='avia-image-overlay-wrap'><img decoding=\"async\" class='wp-image-37855 avia-img-lazy-loading-not-37855 avia_image' src=\"https:\/\/radiorevelacionfm.cl\/wp-content\/uploads\/2023\/12\/Grafica-prensa_Aguinaldo-Navidad_23-1-1.jpg\" alt='' title='Gr\u00e1fica prensa_Aguinaldo Navidad_23 (1) (1)' height=\"600\" width=\"1067\"  itemprop=\"thumbnailUrl\" srcset=\"https:\/\/radiorevelacionfm.cl\/wp-content\/uploads\/2023\/12\/Grafica-prensa_Aguinaldo-Navidad_23-1-1.jpg 1067w, https:\/\/radiorevelacionfm.cl\/wp-content\/uploads\/2023\/12\/Grafica-prensa_Aguinaldo-Navidad_23-1-1-300x169.jpg 300w, https:\/\/radiorevelacionfm.cl\/wp-content\/uploads\/2023\/12\/Grafica-prensa_Aguinaldo-Navidad_23-1-1-1030x579.jpg 1030w, https:\/\/radiorevelacionfm.cl\/wp-content\/uploads\/2023\/12\/Grafica-prensa_Aguinaldo-Navidad_23-1-1-768x432.jpg 768w, https:\/\/radiorevelacionfm.cl\/wp-content\/uploads\/2023\/12\/Grafica-prensa_Aguinaldo-Navidad_23-1-1-705x396.jpg 705w, https:\/\/radiorevelacionfm.cl\/wp-content\/uploads\/2023\/12\/Grafica-prensa_Aguinaldo-Navidad_23-1-1-450x253.jpg 450w, https:\/\/radiorevelacionfm.cl\/wp-content\/uploads\/2023\/12\/Grafica-prensa_Aguinaldo-Navidad_23-1-1-600x337.jpg 600w\" sizes=\"(max-width: 1067px) 100vw, 1067px\" \/><\/div><\/div><\/div><\/div><div class=\"flex_column av_one_full  flex_column_div av-zero-column-padding first  avia-builder-el-2  el_after_av_one_full  el_before_av_one_full  column-top-margin\" style='border-radius:0px; '><section class=\"av_textblock_section \"  itemscope=\"itemscope\" itemtype=\"https:\/\/schema.org\/BlogPosting\" itemprop=\"blogPost\" ><div class='avia_textblock  '   itemprop=\"text\" ><h2 class=\"title\" style=\"text-align: center;\"><span style=\"font-size: 18pt;\"><strong>M\u00e1s de 12 mil 300\u00a0 ayseninos y ayseninas recibir\u00e1n el aguinaldo de navidad 2023<\/strong><\/span><\/h2>\n<div id=\"gtx-trans\" style=\"position: absolute; left: -50px; top: 4.31534px;\">\n<div class=\"gtx-trans-icon\"><\/div>\n<\/div>\n<\/div><\/section><\/div><\/p>\n<div class=\"flex_column av_one_full  flex_column_div av-zero-column-padding first  avia-builder-el-4  el_after_av_one_full  el_before_av_hr  column-top-margin\" style='border-radius:0px; '><section class=\"av_textblock_section \"  itemscope=\"itemscope\" itemtype=\"https:\/\/schema.org\/BlogPosting\" itemprop=\"blogPost\" ><div class='avia_textblock  '   itemprop=\"text\" ><p style=\"text-align: justify;\"><em>Este a\u00f1o, el monto del beneficio es de $26.734 por pensionado y se incrementar\u00e1 en $15.104 por cada carga familiar acreditada al 30 de noviembre del presente a\u00f1o.<\/em><\/p>\n<p style=\"text-align: justify;\">Un total de 12 mil 369 pensionadas y pensionados del Instituto de Previsi\u00f3n Social (IPS) recibir\u00e1n este a\u00f1o el esperado y tradicional Aguinaldo de Navidad. El beneficio comenz\u00f3 a ser pagado el 1\u00b0 de diciembre y ser\u00e1 recibido por todos los beneficiarios y beneficiarias antes de las fiestas y de manera autom\u00e1tica en sus pensiones.<\/p>\n<p style=\"text-align: justify;\">A nivel nacional, el beneficio llegar\u00e1 a m\u00e1s de 2 millones 940 mil personas, con un esfuerzo fiscal superior a los 79 mil millones de pesos.<\/p>\n<p style=\"text-align: justify;\">En este contexto, el seremi del Trabajo y Previsi\u00f3n Social, Rodrigo D\u00edaz Cordaro, destac\u00f3 la importancia de este ansiado aporte estatal. \u201cTengo una buena noticia, el Aguinaldo de Navidad se comenz\u00f3 a pagar el 1 de diciembre, ir\u00e1 destinado a los m\u00e1s de 12 mil pensionados y pensionadas de la Regi\u00f3n de Ays\u00e9n.\u00a0 Est\u00e1 ser\u00e1 una ayuda directa para ellos, que en la mayor\u00eda de los casos se depositar\u00e1 autom\u00e1ticamente en sus cuentas. Nuestro Gobierno destinar\u00e1 m\u00e1s de $300 millones de pesos para los pensionados y pensionadas con este aguinaldo de Navidad, lo que es muy esperado y ser\u00e1 de gran utilidad para estas fiestas que se aproximan\u201d, enfatiz\u00f3.<\/p>\n<p style=\"text-align: justify;\">Por su parte, la jefa de la sucursal IPS Puerto Ays\u00e9n, Katerina Astudillo Ram\u00edrez, detall\u00f3 los montos del beneficio y del incremento que recibir\u00e1n aquellos pensionados con cargas familiares. \u201cEn esta oportunidad, el monto del beneficio alcanza los <strong>26 mil 734<\/strong> pesos por pensionado. En los casos de aquellos pensionados o pensionadas con cargas familiares acreditadas al 30 de noviembre del a\u00f1o en curso, este monto se incrementar\u00e1 en <strong>15 mil 104 pesos<\/strong> por carga\u201d, explic\u00f3.<\/p>\n<p style=\"text-align: justify;\">Como es tradici\u00f3n, el pago del aguinaldo se har\u00e1 efectivo hasta <strong>antes del 24 de diciembre<\/strong>, para que las personas puedan cobrar previamente sus beneficios. Por ejemplo, si una persona tiene asignado pago para el 4 de diciembre, ese d\u00eda se le paga su pensi\u00f3n junto con su aguinaldo. La fecha de pago asignada se indica en la liquidaci\u00f3n que las personas ya recibieron en noviembre.<\/p>\n<p style=\"text-align: justify;\"><strong>\u00a0<\/strong><\/p>\n<p style=\"text-align: justify;\"><strong>\u00bfQui\u00e9nes reciben el Aguinaldo de Navidad?<\/strong><\/p>\n<p style=\"text-align: justify;\">El beneficio se paga a quienes, al 30 de noviembre de 2023, registren la calidad de pensionadas y pensionados del Instituto de Previsi\u00f3n Social, lo que incluye a las personas con Pensi\u00f3n Garantizada Universal (PGU); de las Cajas de Previsi\u00f3n de Dipreca y Capredena; del Instituto de Seguridad Laboral (ISL) y de las Mutualidades de Empleadores de la Ley N\u00b0 16.744 de Accidentes del Trabajo.<\/p>\n<p style=\"text-align: justify;\">Tambi\u00e9n les corresponde el aguinaldo a los pensionados del Sistema de AFP, siempre que a esa fecha est\u00e9n recibiendo el beneficio de <u>Pensi\u00f3n Garantizada Universal (PGU), Aporte Previsional Solidario (APS) o pensiones m\u00ednimas con Garant\u00eda Estatal<\/u>. \u00a0Se agregan a estos grupos las personas beneficiarias de Subsidio por Discapacidad Mental, F\u00edsica o Sensorial Severa (Ley N\u00b0 21.419).<\/p>\n<p style=\"text-align: justify;\"><strong>Cada persona tiene derecho a un solo aguinaldo<\/strong>, aunque sea beneficiario de dos o m\u00e1s pensiones o beneficios, sean estas pagadas por el IPS o por otras instituciones de seguridad social.<\/p>\n<p style=\"text-align: justify;\">Es importante recordar que las personas beneficiadas no deben realizar ning\u00fan tr\u00e1mite, dado que esta ayuda estatal les llega autom\u00e1ticamente en la fecha de pago que tengan programada para diciembre. Sin embargo, en caso de requerirse m\u00e1s informaci\u00f3n, las personas pueden consultar en los canales de atenci\u00f3n de la red ChileAtiende del Instituto de Previsi\u00f3n Social: redes sociales <strong>@ChileAtiende<\/strong> en Facebook, X (ex Twitter) e Instagram, <strong>www.ips.gob.cl<\/strong>, <strong>www.chileatiende.cl<\/strong> y Call Center 600 440 0040.<\/p>\n<\/div><\/section><\/div>\n<div  style='height:50px' class='hr hr-invisible   avia-builder-el-6  el_after_av_one_full  el_before_av_social_share '><span class='hr-inner ' ><span class='hr-inner-style'><\/span><\/span><\/div>\n<div  class='av-social-sharing-box  avia-builder-el-7  el_after_av_hr  el_before_av_hr  '><div class='av-share-box'><h5 class='av-share-link-description av-no-toc '>Compartir esta noticia<\/h5><ul class='av-share-box-list noLightbox'><li class='av-share-link av-social-link-facebook' ><a target=\"_blank\" aria-label=\"Compartir en Facebook\" href='https:\/\/www.facebook.com\/sharer.php?u=https:\/\/radiorevelacionfm.cl\/?p=37852&#038;t=M%C3%A1s%20de%2012%20mil%20300%20%20ayseninos%20y%20ayseninas%20recibir%C3%A1n%20el%20aguinaldo%20de%20navidad%202023' aria-hidden='false' data-av_icon='\ue8f3' data-av_iconfont='entypo-fontello' title='' data-avia-related-tooltip='Compartir en Facebook' rel=\"noopener\"><span class='avia_hidden_link_text'>Compartir en Facebook<\/span><\/a><\/li><li class='av-share-link av-social-link-twitter' ><a target=\"_blank\" aria-label=\"Compartir en Twitter\" href='https:\/\/twitter.com\/share?text=M%C3%A1s%20de%2012%20mil%20300%20%20ayseninos%20y%20ayseninas%20recibir%C3%A1n%20el%20aguinaldo%20de%20navidad%202023&#038;url=https:\/\/radiorevelacionfm.cl\/?p=37852' aria-hidden='false' data-av_icon='\ue8f1' data-av_iconfont='entypo-fontello' title='' data-avia-related-tooltip='Compartir en Twitter' rel=\"noopener\"><span class='avia_hidden_link_text'>Compartir en Twitter<\/span><\/a><\/li><li class='av-share-link av-social-link-whatsapp' ><a target=\"_blank\" aria-label=\"Compartir en Whatsapp\" href='https:\/\/api.whatsapp.com\/send?text=https:\/\/radiorevelacionfm.cl\/?p=37852' aria-hidden='false' data-av_icon='\uf232' data-av_iconfont='entypo-fontello' title='' data-avia-related-tooltip='Compartir en Whatsapp' rel=\"noopener\"><span class='avia_hidden_link_text'>Compartir en Whatsapp<\/span><\/a><\/li><li class='av-share-link av-social-link-linkedin' ><a target=\"_blank\" aria-label=\"Compartir en LinkedIn\" href='https:\/\/linkedin.com\/shareArticle?mini=true&#038;title=M%C3%A1s%20de%2012%20mil%20300%20%20ayseninos%20y%20ayseninas%20recibir%C3%A1n%20el%20aguinaldo%20de%20navidad%202023&#038;url=https:\/\/radiorevelacionfm.cl\/?p=37852' aria-hidden='false' data-av_icon='\ue8fc' data-av_iconfont='entypo-fontello' title='' data-avia-related-tooltip='Compartir en LinkedIn' rel=\"noopener\"><span class='avia_hidden_link_text'>Compartir en LinkedIn<\/span><\/a><\/li><li class='av-share-link av-social-link-mail' ><a  aria-label=\"Compartir por correo\" href='mailto:?subject=M%C3%A1s%20de%2012%20mil%20300%20%20ayseninos%20y%20ayseninas%20recibir%C3%A1n%20el%20aguinaldo%20de%20navidad%202023&#038;body=https:\/\/radiorevelacionfm.cl\/?p=37852' aria-hidden='false' data-av_icon='\ue805' data-av_iconfont='entypo-fontello' title='' data-avia-related-tooltip='Compartir por correo'><span class='avia_hidden_link_text'>Compartir por correo<\/span><\/a><\/li><\/ul><\/div><\/div>\n<div  style='height:50px' class='hr hr-invisible   avia-builder-el-8  el_after_av_social_share  el_before_av_comments_list '><span class='hr-inner ' ><span class='hr-inner-style'><\/span><\/span><\/div>\n<div  class='av-buildercomment  av-blog-meta-html-info-disabled av-blog-meta-tag-disabled  '><\/div>\n","protected":false},"excerpt":{"rendered":"","protected":false},"author":1,"featured_media":37855,"comment_status":"open","ping_status":"open","sticky":false,"template":"","format":"standard","meta":{"footnotes":""},"categories":[38],"tags":[],"class_list":["post-37852","post","type-post","status-publish","format-standard","has-post-thumbnail","hentry","category-regional"],"jetpack_featured_media_url":"https:\/\/radiorevelacionfm.cl\/wp-content\/uploads\/2023\/12\/Grafica-prensa_Aguinaldo-Navidad_23-1-1.jpg","_links":{"self":[{"href":"https:\/\/radiorevelacionfm.cl\/index.php?rest_route=\/wp\/v2\/posts\/37852","targetHints":{"allow":["GET"]}}],"collection":[{"href":"https:\/\/radiorevelacionfm.cl\/index.php?rest_route=\/wp\/v2\/posts"}],"about":[{"href":"https:\/\/radiorevelacionfm.cl\/index.php?rest_route=\/wp\/v2\/types\/post"}],"author":[{"embeddable":true,"href":"https:\/\/radiorevelacionfm.cl\/index.php?rest_route=\/wp\/v2\/users\/1"}],"replies":[{"embeddable":true,"href":"https:\/\/radiorevelacionfm.cl\/index.php?rest_route=%2Fwp%2Fv2%2Fcomments&post=37852"}],"version-history":[{"count":2,"href":"https:\/\/radiorevelacionfm.cl\/index.php?rest_route=\/wp\/v2\/posts\/37852\/revisions"}],"predecessor-version":[{"id":37856,"href":"https:\/\/radiorevelacionfm.cl\/index.php?rest_route=\/wp\/v2\/posts\/37852\/revisions\/37856"}],"wp:featuredmedia":[{"embeddable":true,"href":"https:\/\/radiorevelacionfm.cl\/index.php?rest_route=\/wp\/v2\/media\/37855"}],"wp:attachment":[{"href":"https:\/\/radiorevelacionfm.cl\/index.php?rest_route=%2Fwp%2Fv2%2Fmedia&parent=37852"}],"wp:term":[{"taxonomy":"category","embeddable":true,"href":"https:\/\/radiorevelacionfm.cl\/index.php?rest_route=%2Fwp%2Fv2%2Fcategories&post=37852"},{"taxonomy":"post_tag","embeddable":true,"href":"https:\/\/radiorevelacionfm.cl\/index.php?rest_route=%2Fwp%2Fv2%2Ftags&post=37852"}],"curies":[{"name":"wp","href":"https:\/\/api.w.org\/{rel}","templated":true}]}}